{"id":790,"date":"2018-02-01T00:00:00","date_gmt":"2018-01-31T22:00:00","guid":{"rendered":"https:\/\/master.k8s.p4.greenpeace.org\/poland\/article\/790\/winni-dewastacji-puszczy-bialowieskiej-pod-sad-organizacje-pozarzadowe-zawiadamiaja-prokurature\/"},"modified":"2025-06-23T16:42:19","modified_gmt":"2025-06-23T14:42:19","slug":"winni-dewastacji-puszczy-bialowieskiej-pod-sad-organizacje-pozarzadowe-zawiadamiaja-prokurature","status":"publish","type":"post","link":"https:\/\/www.greenpeace.org\/poland\/aktualnosci\/790\/winni-dewastacji-puszczy-bialowieskiej-pod-sad-organizacje-pozarzadowe-zawiadamiaja-prokurature\/","title":{"rendered":"Winni dewastacji Puszczy Bia\u0142owieskiej pod s\u0105d. Organizacje pozarz\u0105dowe zawiadamiaj\u0105 prokuratur\u0119"},"content":{"rendered":"<div class=\"leader\" style=\"font-weight: bold; margin-bottom: 12px;\">31 stycznia br. Pracownia na rzecz Wszystkich Istot, Fundacja Greenpeace i Dzika Polska zawiadomi\u0142y prokuratur\u0119 o podejrzeniu pope\u0142nienia przest\u0119pstwa przez jednego z nadle\u015bniczych Puszczy Bia\u0142owieskiej, Grzegorza Bieleckiego z Hajn\u00f3wki. Organizacje zarzucaj\u0105 mu przekroczenie uprawnie\u0144 oraz niedope\u0142nianie obowi\u0105zk\u00f3w w zwi\u0105zku z wycink\u0105 najcenniejszych fragment\u00f3w Puszczy.<\/div>\n<div>\n<p>Decyzje Bieleckiego zdaniem organizacji doprowadzi\u0142y do zniszczenia \u015brodowiska przyrodniczego i istotnie zmniejszy\u0142y warto\u015b\u0107 przyrodnicz\u0105 prawnie chronionego terenu Puszczy Bia\u0142owieskiej.<\/p>\n<p>W 2017 roku Nadle\u015bnictwo Hajn\u00f3wka prawie czterokrotnie przekroczy\u0142o \u015brednie roczne pozyskanie drewna okre\u015blone w planie urz\u0105dzania lasu, wyczerpuj\u0105c tym samym dziesi\u0119cioletni limit przewidziany do 2021 r. W ubieg\u0142ym roku ok 40% drzew wycinanych w nadl. Hajn\u00f3wka pochodzi\u0142o z najcenniejszych drzewostan\u00f3w ponadstuletnich. Tereny te s\u0105 wy\u0142\u0105czone z pozyskiwania drewna na podstawie Planu Zada\u0144 Ochronnych dla Obszaru Natura 2000 Puszcza Bia\u0142owieska. Co kluczowe, PZO nie przewiduje mo\u017cliwo\u015bci wy\u0142\u0105czenia tego zakazu nawet z uwagi na bezpiecze\u0144stwo publiczne. Puszcza\u0144skie drzewostany ponadstuletnie chroni tak\u017ce konwencja UNESCO. To w\u0142a\u015bnie Bielecki podpisa\u0142 si\u0119 pod dokumentami dotycz\u0105cymi wpisania ca\u0142ej Puszczy na list\u0119 \u015bwiatowego dziedzictwa UNESCO, a wi\u0119c \u015bwiadomy by\u0142 wynikaj\u0105cych z tego faktu zobowi\u0105za\u0144 \u2013 zakazu wycinki cennego starodrzewia w III strefie ochronnej UNESCO. \u00a0Tymczasem w swoich wypowiedziach medialnych stara\u0142 si\u0119 przekonywa\u0107, \u017ce ta ratyfikowana przez Polsk\u0119 umowa mi\u0119dzynarodowa jest umow\u0105 cywilnoprawn\u0105 nie konsultowan\u0105 z le\u015bnikami.<\/p>\n<p>Komisja Europejska, naukowcy i organizacje przyrodnicze jednym g\u0142osem informowa\u0142y, \u017ce prowadzona wycinka drzew w Puszczy pod pretekstem walki z kornikiem, narusza prawo unijne, stanowi powa\u017cne zagro\u017cenie dla cennej przyrody, nie jest zgodna z celami ochrony Puszczy, a jej skali nie da si\u0119 uzasadni\u0107 konieczno\u015bci\u0105 zapewnienia bezpiecze\u0144stwa publicznego. Bielecki by\u0142 o tym r\u00f3wnie\u017c kilkukrotnie informowany osobi\u015bcie. Niestety nie wyci\u0105gn\u0105\u0142 z tego \u017cadnych wniosk\u00f3w.<\/p>\n<p>Co gorsza, z nieoficjalnych informacji wynika, \u017ce Grzegorz Bielecki kandyduje na dyrektora Bia\u0142owieskiego Parku Narodowego. Bielecki wielokrotnie stwierdza\u0142, \u017ce wycinka starych \u015bwierk\u00f3w pod pretekstem walki z kornikiem nie jest prowadzeniem dzia\u0142a\u0144 gospodarczych oraz stanowi jedyne dzia\u0142anie, kt\u00f3re mo\u017ce uratowa\u0107 Puszcz\u0119. Istnieje wi\u0119c ogromne niebezpiecze\u0144stwo, \u017ce Bielecki obejmuj\u0105c funkcj\u0119 dyrektora b\u0119dzie wycina\u0142 drzewa pod pretekstem walki z kornikiem tak\u017ce na terenie Bia\u0142owieskiego Parku Narodowego.<\/p>\n<div data-render=\"planet4-blocks\/gallery\" data-attributes=\"{&quot;attributes&quot;:{&quot;gallery_block_style&quot;:0,&quot;gallery_block_title&quot;:&quot;&quot;,&quot;gallery_block_description&quot;:&quot;&quot;,&quot;multiple_image&quot;:&quot;&quot;,&quot;gallery_block_focus_points&quot;:&quot;&quot;,&quot;image_data&quot;:[],&quot;images&quot;:[]}}\"><\/div><\/div>\n\t\t\t<section\n\t\t\tclass=\"boxout post-2962 \"\n\t\t\t\n\t\t>\n\t\t\t<a\n\t\t\t\tdata-ga-category=\"Take Action Boxout\"\n\t\t\t\tdata-ga-action=\"Image\"\n\t\t\t\tdata-ga-label=\"n\/a\"\n\t\t\t\tclass=\"cover-card-overlay\"\n\t\t\t\thref=\"https:\/\/www.greenpeace.org\/poland\/dzialaj-old\/wesprzyj-ochrone-puszczy-bialowieskiej\/\" \n\t\t\t><\/a>\n\t\t\t\t\t\t\t<img\n\t\t\t\t\t\tsrc=\"https:\/\/www.greenpeace.org\/static\/planet4-poland-stateless\/2021\/11\/5d972764-gp0strcba_high_res-1024x683.jpg\"\n\t\t\t\t\t\tsrcset=\"https:\/\/www.greenpeace.org\/static\/planet4-poland-stateless\/2021\/11\/5d972764-gp0strcba_high_res-300x200.jpg 300w, https:\/\/www.greenpeace.org\/static\/planet4-poland-stateless\/2021\/11\/5d972764-gp0strcba_high_res-1024x683.jpg 1024w, https:\/\/www.greenpeace.org\/static\/planet4-poland-stateless\/2021\/11\/5d972764-gp0strcba_high_res-768x512.jpg 768w, https:\/\/www.greenpeace.org\/static\/planet4-poland-stateless\/2021\/11\/5d972764-gp0strcba_high_res-1536x1024.jpg 1536w, https:\/\/www.greenpeace.org\/static\/planet4-poland-stateless\/2021\/11\/5d972764-gp0strcba_high_res-2048x1366.jpg 2048w, https:\/\/www.greenpeace.org\/static\/planet4-poland-stateless\/2021\/11\/5d972764-gp0strcba_high_res-510x340.jpg 510w\"\n\t\t\t\t\t\tsizes=\"(min-width: 1000px) 358px, (min-width: 780px) 313px, 88px\"\n\t\t\t\t\t\talt=\"\" title=\"\"\n\t\t\t\t\/>\n            \t\t\t<div class=\"boxout-content\">\n\t\t\t\t\t\t\t\t\t<a\n\t\t\t\t\t\tclass=\"boxout-heading medium\"\n\t\t\t\t\t\tdata-ga-category=\"Take Action Boxout\"\n\t\t\t\t\t\tdata-ga-action=\"Title\"\n\t\t\t\t\t\tdata-ga-label=\"n\/a\"\n\t\t\t\t\t\thref=\"https:\/\/www.greenpeace.org\/poland\/dzialaj-old\/wesprzyj-ochrone-puszczy-bialowieskiej\/\"\n\t\t\t\t\t\t\n\t\t\t\t\t>\n\t\t\t\t\t\tWesprzyj ochron\u0119 ostatnich dzikich las\u00f3w\n\t\t\t\t\t<\/a>\n\t\t\t\t\t\t\t\t\t\t\t\t\t<p class=\"boxout-excerpt\">Chro\u0144 z nami Puszcz\u0119 Bia\u0142owiesk\u0105, lasy Karpat i inne stare i cenne przyrodniczo lasy w Polsce i na \u015bwiecie!<\/p>\n\t\t\t\t                                    <a\n                        class=\"btn btn-primary\"\n                        data-ga-category=\"Take Action Boxout\"\n                        data-ga-action=\"Call to Action\"\n                        data-ga-label=\"n\/a\"\n                        href=\"https:\/\/www.greenpeace.org\/poland\/dzialaj-old\/wesprzyj-ochrone-puszczy-bialowieskiej\/\"\n                        \n                    >\n                        Wesprzyj!\n                    <\/a>\n                \t\t\t<\/div>\n\t\t\t\t\t<\/section>\n\t","protected":false},"excerpt":{"rendered":"<div>\n\t31 stycznia br. Pracownia na rzecz Wszystkich Istot, Fundacja Greenpeace i Dzika Polska zawiadomi\u0142y prokuratur\u0119 o podejrzeniu pope\u0142nienia przest\u0119pstwa przez jednego z nadle\u015bniczych Puszczy Bia\u0142owieskiej, Grzegorza Bieleckiego z Hajn\u00f3wki. Organizacje zarzucaj\u0105 mu przekroczenie uprawnie\u0144 oraz niedope\u0142nianie obowi\u0105zk\u00f3w w zwi\u0105zku z wycink\u0105 najcenniejszych fragment\u00f3w Puszczy.\n<\/div>\n","protected":false},"author":28,"featured_media":2602,"comment_status":"closed","ping_status":"closed","sticky":false,"template":"","format":"standard","meta":{"ep_exclude_from_search":false,"p4_og_title":"","p4_og_description":"","p4_og_image":"","p4_og_image_id":"","p4_seo_canonical_url":"","p4_campaign_name":"","p4_local_project":"","p4_basket_name":"","p4_department":"","footnotes":""},"categories":[3],"tags":[22],"p4-page-type":[14],"class_list":["post-790","post","type-post","status-publish","format-standard","has-post-thumbnail","hentry","category-przyroda","tag-puszcza-bialowieska","p4-page-type-aktualnosci"],"_links":{"self":[{"href":"https:\/\/www.greenpeace.org\/poland\/wp-json\/wp\/v2\/posts\/790","targetHints":{"allow":["GET"]}}],"collection":[{"href":"https:\/\/www.greenpeace.org\/poland\/wp-json\/wp\/v2\/posts"}],"about":[{"href":"https:\/\/www.greenpeace.org\/poland\/wp-json\/wp\/v2\/types\/post"}],"author":[{"embeddable":true,"href":"https:\/\/www.greenpeace.org\/poland\/wp-json\/wp\/v2\/users\/28"}],"replies":[{"embeddable":true,"href":"https:\/\/www.greenpeace.org\/poland\/wp-json\/wp\/v2\/comments?post=790"}],"version-history":[{"count":6,"href":"https:\/\/www.greenpeace.org\/poland\/wp-json\/wp\/v2\/posts\/790\/revisions"}],"predecessor-version":[{"id":36989,"href":"https:\/\/www.greenpeace.org\/poland\/wp-json\/wp\/v2\/posts\/790\/revisions\/36989"}],"wp:featuredmedia":[{"embeddable":true,"href":"https:\/\/www.greenpeace.org\/poland\/wp-json\/wp\/v2\/media\/2602"}],"wp:attachment":[{"href":"https:\/\/www.greenpeace.org\/poland\/wp-json\/wp\/v2\/media?parent=790"}],"wp:term":[{"taxonomy":"category","embeddable":true,"href":"https:\/\/www.greenpeace.org\/poland\/wp-json\/wp\/v2\/categories?post=790"},{"taxonomy":"post_tag","embeddable":true,"href":"https:\/\/www.greenpeace.org\/poland\/wp-json\/wp\/v2\/tags?post=790"},{"taxonomy":"p4-page-type","embeddable":true,"href":"https:\/\/www.greenpeace.org\/poland\/wp-json\/wp\/v2\/p4-page-type?post=790"}],"curies":[{"name":"wp","href":"https:\/\/api.w.org\/{rel}","templated":true}]}}