{"id":799,"date":"2012-08-28T00:00:00","date_gmt":"2012-08-27T22:00:00","guid":{"rendered":"https:\/\/master.k8s.p4.greenpeace.org\/poland\/article\/799\/koniec-akcji-greenpeace-opuszcza-platforme-gazpromu\/"},"modified":"2023-05-25T12:58:43","modified_gmt":"2023-05-25T10:58:43","slug":"koniec-akcji-greenpeace-opuszcza-platforme-gazpromu","status":"publish","type":"post","link":"https:\/\/www.greenpeace.org\/poland\/aktualnosci\/799\/koniec-akcji-greenpeace-opuszcza-platforme-gazpromu\/","title":{"rendered":"Koniec akcji \u2013 Greenpeace opuszcza platform\u0119 Gazpromu"},"content":{"rendered":"\n<p>Aktywi\u015bci Greenpeace, kt\u00f3rzy od pi\u0105tku blokowali prace na platformie Gazpromu Priraz\u0142omnaja, ko\u0144cz\u0105 protest. Statek Greenpeace uda si\u0119 teraz na badania topniej\u0105cego lodu Arktyki, o kt\u00f3rym alarmuj\u0105 dzi\u015b ameryka\u0144ski naukowcy.<\/p>\n\n<figure class=\"wp-block-image alignleft\"><img decoding=\"async\" src=\"https:\/\/www.greenpeace.org\/static\/planet4-poland-stateless\/2019\/06\/52cdd245-52cdd245-gp04834_layout.jpg\" alt=\"\"\/><\/figure>\n\n<p><a href=\"https:\/\/www.greenpeace.org\/static\/planet4-poland-stateless\/2019\/06\/52cdd245-52cdd245-gp04834_layout.jpg\"><\/a>Kilkunastu cz\u0142onk\u00f3w Greenpeace, w tym dyrektor generalny organizacji Kumi Naidoo, przez 5 dni skutecznie utrudnia\u0142o prace nad sko\u0144czeniem pierwszej platformy Gazpromu przeznaczonej do prowadzenia odwiert\u00f3w na morzu w warunkach arktycznych. Na pocz\u0105tku aktywi\u015bci blokowali sam\u0105 platform\u0119, a nast\u0119pnie statek \u2013 sypialni\u0119 Ann\u0119 Achmatow\u0105, kt\u00f3ry codziennie dowozi tam pracownik\u00f3w. Ubieg\u0142ej nocy przeprowadzono ostatni\u0105 akcj\u0119 \u2013 dw\u00f3ch aktywist\u00f3w przypi\u0119\u0142o \u0142odzie motorowe do lin holowniczych \u0142\u0105cz\u0105cych platform\u0119 Priraz\u0142omnaja z Ann\u0105 Achmatow\u0105 aby uniemo\u017cliwi\u0107 pracownikom wej\u015bcie na pok\u0142ad. Za\u0142oga statku kontynuowa\u0142a jednak cumowanie, wyrzucaj\u0105c w ten spos\u00f3b w powietrze \u0142odzie Greenpeace i str\u0105caj\u0105c aktywist\u00f3w do lodowatej wody.\u00a0Rosyjska stra\u017c przybrze\u017cna pozostaje w pobli\u017cu ale nie interweniuje pomimo kilku pr\u00f3\u015bb z platformy Priraz\u0142omnaja. \u00a0<\/p>\n\n<p>Celem Greenpeace by\u0142o zaalarmowanie \u015bwiatowej opinii publicznej, \u017ce eksploatacja z\u0142\u00f3\u017c Arktyki wi\u0105\u017ce si\u0119 z ogromnym niebezpiecze\u0144stwem wycieku ropy, a co za tym idzie mo\u017ce spowodowa\u0107 katastrof\u0119 ekologiczn\u0105 w tym wra\u017cliwym regionie. Greenpeace przedstawi\u0142 r\u00f3wnie\u017c analizy wskazuj\u0105ce, \u017ce firma Gazprom jest zupe\u0142nie nieprzygotowana na radzenie sobie z takim wypadkiem. Zdaniem Greenpeace cel akcji zosta\u0142 osi\u0105gni\u0119ty.&nbsp;<\/p>\n\n<p>Zako\u0144czenie akcji zbieg\u0142o si\u0119 w czasie z opublikowaniem przez US National Snow and Ice Data Centre informacji o tym, \u017ce l\u00f3d Arktyki topi si\u0119 szybciej ni\u017c przewidywano. Ameryka\u0144scy eksperci alarmuj\u0105, \u017ce w\u0142a\u015bnie w tej chwili pada kolejny, smutny rekord \u2013 przed dwoma dniami pokrywa lodowa w lecie zmniejszy\u0142a si\u0119 do 4,1 mln km\u02db, to jest o 70,000 km\u02db mniej ni\u017c wynosi\u0142 poprzedni rekordowo niski poziom z 2007 roku. Naukowcy oceniaj\u0105, \u017ce w 70% jest to spowodowane spalaniem paliw kopalnych przez cz\u0142owieka. Gdy zniknie l\u00f3d, atmosfera Ziemi b\u0119dzie ociepla\u0107 si\u0119 jeszcze szybciej ni\u017c ma to miejsce obecnie, co grozi jeszcze powa\u017cniejszymi anomaliami\u00a0pogodowymi (<a rel=\"noreferrer noopener\" href=\"http:\/\/www.bbc.co.uk\/news\/science-environment-19391211\" target=\"_blank\">link do materia\u0142u BBC<\/a>).\u00a0<\/p>\n\n<p><em>\u201eBycie tu akurat dzi\u015b, gdy naukowcy alarmuj\u0105, \u017ce pokrywa lodowa Arktyki w lecie zmniejsza si\u0119 w zastraszaj\u0105cym tempie, to bycie w odpowiednim miejscu o odpowiedniej porze. Pora\u017caj\u0105ca jest arogancja koncern\u00f3w paliwowych, kt\u00f3re przymierzaj\u0105 si\u0119 do eksploatacji Arktyki w tak kluczowym, historycznym momencie. W\u0142a\u015bnie w tej chwili firmy Gazprom i Shell powinny ockn\u0105\u0107 si\u0119 i zaprzesta\u0107 plan\u00f3w dalszego pl\u0105drowania dalekiej p\u00f3\u0142nocy\u201d<\/em>, powiedzia\u0142 Kumii Naidoo, po zako\u0144czeniu akcji. &nbsp; &nbsp;&nbsp;<\/p>\n\n<p>Statek Greenpeace \u2013 Arctic Sunrise uda si\u0119 teraz na ekspedycj\u0119 do Svalbardu (norweska prowincja w Arktyce), gdzie grupa naukowc\u00f3w b\u0119dzie dokumentowa\u0107 rekordowo niski poziom lodu.&nbsp;<\/p>\n","protected":false},"excerpt":{"rendered":"<div>\n\tAktywi\u015bci Greenpeace, kt\u00f3rzy od pi\u0105tku blokowali prace na platformie Gazpromu Priraz\u0142omnaja, ko\u0144cz\u0105 protest. Statek Greenpeace uda si\u0119 teraz na badania topniej\u0105cego lodu Arktyki, o kt\u00f3rym alarmuj\u0105 dzi\u015b ameryka\u0144ski naukowcy.\n<\/div>\n","protected":false},"author":28,"featured_media":800,"comment_status":"closed","ping_status":"closed","sticky":false,"template":"","format":"standard","meta":{"ep_exclude_from_search":false,"p4_og_title":"","p4_og_description":"","p4_og_image":"","p4_og_image_id":"","p4_seo_canonical_url":"","p4_campaign_name":"","p4_local_project":"","p4_basket_name":"","p4_department":"","footnotes":""},"categories":[2],"tags":[25,24],"p4-page-type":[14],"class_list":["post-799","post","type-post","status-publish","format-standard","has-post-thumbnail","hentry","category-klimat-energia","tag-paliwakopalne","tag-aktywizm","p4-page-type-aktualnosci"],"_links":{"self":[{"href":"https:\/\/www.greenpeace.org\/poland\/wp-json\/wp\/v2\/posts\/799","targetHints":{"allow":["GET"]}}],"collection":[{"href":"https:\/\/www.greenpeace.org\/poland\/wp-json\/wp\/v2\/posts"}],"about":[{"href":"https:\/\/www.greenpeace.org\/poland\/wp-json\/wp\/v2\/types\/post"}],"author":[{"embeddable":true,"href":"https:\/\/www.greenpeace.org\/poland\/wp-json\/wp\/v2\/users\/28"}],"replies":[{"embeddable":true,"href":"https:\/\/www.greenpeace.org\/poland\/wp-json\/wp\/v2\/comments?post=799"}],"version-history":[{"count":3,"href":"https:\/\/www.greenpeace.org\/poland\/wp-json\/wp\/v2\/posts\/799\/revisions"}],"predecessor-version":[{"id":32945,"href":"https:\/\/www.greenpeace.org\/poland\/wp-json\/wp\/v2\/posts\/799\/revisions\/32945"}],"wp:featuredmedia":[{"embeddable":true,"href":"https:\/\/www.greenpeace.org\/poland\/wp-json\/wp\/v2\/media\/800"}],"wp:attachment":[{"href":"https:\/\/www.greenpeace.org\/poland\/wp-json\/wp\/v2\/media?parent=799"}],"wp:term":[{"taxonomy":"category","embeddable":true,"href":"https:\/\/www.greenpeace.org\/poland\/wp-json\/wp\/v2\/categories?post=799"},{"taxonomy":"post_tag","embeddable":true,"href":"https:\/\/www.greenpeace.org\/poland\/wp-json\/wp\/v2\/tags?post=799"},{"taxonomy":"p4-page-type","embeddable":true,"href":"https:\/\/www.greenpeace.org\/poland\/wp-json\/wp\/v2\/p4-page-type?post=799"}],"curies":[{"name":"wp","href":"https:\/\/api.w.org\/{rel}","templated":true}]}}