{"id":81301,"date":"2026-04-30T12:41:37","date_gmt":"2026-04-30T10:41:37","guid":{"rendered":"https:\/\/www.greenpeace.org\/poland\/?p=81301"},"modified":"2026-04-30T12:41:41","modified_gmt":"2026-04-30T10:41:41","slug":"komisja-europejska-rozpoczyna-procedure-przeciwko-polsce-w-zwiazku-z-katastrofa-w-odrze","status":"publish","type":"post","link":"https:\/\/www.greenpeace.org\/poland\/aktualnosci\/81301\/komisja-europejska-rozpoczyna-procedure-przeciwko-polsce-w-zwiazku-z-katastrofa-w-odrze\/","title":{"rendered":"Komisja Europejska rozpoczyna procedur\u0119 przeciwko Polsce w zwi\u0105zku z katastrof\u0105 w Odrze"},"content":{"rendered":"\n<p>Komisja Europejska potwierdzi\u0142a, \u017ce Polska nie podj\u0119\u0142a odpowiednich krok\u00f3w w sprawie odbudowy zniszczonego ekosystemu Odry po katastrofie z 2022 r., \u0142ami\u0105c w ten spos\u00f3b prawo. Komisja da\u0142a polskiemu rz\u0105dowi dwa miesi\u0105ce na podj\u0119cie dzia\u0142a\u0144. Je\u017celi polski rz\u0105d nie zareaguje odpowiednio, Komisja mo\u017ce przekaza\u0107 spraw\u0119 do Trybuna\u0142u Sprawiedliwo\u015bci Unii Europejskiej, kt\u00f3ry w ostateczno\u015bci mo\u017ce na\u0142o\u017cy\u0107 na Polsk\u0119 dotkliwe kary finansowe. Jednym z kluczowych problem\u00f3w na kt\u00f3re zwr\u00f3ci\u0142a uwag\u0119 Komisja jest to, \u017ce do Odry wci\u0105\u017c spuszczane s\u0105 zasolone \u015bcieki ze \u015bl\u0105skich kopal\u0144 w\u0119gla. Podkre\u015bli\u0142a te\u017c, \u017ce polski rz\u0105d wyda\u0142 na to zgod\u0119, chocia\u017c jest \u015bwiadomy, \u017ce zasolenie jest jednym z g\u0142\u00f3wnych powod\u00f3w zakwitu z\u0142otej algi, kt\u00f3ra spowodowa\u0142a katastrof\u0119 w 2022 r. To w\u0142a\u015bnie zagro\u017cenie, jako jedna z pierwszych zbada\u0142a Fundacja Greenpeace. Od tego czasu Greenpeace podj\u0105\u0142 szereg dzia\u0142a\u0144 na rzecz nag\u0142o\u015bnienia tego procederu oraz ograniczenia zrzut\u00f3w zasolonych \u015bciek\u00f3w do dop\u0142yw\u00f3w Odry. W 2024 roku grupa dziesi\u0119ciu os\u00f3b zwi\u0105zanych z Greenpeace wspierana przez prawnik\u00f3w z Frank Bold z\u0142o\u017cy\u0142a skargi do Komisji Europejskiej na naruszenie unijnego prawa w zakresie ochrony polskich rzek. Aktywistki i aktywi\u015bci podkre\u015blali, \u017ce pomimo podj\u0119cia wielu dzia\u0142a\u0144 ze strony organizacji spo\u0142ecznych, instytucje rz\u0105dowe nie zrobi\u0142y nic, by ograniczy\u0107 olbrzymie zrzuty soli do dop\u0142yw\u00f3w najwi\u0119kszych polskich rzek.<\/p>\n\n<p>&#8211;  W 2022 r. na w\u0142asne oczy widzieli\u015bmy jak umiera niemal\u017ce ca\u0142e \u017cycie w Odrze. Nie mo\u017cemy dopu\u015bci\u0107 do tego, aby to si\u0119 powt\u00f3rzy\u0142o. A podobna kl\u0119ska grozi nie tylko tej rzece, ale r\u00f3wnie\u017c Wi\u015ble. Kopalnie ci\u0105gle spuszczaj\u0105 do ich dop\u0142yw\u00f3w solanki, kt\u00f3re w ka\u017cdej chwili mog\u0105 doprowadzi\u0107 do niekontrolowanego zakwitu z\u0142otej algi. Mamy susz\u0119, wody w rzekach jest wyj\u0105tkowo ma\u0142o a to tylko podnosi ryzyko kolejnej katastrofy. Po czterech latach od tragedii Odra wci\u0105\u017c si\u0119 nie odrodzi\u0142a. Rz\u0105d w ko\u0144cu musi pos\u0142ucha\u0107 g\u0142osu przyrodnik\u00f3w, naukowc\u00f3w a tak\u017ce spo\u0142ecze\u0144stwa, kt\u00f3re chce korzysta\u0107 z dobrodziejstw naszych rzek. W pierwszej kolejno\u015bci musz\u0105 pilnie ograniczy\u0107 zrzut zasolonych \u015bciek\u00f3w z kopal\u0144. Komisja Europejska tylko to potwierdza &#8211; sko\u0144czy\u0142 si\u0119 czas zaklinania rzeczywisto\u015bci &#8211; trzeba dzia\u0142a\u0107 tu i teraz! &#8211; powiedzia\u0142a Aleksandra Wiktor z Greenpeace.<\/p>\n\n<p>Jako Frank Bold z satysfakcj\u0105 przyjmujemy decyzj\u0119 Komisji Europejskiej o wszcz\u0119ciu post\u0119powania naruszeniowego i przychylenia si\u0119 do argument\u00f3w, kt\u00f3re organizacje ekologiczne podnosi\u0142y od pocz\u0105tku bezprecedensowej katastrofy ekologicznej na Odrze. Procedura przyznawania odst\u0119pstw dla kopal\u0144 w\u0119gla kamiennego na zrzuty zasolonych \u015bciek\u00f3w by\u0142a od pocz\u0105tku wadliwa i niezgodna z prawem. Dobrze, \u017ce te nieprawid\u0142owo\u015bci zosta\u0142y dostrze\u017cone na poziomie unijnym. Mamy nadziej\u0119, \u017ce to pomo\u017ce nam unikn\u0105\u0107 takich katastrof w przysz\u0142o\u015bci, np. na Wi\u015ble &#8211; m\u00f3wi Dominika Bobek, radczyni prawna Frank Bold.<\/p>\n","protected":false},"excerpt":{"rendered":"<p>Komisja Europejska potwierdzi\u0142a, \u017ce Polska nie podj\u0119\u0142a odpowiednich krok\u00f3w w sprawie odbudowy zniszczonego ekosystemu Odry po katastrofie z 2022 r., \u0142ami\u0105c w ten spos\u00f3b unijne prawo. Komisja da\u0142a polskiemu rz\u0105dowi&hellip;<\/p>\n","protected":false},"author":32,"featured_media":81302,"comment_status":"closed","ping_status":"open","sticky":false,"template":"","format":"standard","meta":{"ep_exclude_from_search":false,"p4_og_title":"","p4_og_description":"","p4_og_image":"https:\/\/www.greenpeace.org\/static\/planet4-poland-stateless\/2026\/04\/9a5b3c1b-download.jpg","p4_og_image_id":"81302","p4_seo_canonical_url":"","p4_campaign_name":"","p4_local_project":"","p4_basket_name":"","p4_department":"","footnotes":""},"categories":[3],"tags":[20],"p4-page-type":[14],"class_list":["post-81301","post","type-post","status-publish","format-standard","has-post-thumbnail","hentry","category-przyroda","tag-morza","p4-page-type-aktualnosci"],"_links":{"self":[{"href":"https:\/\/www.greenpeace.org\/poland\/wp-json\/wp\/v2\/posts\/81301","targetHints":{"allow":["GET"]}}],"collection":[{"href":"https:\/\/www.greenpeace.org\/poland\/wp-json\/wp\/v2\/posts"}],"about":[{"href":"https:\/\/www.greenpeace.org\/poland\/wp-json\/wp\/v2\/types\/post"}],"author":[{"embeddable":true,"href":"https:\/\/www.greenpeace.org\/poland\/wp-json\/wp\/v2\/users\/32"}],"replies":[{"embeddable":true,"href":"https:\/\/www.greenpeace.org\/poland\/wp-json\/wp\/v2\/comments?post=81301"}],"version-history":[{"count":1,"href":"https:\/\/www.greenpeace.org\/poland\/wp-json\/wp\/v2\/posts\/81301\/revisions"}],"predecessor-version":[{"id":81303,"href":"https:\/\/www.greenpeace.org\/poland\/wp-json\/wp\/v2\/posts\/81301\/revisions\/81303"}],"wp:featuredmedia":[{"embeddable":true,"href":"https:\/\/www.greenpeace.org\/poland\/wp-json\/wp\/v2\/media\/81302"}],"wp:attachment":[{"href":"https:\/\/www.greenpeace.org\/poland\/wp-json\/wp\/v2\/media?parent=81301"}],"wp:term":[{"taxonomy":"category","embeddable":true,"href":"https:\/\/www.greenpeace.org\/poland\/wp-json\/wp\/v2\/categories?post=81301"},{"taxonomy":"post_tag","embeddable":true,"href":"https:\/\/www.greenpeace.org\/poland\/wp-json\/wp\/v2\/tags?post=81301"},{"taxonomy":"p4-page-type","embeddable":true,"href":"https:\/\/www.greenpeace.org\/poland\/wp-json\/wp\/v2\/p4-page-type?post=81301"}],"curies":[{"name":"wp","href":"https:\/\/api.w.org\/{rel}","templated":true}]}}