{"id":82796,"date":"2026-09-04T15:45:45","date_gmt":"2026-09-04T13:45:45","guid":{"rendered":"https:\/\/www.greenpeace.org\/poland\/?p=82796"},"modified":"2026-09-04T15:45:48","modified_gmt":"2026-09-04T13:45:48","slug":"wielkie-wyzwania-przed-nastepca-mikolaja-dorozaly","status":"publish","type":"post","link":"https:\/\/www.greenpeace.org\/poland\/aktualnosci\/82796\/wielkie-wyzwania-przed-nastepca-mikolaja-dorozaly\/","title":{"rendered":"Wielkie wyzwania przed nast\u0119pc\u0105 Miko\u0142aja Doro\u017ca\u0142y"},"content":{"rendered":"\n<p class=\"wp-block-paragraph\"><strong>Miko\u0142aj Doro\u017ca\u0142a z\u0142o\u017cy\u0142 rezygnacj\u0119 ze stanowiska wiceministra ds. las\u00f3w i G\u0142\u00f3wnego Konserwatora Przyrody. Doro\u017cale uda\u0142o si\u0119 za\u0142atwi\u0107 wi\u0119cej spraw ni\u017c poprzednikom, ale przed jego nast\u0119pc\u0105 s\u0105 wci\u0105\u017c wielkie wyzwania. Przede wszystkim musi spe\u0142ni\u0107 g\u0142\u00f3wn\u0105 przyrodnicz\u0105 obietnic\u0119 rz\u0105du Donalda Tuska, czyli 20% las\u00f3w wolnych od pi\u0142 \u2014 komentuje Marek J\u00f3zefiak, rzecznik i ekspert ds. polityki ekologicznej w Greenpeace Polska.&nbsp;<\/strong><\/p>\n\n<p class=\"wp-block-paragraph\">Do tej pory ta obietnica jest zrealizowana zaledwie w jednej czwartej. Najlepiej by\u0142oby gdyby nowy wiceminister zacz\u0105\u0142 od utrwalenia ochrony las\u00f3w, kt\u00f3re od stycznia 2024 r. obj\u0119te s\u0105 tymczasowym wstrzymaniem wycinek i obj\u0105\u0142 ochron\u0105 planowane parki narodowe. Ich mapy s\u0105 gotowe i nie ma si\u0119 co tutaj zastanawia\u0107 &#8211; mowa cho\u0107by o Puszczy Karpackiej w Bieszczadach i Beskidzie \u017bywieckim czy te\u017c o Puszczy Boreckiej na Mazurach.&nbsp;<\/p>\n\n<p class=\"wp-block-paragraph\">Kolejnym wielkim wyzwaniem jest reforma Las\u00f3w Pa\u0144stwowych. Chodzi przede wszystkim o zapewnienie kontroli spo\u0142ecznej nad planami wycinek, tzw. PUL-ami, co rz\u0105d obieca\u0142 i co wynika wprost z wyroku Trybuna\u0142u Sprawiedliwo\u015bci Unii Europejskiej z 2023 roku. Organizacje spo\u0142eczne powinny m\u00f3c domaga\u0107 si\u0119 przed s\u0105dem merytorycznego zbadania plan\u00f3w urz\u0105dzenie lasu. Je\u015bli rz\u0105d szybko nie zapewni realnej kontroli s\u0105dowej nad planami wycinek gro\u017c\u0105 nam dotkliwe kary. Trzeba te\u017c zreformowa\u0107 finanse Las\u00f3w Pa\u0144stwowych &#8211; tak, aby pieni\u0105dze ze sprzeda\u017cy drewna zacz\u0119\u0142y wreszcie wspiera\u0107 polskie parki narodowe i inne instytucje ochrony przyrody. Ustawa jest gotowa, trzeba j\u0105 przeprowadzi\u0107 przez parlament.&nbsp;&nbsp;&nbsp;<\/p>\n\n<p class=\"wp-block-paragraph\">Miko\u0142aj Doro\u017ca\u0142a dokona\u0142 dla przyrody du\u017co wi\u0119cej ni\u017c jego poprzednicy na tym stanowisku. Przede wszystkim uda\u0142o mu si\u0119 obj\u0105\u0107 trwa\u0142\u0105 ochron\u0105 Puszcz\u0119 Bia\u0142owiesk\u0105 i odblokowa\u0142 tworzenie rezerwat\u00f3w przyrody. Mia\u0142 r\u00f3wnie\u017c udzia\u0142 w stworzeniu subwencji ekologicznej, dzi\u0119ki czemu do samorz\u0105d\u00f3w, kt\u00f3re chroni\u0105 per\u0142y polskiej przyrody zacz\u0119\u0142y p\u0142yn\u0105\u0107 konkretne pieni\u0105dze. To spore osi\u0105gni\u0119cia, ale to wci\u0105\u017c zdecydowanie za ma\u0142o bior\u0105c pod uwag\u0119&nbsp; oczekiwania spo\u0142eczne i potrzeby ochrony polskiej przyrody. Nowa osoba na tym stanowisku musi doprowadzi\u0107 do fina\u0142u reformy, kt\u00f3rych wiceministrowi Doro\u017cale nie uda\u0142o si\u0119 doprowadzi\u0107 do ko\u0144ca.&nbsp;<\/p>\n\n<p class=\"wp-block-paragraph\"><\/p>\n","protected":false},"excerpt":{"rendered":"<p>Miko\u0142aj Doro\u017ca\u0142a z\u0142o\u017cy\u0142 rezygnacj\u0119 ze stanowiska wiceministra ds. las\u00f3w i G\u0142\u00f3wnego Konserwatora Przyrody. Doro\u017cale uda\u0142o si\u0119 za\u0142atwi\u0107 wi\u0119cej spraw ni\u017c poprzednikom, ale przed jego nast\u0119pc\u0105 s\u0105 wci\u0105\u017c wielkie wyzwania. Przede&hellip;<\/p>\n","protected":false},"author":37,"featured_media":82797,"comment_status":"closed","ping_status":"open","sticky":false,"template":"","format":"standard","meta":{"ep_exclude_from_search":false,"p4_og_title":"","p4_og_description":"","p4_og_image":"","p4_og_image_id":"","p4_seo_canonical_url":"","p4_campaign_name":"","p4_local_project":"","p4_basket_name":"","p4_department":"","footnotes":""},"categories":[3],"tags":[19,26],"p4-page-type":[14],"class_list":["post-82796","post","type-post","status-publish","format-standard","has-post-thumbnail","hentry","category-przyroda","tag-lasy","tag-ochrona-przyrody","p4-page-type-aktualnosci"],"_links":{"self":[{"href":"https:\/\/www.greenpeace.org\/poland\/wp-json\/wp\/v2\/posts\/82796","targetHints":{"allow":["GET"]}}],"collection":[{"href":"https:\/\/www.greenpeace.org\/poland\/wp-json\/wp\/v2\/posts"}],"about":[{"href":"https:\/\/www.greenpeace.org\/poland\/wp-json\/wp\/v2\/types\/post"}],"author":[{"embeddable":true,"href":"https:\/\/www.greenpeace.org\/poland\/wp-json\/wp\/v2\/users\/37"}],"replies":[{"embeddable":true,"href":"https:\/\/www.greenpeace.org\/poland\/wp-json\/wp\/v2\/comments?post=82796"}],"version-history":[{"count":1,"href":"https:\/\/www.greenpeace.org\/poland\/wp-json\/wp\/v2\/posts\/82796\/revisions"}],"predecessor-version":[{"id":82798,"href":"https:\/\/www.greenpeace.org\/poland\/wp-json\/wp\/v2\/posts\/82796\/revisions\/82798"}],"wp:featuredmedia":[{"embeddable":true,"href":"https:\/\/www.greenpeace.org\/poland\/wp-json\/wp\/v2\/media\/82797"}],"wp:attachment":[{"href":"https:\/\/www.greenpeace.org\/poland\/wp-json\/wp\/v2\/media?parent=82796"}],"wp:term":[{"taxonomy":"category","embeddable":true,"href":"https:\/\/www.greenpeace.org\/poland\/wp-json\/wp\/v2\/categories?post=82796"},{"taxonomy":"post_tag","embeddable":true,"href":"https:\/\/www.greenpeace.org\/poland\/wp-json\/wp\/v2\/tags?post=82796"},{"taxonomy":"p4-page-type","embeddable":true,"href":"https:\/\/www.greenpeace.org\/poland\/wp-json\/wp\/v2\/p4-page-type?post=82796"}],"curies":[{"name":"wp","href":"https:\/\/api.w.org\/{rel}","templated":true}]}}