{"id":885,"date":"2013-12-18T00:00:00","date_gmt":"2013-12-17T22:00:00","guid":{"rendered":"https:\/\/master.k8s.p4.greenpeace.org\/poland\/article\/885\/arktyczna-30-tka-wkrotce-bedzie-wolna-pozytywny-wynik-glosowania-w-dumie\/"},"modified":"2023-05-20T15:23:47","modified_gmt":"2023-05-20T13:23:47","slug":"arktyczna-30-tka-wkrotce-bedzie-wolna-pozytywny-wynik-glosowania-w-dumie","status":"publish","type":"post","link":"https:\/\/www.greenpeace.org\/poland\/aktualnosci\/885\/arktyczna-30-tka-wkrotce-bedzie-wolna-pozytywny-wynik-glosowania-w-dumie\/","title":{"rendered":"Arktyczna 30-tka wkr\u00f3tce b\u0119dzie wolna. Pozytywny wynik g\u0142osowania w Dumie"},"content":{"rendered":"\n<p><strong>Aktywi\u015bci Greenpeace, kt\u00f3rzy sp\u0119dzili w rosyjskich aresztach 2 miesi\u0105ce po pokojowym prote\u015bcie przeciw wydobyciu ropy w Arktyce, odetchn\u0119li z ulg\u0105. Duma g\u0142osowa\u0142a dzi\u015b za uwzgl\u0119dnieniem ich w planowanej amnestii. Podkre\u015blaj\u0105 jednak przy tym, \u017ce \u201eArktyki amnestia nie obejmuje\u201d i potrzebne jest stworzenie mechanizm\u00f3w jej ochrony.<\/strong><\/p>\n\n<p>W rosyjskim parlamencie, Dumie, przeg\u0142osowano dzi\u015b poprawki rozszerzaj\u0105ce dekret o amnestii tak, aby uwzgl\u0119dnia\u0142 tak\u017ce oskar\u017conych o chuliga\u0144stwo. Dzi\u0119ki temu amnestia obejmie Arktyczn\u0105 30-tk\u0119 \u2013 28 aktywist\u00f3w Greenpeace i dw\u00f3ch niezale\u017cnych dziennikarzy, kt\u00f3rzy zostali zatrzymani przed 3 miesi\u0105cami, po tym jak pr\u00f3bowali przeprowadzi\u0107 na platformie Gazpromu pokojowy protest w obronie Arktyki. Ostateczne g\u0142osowanie ws. przyj\u0119cia amnestii odb\u0119dzie si\u0119 jeszcze dzi\u015b o 16.00 czasu rosyjskiego (13.00 czasu polskiego). Wszystko wskazuje na to, \u017ce nic ju\u017c si\u0119 nie zmieni i projekt zostanie przeg\u0142osowany w kszta\u0142cie umo\u017cliwiaj\u0105cym uwolnienie Arktycznej 30-tki i zako\u0144czenie post\u0119powania w ich sprawie. Scenariusz mo\u017ce si\u0119 zmieni\u0107 ju\u017c tylko, je\u015bli ca\u0142y projekt zostanie odrzucony przez Dum\u0119, a to wydaje si\u0119 ma\u0142o prawdopodobne.<\/p>\n\n<p>Jest wi\u0119c ju\u017c niemal pewne, \u017ce 26 obcokrajowc\u00f3w, kt\u00f3rzy po zwolnieniu za kaucj\u0105 od miesi\u0105ca przebywaj\u0105 w Petersburgu (4 Rosjan jest ju\u017c w domu), b\u0119dzie mog\u0142o wr\u00f3ci\u0107 do swoich rodzin, gdy tylko dostan\u0105 wizy wyjazdowe.&nbsp; &nbsp;<\/p>\n\n<p><em>\u201eNa pewno czuj\u0119 ulg\u0119, widz\u0105c, \u017ce sytuacja zmienia si\u0119 na lepsze. Nie zmienia to jednak faktu, \u017ce wci\u0105\u017c mam zarzuty za przest\u0119pstwo, kt\u00f3rego nie pope\u0142ni\u0142em i licz\u0119 na to, \u017ce zostan\u0105 one oddalone. Uciesz\u0119 si\u0119, je\u015bli uda si\u0119 za\u0142atwi\u0107 wszystkie formalno\u015bci na czas i b\u0119d\u0119 m\u00f3g\u0142 sp\u0119dzi\u0107 \u015bwi\u0119ta z rodzin\u0105, w Polsce.&nbsp; T\u0119skni\u0119 bardzo za \u017con\u0105 i my\u015bl\u0119, \u017ce potrzebuj\u0119 r\u00f3wnie\u017c zwyczajnego powrotu do normalno\u015bci, swojej pracy, spotka\u0144 ze znajomymi i zacisza domowego\u201d,<\/em> powiedzia\u0142 Tomasz Dziemianczuk, gda\u0144szczanin, jeden z Arktycznej 30-tki.<\/p>\n\n<p>Jednak nawet zak\u0142adaj\u0105c, \u017ce dekret przejdzie przez Dum\u0119 w przeg\u0142osowanym dzi\u015b kszta\u0142cie, nie wiadomo, kiedy aktywi\u015bci b\u0119d\u0105 mogli opu\u015bci\u0107 Rosj\u0119. Ci\u0105gle nie maj\u0105 w paszportach stempli wjazdowych, gdy\u017c uzbrojeni komandosi przewie\u017ali ich na terytorium Rosji prosto z w\u00f3d mi\u0119dzynarodowych. Komisja \u015aledcza Federacji Rosyjskiej musi wi\u0119c jeszcze wyja\u015bni\u0107 prawne mo\u017cliwo\u015bci opuszczenia przez nich kraju.<\/p>\n\n<p>Zaakceptowanie zwolnienia w ramach amnestii nie oznacza przyznanie si\u0119 do winy, ale post\u0119powanie przeciw Arktycznej 30-tce zostanie zako\u0144czone. Niejasny jest jeszcze dalszy los statku Greenpeace, kt\u00f3ry pozostaje w Murma\u0144sku pod kontrol\u0105 w\u0142adz rosyjskich, mimo wyroku Mi\u0119dzynarodowego Trybuna\u0142u ds. Prawa Morza, nakazuj\u0105cego zwolnienie jednostki. &nbsp;<\/p>\n\n<p><em>\u201eMo\u017ce ju\u017c wkr\u00f3tce wr\u00f3c\u0119 do rodziny, ale chc\u0119 podkre\u015bli\u0107, \u017ce przede wszystkim nigdy nie powinienem zosta\u0107 oskar\u017cony i wsadzony do wi\u0119zienia. Pop\u0142yn\u0119li\u015bmy na dalek\u0105 p\u00f3\u0142noc, aby pokaza\u0107 \u015bwiatu prawd\u0119 o powa\u017cnym niebezpiecze\u0144stwie ekologicznym, kt\u00f3re grozi temu regionowi, a nasz statek zosta\u0142 przej\u0119ty si\u0142\u0105 przez ludzi uzbrojonych w no\u017ce i pistolety. Teraz jeste\u015bmy ju\u017c prawie wolni, ale dla Arktyki nikt nie og\u0142osi\u0142 amnestii. Ten delikatny i wra\u017cliwy ekosystem, skarb nale\u017c\u0105cy do nas wszystkich, ci\u0105gle jest zagro\u017cony przez niepohamowan\u0105 ch\u0119\u0107 zysku wielkich korporacji paliwowych i topnienie lodowc\u00f3w, kt\u00f3re te firmy przy\u015bpieszaj\u0105, spalaj\u0105c paliwa kopalne. Pop\u0142yn\u0119li\u015bmy tam, by zaprotestowa\u0107 przeciwko temu szale\u0144stwu. Nigdy nie byli\u015bmy kryminalistami\u201d,<\/em> komentuje Peter Willcox, kapitan zatrzymanego statku Arctic Sunrise.<\/p>\n\n<p>W ramach trwaj\u0105cej od 3 miesi\u0119cy og\u00f3lno\u015bwiatowej kampanii na rzecz uwolnienia Arktycznej 30-tki odby\u0142o si\u0119 860 akcji i protest\u00f3w solidarno\u015bciowych w 46 krajach, w ponad 150 miastach na ca\u0142ym \u015bwiecie. Apel o ich uwolnienie wys\u0142a\u0142o do rosyjskich ambasad 2,6 mln ludzi. Wsparcia udzielili r\u00f3wnie\u017c laureaci Pokojowej Nagrody Nobla, liczni politycy i arty\u015bci.<\/p>\n","protected":false},"excerpt":{"rendered":"<div>\n\tAktywi\u015bci Greenpeace, kt\u00f3rzy sp\u0119dzili w rosyjskich aresztach 2 miesi\u0105ce po pokojowym prote\u015bcie przeciw wydobyciu ropy w Arktyce, odetchn\u0119li z ulg\u0105. Duma g\u0142osowa\u0142a dzi\u015b za uwzgl\u0119dnieniem ich w planowanej amnestii. Podkre\u015blaj\u0105 jednak przy tym, \u017ce \u201eArktyki amnestia nie obejmuje\u201d i potrzebne jest stworzenie mechanizm\u00f3w jej ochrony.\n<\/div>\n","protected":false},"author":28,"featured_media":886,"comment_status":"closed","ping_status":"closed","sticky":false,"template":"","format":"standard","meta":{"ep_exclude_from_search":false,"p4_og_title":"","p4_og_description":"","p4_og_image":"","p4_og_image_id":"","p4_seo_canonical_url":"","p4_campaign_name":"","p4_local_project":"","p4_basket_name":"","p4_department":"","footnotes":""},"categories":[2],"tags":[32,24],"p4-page-type":[14],"class_list":["post-885","post","type-post","status-publish","format-standard","has-post-thumbnail","hentry","category-klimat-energia","tag-arktyka","tag-aktywizm","p4-page-type-aktualnosci"],"_links":{"self":[{"href":"https:\/\/www.greenpeace.org\/poland\/wp-json\/wp\/v2\/posts\/885","targetHints":{"allow":["GET"]}}],"collection":[{"href":"https:\/\/www.greenpeace.org\/poland\/wp-json\/wp\/v2\/posts"}],"about":[{"href":"https:\/\/www.greenpeace.org\/poland\/wp-json\/wp\/v2\/types\/post"}],"author":[{"embeddable":true,"href":"https:\/\/www.greenpeace.org\/poland\/wp-json\/wp\/v2\/users\/28"}],"replies":[{"embeddable":true,"href":"https:\/\/www.greenpeace.org\/poland\/wp-json\/wp\/v2\/comments?post=885"}],"version-history":[{"count":2,"href":"https:\/\/www.greenpeace.org\/poland\/wp-json\/wp\/v2\/posts\/885\/revisions"}],"predecessor-version":[{"id":32910,"href":"https:\/\/www.greenpeace.org\/poland\/wp-json\/wp\/v2\/posts\/885\/revisions\/32910"}],"wp:featuredmedia":[{"embeddable":true,"href":"https:\/\/www.greenpeace.org\/poland\/wp-json\/wp\/v2\/media\/886"}],"wp:attachment":[{"href":"https:\/\/www.greenpeace.org\/poland\/wp-json\/wp\/v2\/media?parent=885"}],"wp:term":[{"taxonomy":"category","embeddable":true,"href":"https:\/\/www.greenpeace.org\/poland\/wp-json\/wp\/v2\/categories?post=885"},{"taxonomy":"post_tag","embeddable":true,"href":"https:\/\/www.greenpeace.org\/poland\/wp-json\/wp\/v2\/tags?post=885"},{"taxonomy":"p4-page-type","embeddable":true,"href":"https:\/\/www.greenpeace.org\/poland\/wp-json\/wp\/v2\/p4-page-type?post=885"}],"curies":[{"name":"wp","href":"https:\/\/api.w.org\/{rel}","templated":true}]}}