{"id":895,"date":"2013-10-23T00:00:00","date_gmt":"2013-10-22T22:00:00","guid":{"rendered":"https:\/\/master.k8s.p4.greenpeace.org\/poland\/article\/895\/komentarz-greenpeace-do-zmiany-zarzutow-stawianych-zatrzymanym-w-murmansku\/"},"modified":"2019-11-06T11:06:02","modified_gmt":"2019-11-06T09:06:02","slug":"komentarz-greenpeace-do-zmiany-zarzutow-stawianych-zatrzymanym-w-murmansku","status":"publish","type":"post","link":"https:\/\/www.greenpeace.org\/poland\/aktualnosci\/895\/komentarz-greenpeace-do-zmiany-zarzutow-stawianych-zatrzymanym-w-murmansku\/","title":{"rendered":"Komentarz Greenpeace do zmiany zarzut\u00f3w stawianych zatrzymanym w Murma\u0144sku"},"content":{"rendered":"<div class=\"leader\" style=\"font-weight: bold;margin-bottom: 12px\">\tKomisja \u015aledcza Federacji Rosyjskiej zmieni\u0142a dzi\u015b kwalifikacj\u0119 czynu dzia\u0142aczy Greenpeace i dziennikarzy zatrzymanych przed miesi\u0105cem w Rosji, z piractwa na chuliga\u0144stwo. Przedstawiciele Komisji zapowiedzieli r\u00f3wnie\u017c mo\u017cliwo\u015b\u0107 oskar\u017cenia niekt\u00f3rych aktywist\u00f3w o dodatkowe czyny, m.in. u\u017cycie si\u0142y wobec przedstawicieli w\u0142adzy, za co grozi kara do 10 lat wi\u0119zienia.<\/div>\n<div>\n<p><em>\u201eGreenpeace ma za sob\u0105 42 lata w pe\u0142ni pokojowego aktywizmu i takie oskar\u017cenia s\u0105 niczym wi\u0119cej jak pr\u00f3b\u0105 pom\u00f3wienia aktywist\u00f3w. Nale\u017cy te\u017c pami\u0119ta\u0107, \u017ce to nasz statek zosta\u0142 przej\u0119ty przez ludzi uzbrojonych w no\u017ce i bro\u0144 paln\u0105. Nasi aktywi\u015bci, za\u0142oga statku i dziennikarze to nie chuliganie, tak samo jak nie s\u0105 piratami. Nowa kwalifikacja nadal jest nieproporcjonalnie ostra i wi\u0105\u017ce si\u0119 z potencjaln\u0105 kar\u0105 do 7 lat wi\u0119zienia. To obraza dla idei pokojowego protestu. Ci dzielni ludzie zdecydowali si\u0119 pop\u0142yn\u0105\u0107 do Arktyki uzbrojeni w nic wi\u0119cej ponad pragnienie, by pokaza\u0107 \u015bwiatu prawd\u0119 o bezwzgl\u0119dnym biznesie paliwowym. Powinni by\u0107 teraz ze swoimi rodzinami, a nie w areszcie w Murma\u0144sku\u201d<\/em>, m\u00f3wi Robert Cyglicki, dyrektor programowy polskiego Greenpeace.<\/p>\n<p><em>\u201eB\u0119dziemy sprzeciwia\u0107 si\u0119 tym bezpodstawnym zarzutom chuliga\u0144stwa r\u00f3wnie mocno, jak sprzeciwiali\u015bmy si\u0119 oskar\u017ceniom o piractwo. Oba zarzuty s\u0105 r\u00f3wnie dalekie od rzeczywisto\u015bci. Arktyczna Trzydziestka pokojowo protestowa\u0142a przeciwko niebezpiecze\u0144stwom zwi\u0105zanym z\u00a0 wydobyciem ropy przez Gazprom i powinna zosta\u0107 wypuszczona\u201d<\/em>, dodaje Cyglicki.<\/p>\n<\/div>\n","protected":false},"excerpt":{"rendered":"<div>\n\tKomisja \u015aledcza Federacji Rosyjskiej zmieni\u0142a dzi\u015b kwalifikacj\u0119 czynu dzia\u0142aczy Greenpeace i dziennikarzy zatrzymanych przed miesi\u0105cem w Rosji, z piractwa na chuliga\u0144stwo. Przedstawiciele Komisji zapowiedzieli r\u00f3wnie\u017c mo\u017cliwo\u015b\u0107 oskar\u017cenia niekt\u00f3rych aktywist\u00f3w o dodatkowe czyny, m.in. u\u017cycie si\u0142y wobec przedstawicieli w\u0142adzy, za co grozi kara do 10 lat wi\u0119zienia.\n<\/div>\n","protected":false},"author":28,"featured_media":0,"comment_status":"closed","ping_status":"closed","sticky":false,"template":"","format":"standard","meta":{"ep_exclude_from_search":false,"p4_og_title":"","p4_og_description":"","p4_og_image":"","p4_og_image_id":"","p4_seo_canonical_url":"","p4_campaign_name":"","p4_local_project":"","p4_basket_name":"","p4_department":"","footnotes":""},"categories":[2],"tags":[32,13],"p4-page-type":[14],"class_list":["post-895","post","type-post","status-publish","format-standard","hentry","category-klimat-energia","tag-arktyka","tag-o-nas","p4-page-type-aktualnosci"],"_links":{"self":[{"href":"https:\/\/www.greenpeace.org\/poland\/wp-json\/wp\/v2\/posts\/895","targetHints":{"allow":["GET"]}}],"collection":[{"href":"https:\/\/www.greenpeace.org\/poland\/wp-json\/wp\/v2\/posts"}],"about":[{"href":"https:\/\/www.greenpeace.org\/poland\/wp-json\/wp\/v2\/types\/post"}],"author":[{"embeddable":true,"href":"https:\/\/www.greenpeace.org\/poland\/wp-json\/wp\/v2\/users\/28"}],"replies":[{"embeddable":true,"href":"https:\/\/www.greenpeace.org\/poland\/wp-json\/wp\/v2\/comments?post=895"}],"version-history":[{"count":1,"href":"https:\/\/www.greenpeace.org\/poland\/wp-json\/wp\/v2\/posts\/895\/revisions"}],"predecessor-version":[{"id":896,"href":"https:\/\/www.greenpeace.org\/poland\/wp-json\/wp\/v2\/posts\/895\/revisions\/896"}],"wp:attachment":[{"href":"https:\/\/www.greenpeace.org\/poland\/wp-json\/wp\/v2\/media?parent=895"}],"wp:term":[{"taxonomy":"category","embeddable":true,"href":"https:\/\/www.greenpeace.org\/poland\/wp-json\/wp\/v2\/categories?post=895"},{"taxonomy":"post_tag","embeddable":true,"href":"https:\/\/www.greenpeace.org\/poland\/wp-json\/wp\/v2\/tags?post=895"},{"taxonomy":"p4-page-type","embeddable":true,"href":"https:\/\/www.greenpeace.org\/poland\/wp-json\/wp\/v2\/p4-page-type?post=895"}],"curies":[{"name":"wp","href":"https:\/\/api.w.org\/{rel}","templated":true}]}}