{"id":944,"date":"2013-09-18T00:00:00","date_gmt":"2013-09-17T22:00:00","guid":{"rendered":"https:\/\/master.k8s.p4.greenpeace.org\/poland\/article\/944\/rosja-aktywisci-greenpeace-aresztowani-statek-organizacji-ostrzelany\/"},"modified":"2023-05-25T13:08:28","modified_gmt":"2023-05-25T11:08:28","slug":"rosja-aktywisci-greenpeace-aresztowani-statek-organizacji-ostrzelany","status":"publish","type":"post","link":"https:\/\/www.greenpeace.org\/poland\/aktualnosci\/944\/rosja-aktywisci-greenpeace-aresztowani-statek-organizacji-ostrzelany\/","title":{"rendered":"Rosja: Aktywi\u015bci Greenpeace zatrzymani, statek organizacji ostrzelany"},"content":{"rendered":"\n<p>Rosyjskie w\u0142adze zdecydowa\u0142y si\u0119 na si\u0142owe rozwi\u0105zanie pokojowego protestu Greenpeace przeciw destrukcji Arktyki.<\/p>\n\n<figure class=\"wp-block-image\"><img decoding=\"async\" src=\"https:\/\/www.greenpeace.org\/static\/planet4-poland-stateless\/2019\/06\/eb8d67bd-eb8d67bd-statek.jpg\" alt=\"Interwencja rosyjskiej stra\u017cy przybrze\u017cnej\" title=\"Interwencja rosyjskiej stra\u017cy przybrze\u017cnej\"\/><\/figure>\n\n<p><a href=\"https:\/\/www.greenpeace.org\/static\/planet4-poland-stateless\/2019\/06\/eb8d67bd-eb8d67bd-statek.jpg\"><\/a><\/p>\n\n<p>Dw\u00f3jka aktywist\u00f3w Greenpeace zosta\u0142a aresztowana po tym, jak wspi\u0119li si\u0119 dzi\u015b rano na nale\u017c\u0105c\u0105 do Gazpromu platform\u0119 wiertnicz\u0105 Priraz\u0142omnaja na Morzu Peczorskim, niedaleko p\u00f3\u0142nocno \u2013 wschodniego wybrze\u017ca Rosji. Akcja ta mia\u0142a by\u0107 pokojowym protestem maj\u0105cym na celu powstrzymanie rosyjskiego giganta paliwowego przed eksploatacj\u0105 zasob\u00f3w ropy w Arktyce.<\/p>\n\n<p>Za\u0142oga znajduj\u0105cego si\u0119 w pobli\u017cu statku Greenpeace Arctic Sunrise (jest tam r\u00f3wnie\u017c polski aktywista z Gda\u0144ska) donios\u0142a r\u00f3wnie\u017c, \u017ce rosyjska stra\u017c przybrze\u017cna odda\u0142a w kierunku jednostki 11 strza\u0142\u00f3w ostrzegawczych i zagrozi\u0142a otworzeniem ognia do statku, je\u015bli ten nie odp\u0142ynie.<\/p>\n\n<p>Rosyjska stra\u017c przybrze\u017cna za\u017c\u0105da\u0142a tak\u017ce mo\u017cliwo\u015bci wej\u015bcia na pok\u0142ad Arctic Sunrise, lecz spotka\u0142a si\u0119 z odmow\u0105 ze strony kapitana. Wed\u0142ug prawa takie \u017c\u0105danie jest nieusprawiedliwione i nielegalne.<\/p>\n\n<p><em>\u201eU\u017cycie takiej przemocy wobec pokojowego protestu jest ca\u0142kowicie nieproporcjonalne, nieuzasadnione i nie powinno si\u0119 w og\u00f3le wydarzy\u0107. To absurd. Jest oczywiste, \u017ce firmy paliwowe korzystaj\u0105 ze specjalnej ochrony w\u0142adz rosyjskich, kt\u00f3re wydaj\u0105 si\u0119 o wiele bardziej zainteresowane uciszaniem pokojowych protest\u00f3w ni\u017c chronieniem Arktyki przed zakusami takich firm jak Gazprom. B\u0105d\u017amy szczerzy \u2013 najwi\u0119kszym zagro\u017ceniem dla Arktyki nie jest Greenpeace, ale firmy paliwowe, kt\u00f3re s\u0105 zdeterminowane, by wydobywa\u0107 rop\u0119 w ekstremalnie ci\u0119\u017ckich, arktycznych warunkach, z pogwa\u0142ceniem zdrowego rozs\u0105dku i opinii naukowc\u00f3w\u201d<\/em>, m\u00f3wi Ben Ayliffe, Koordynator Kampanii \u201eArctic Oil\u201d w Greenpeace International.<\/p>\n\n<p>Gazprom planuje rozpocz\u0119cie wydobycia ropy na platformie Priraz\u0142omnaja w pierwszym kwartale 2014 r. Ze wzgl\u0119du na ekstremalne warunki pogodowe w tym regionie \u2013 niskie temperatury, sztormy, g\u00f3ry lodowe \u2013 naukowcy oceniaj\u0105 prawdopodobie\u0144stwo wypadku i wycieku jako bardzo wysokie, a skutki takiej katastrofy w Arktyce jako o wiele ci\u0119\u017csze do usuni\u0119cia ni\u017c mia\u0142o to miejsce w Zatoce Meksyka\u0144skiej, podczas wypadku na platformie BP w 2010 r.<\/p>\n","protected":false},"excerpt":{"rendered":"<div>\n\tRosyjskie w\u0142adze zdecydowa\u0142y si\u0119 na si\u0142owe rozwi\u0105zanie pokojowego protestu Greenpeace przeciw destrukcji Arktyki.\n<\/div>\n","protected":false},"author":28,"featured_media":945,"comment_status":"closed","ping_status":"closed","sticky":false,"template":"","format":"standard","meta":{"ep_exclude_from_search":false,"p4_og_title":"","p4_og_description":"","p4_og_image":"","p4_og_image_id":"","p4_seo_canonical_url":"","p4_campaign_name":"","p4_local_project":"","p4_basket_name":"","p4_department":"","footnotes":""},"categories":[2],"tags":[32,6],"p4-page-type":[14],"class_list":["post-944","post","type-post","status-publish","format-standard","has-post-thumbnail","hentry","category-klimat-energia","tag-arktyka","tag-klimat","p4-page-type-aktualnosci"],"_links":{"self":[{"href":"https:\/\/www.greenpeace.org\/poland\/wp-json\/wp\/v2\/posts\/944","targetHints":{"allow":["GET"]}}],"collection":[{"href":"https:\/\/www.greenpeace.org\/poland\/wp-json\/wp\/v2\/posts"}],"about":[{"href":"https:\/\/www.greenpeace.org\/poland\/wp-json\/wp\/v2\/types\/post"}],"author":[{"embeddable":true,"href":"https:\/\/www.greenpeace.org\/poland\/wp-json\/wp\/v2\/users\/28"}],"replies":[{"embeddable":true,"href":"https:\/\/www.greenpeace.org\/poland\/wp-json\/wp\/v2\/comments?post=944"}],"version-history":[{"count":3,"href":"https:\/\/www.greenpeace.org\/poland\/wp-json\/wp\/v2\/posts\/944\/revisions"}],"predecessor-version":[{"id":32943,"href":"https:\/\/www.greenpeace.org\/poland\/wp-json\/wp\/v2\/posts\/944\/revisions\/32943"}],"wp:featuredmedia":[{"embeddable":true,"href":"https:\/\/www.greenpeace.org\/poland\/wp-json\/wp\/v2\/media\/945"}],"wp:attachment":[{"href":"https:\/\/www.greenpeace.org\/poland\/wp-json\/wp\/v2\/media?parent=944"}],"wp:term":[{"taxonomy":"category","embeddable":true,"href":"https:\/\/www.greenpeace.org\/poland\/wp-json\/wp\/v2\/categories?post=944"},{"taxonomy":"post_tag","embeddable":true,"href":"https:\/\/www.greenpeace.org\/poland\/wp-json\/wp\/v2\/tags?post=944"},{"taxonomy":"p4-page-type","embeddable":true,"href":"https:\/\/www.greenpeace.org\/poland\/wp-json\/wp\/v2\/p4-page-type?post=944"}],"curies":[{"name":"wp","href":"https:\/\/api.w.org\/{rel}","templated":true}]}}