{"id":10030,"date":"2024-09-17T13:07:08","date_gmt":"2024-09-17T10:07:08","guid":{"rendered":"https:\/\/www.greenpeace.org\/romania\/?p=10030"},"modified":"2025-03-13T12:42:43","modified_gmt":"2025-03-13T10:42:43","slug":"pozitie-comuna-adresata-autoritatii-nationale-de-reglementare-in-domeniul-energiei-anre","status":"publish","type":"post","link":"https:\/\/www.greenpeace.org\/romania\/articol\/10030\/pozitie-comuna-adresata-autoritatii-nationale-de-reglementare-in-domeniul-energiei-anre\/","title":{"rendered":"Pozi\u021bie comun\u0103 adresat\u0103 Autorit\u0103\u021bii Na\u021bionale de Reglementare \u00een domeniul Energiei (ANRE)"},"content":{"rendered":"\n<p>Organiza\u021biile semnatare, implicate \u00een dezvoltarea sustenabil\u0103 a sectorului energetic din Rom\u00e2nia, ne exprim\u0103m \u00eengrijorarea profund\u0103 fa\u021b\u0103 de modelele de comunit\u0103\u021bi de energie propuse recent de ANRE. Consider\u0103m c\u0103 aceste propuneri nu valorific\u0103 suficient flexibilitatea oferit\u0103 de legisla\u021bia european\u0103 \u0219i creeaz\u0103 bariere majore \u00een calea dezvolt\u0103rii acestor ini\u021biative, care ar trebui s\u0103 joace un rol esen\u021bial \u00een tranzi\u021bia energetic\u0103 \u0219i democratizarea sectorului energetic.<\/p>\n\n<p>Prin aceast\u0103 pozi\u021bie comun\u0103, prezent\u0103m ANRE patru puncte critice \u0219i solicit\u0103ri concrete privind modele propuse.&nbsp;<\/p>\n\n<p><strong>Punctul I. Rom\u00e2nia are nevoie de o abordare flexibil\u0103 privind responsabilit\u0103\u021bile de echilibrare pentru comunit\u0103\u021bile de energie<\/strong><\/p>\n\n<p>O preocupare major\u0103 este c\u0103, \u00een cadrul Modelului 1, toate comunit\u0103\u021bile de energie sunt propuse s\u0103 fie responsabilizate financiar pentru dezechilibrele generate \u00een re\u021belele de energie electric\u0103. Aceast\u0103 abordare rigid\u0103 contravine legisla\u021biei europene, care permite adaptarea acestor obliga\u021bii la nivel regional sau local \u0219i ofer\u0103 excep\u021bii pentru comunit\u0103\u021bile mici sau cu o capacitate instalat\u0103 redus\u0103. \u00centruc\u00e2t Modelul 1 impune aceste cerin\u021be restrictive, acesta trebuie reconsiderat pentru a sprijini adecvat comunit\u0103\u021bile de energie \u0219i pentru a le permite s\u0103 joace un rol activ \u00een tranzi\u021bia energetic\u0103.<\/p>\n\n<p><strong>Solicit\u0103m ANRE<\/strong> s\u0103 alinieze reglement\u0103rile na\u021bionale cu directivele europene, astfel \u00eenc\u00e2t comunit\u0103\u021bile de energie s\u0103 aib\u0103 posibilitatea de a delega responsabilit\u0103\u021bile de echilibrare c\u0103tre entit\u0103\u021bi ter\u021be \u0219i s\u0103 fie exceptate de la obliga\u021bii financiare, \u00een func\u021bie de specificul \u0219i dimensiunea acestora. Acest lucru este esen\u021bial pentru a sprijini dezvoltarea ini\u021biativelor comunitare, mai ales a celor mici.<\/p>\n\n<h3 class=\"wp-block-heading\"><strong>Punctul II. Cet\u0103\u021benii \u0219i comunit\u0103\u021bile locale din Rom\u00e2nia au nevoie de eliminarea restric\u021biilor de licen\u021biere pentru proiectele energetice<\/strong><\/h3>\n\n<p>Impunerea cerin\u021bei ca energia s\u0103 fie transferat\u0103 membrilor comunit\u0103\u021bii exclusiv prin v\u00e2nzarea de c\u0103tre un furnizor licen\u021biat ignor\u0103 conceptele de \u201ecollective self consumption\u201d \u0219i \u201eenergy sharing\u201d. Acestea sunt elemente fundamentale ale reglement\u0103rilor europene \u0219i permit comunit\u0103\u021bilor s\u0103 partajeze energia produs\u0103 \u00eentre membrii lor, f\u0103r\u0103 a fi necesar\u0103 ob\u021binerea unei licen\u021be de furnizare. \u00cen plus, reglement\u0103rile trebuie simplificate \u0219i extinse pentru a include \u0219i alte aspecte esen\u021biale, precum integrarea eficient\u0103 a microgridurilor \u00een structura comunit\u0103\u021bilor de energie \u0219i optimizarea eficien\u021bei opera\u021bionale.<\/p>\n\n<p><strong>Solicit\u0103m ANRE<\/strong> s\u0103 recunoasc\u0103 aceste concepte \u00een cadrul reglement\u0103rilor na\u021bionale \u0219i s\u0103 permit\u0103 comunit\u0103\u021bilor de energie s\u0103 utilizeze infrastructura existent\u0103 pentru partajarea energiei \u00eentre membrii lor, f\u0103r\u0103 bariere administrative inutile.<\/p>\n\n<h3 class=\"wp-block-heading\">P<strong>unctul III. Rom\u00e2nia are nevoie de diversificarea op\u021biunilor pentru comunit\u0103\u021bile de energie<\/strong><\/h3>\n\n<p>Ne exprim\u0103m dezacordul fa\u021b\u0103 de restr\u00e2ngerea op\u021biunilor disponibile pentru comunit\u0103\u021bile de energie la doar dou\u0103 modele propuse de ANRE. Directivele europene permit \u0219i \u00eencurajeaz\u0103 o diversitate de modele pentru comunit\u0103\u021bile de energie, reflect\u00e2nd astfel diferitele nevoi \u0219i contexte locale. Limitarea op\u021biunilor la doar c\u00e2teva modele nu doar c\u0103 \u00eengr\u0103de\u0219te ini\u021biativa local\u0103, dar descurajeaz\u0103 participarea activ\u0103 a cet\u0103\u021benilor \u00een dezvoltarea comunit\u0103\u021bilor de energie \u0219i aplicabilitatea lor \u00een contexte diverse. Este esen\u021bial s\u0103 oferim o gam\u0103 variat\u0103 de modele pentru a sprijini pe deplin diversitatea \u0219i poten\u021bialul comunit\u0103\u021bilor de energie.<\/p>\n\n<p><strong>Solicit\u0103m ANRE<\/strong> s\u0103 extind\u0103 op\u021biunile disponibile pentru comunit\u0103\u021bile de energie \u0219i s\u0103 adopte o abordare mai flexibil\u0103, \u00een conformitate cu cerin\u021bele europene.<\/p>\n\n<h3 class=\"wp-block-heading\"><strong>Punctul IV. Rom\u00e2nia are nevoie de eliminarea barierelor existente pentru comunit\u0103\u021bile de energie, nu de crearea unor noi obstacole<\/strong><\/h3>\n\n<p>Rom\u00e2nia trebuie s\u0103 se concentreze pe eliminarea barierelor actuale care \u00eempiedic\u0103 dezvoltarea comunit\u0103\u021bilor de energie, nu pe introducerea de noi obstacole, a\u0219a cum se \u00eent\u00e2mpl\u0103 \u00een prezent cu modelele propuse de ANRE. Este esen\u021bial s\u0103 dezvolt\u0103m un cadru de reglementare care s\u0103 faciliteze \u0219i s\u0103 sprijine participarea comunit\u0103\u021bilor de energie, nu s\u0103 le restric\u021bioneze \u0219i mai mult. De asemenea, solicit\u0103m elaborarea unor ghiduri \u0219i materiale de informare u\u0219or de \u00een\u021beles \u0219i clare, care s\u0103 fie utilizate at\u00e2t de comunit\u0103\u021bi, c\u00e2t \u0219i de al\u021bi stakeholderi.<\/p>\n\n<p>Modelele propuse impun cerin\u021be financiare \u0219i administrative exagerate, \u00een special pentru comunit\u0103\u021bile mici. Modelul 1 cere comunit\u0103\u021bilor s\u0103 \u00eendeplineasc\u0103 obliga\u021biile unui furnizor de energie electric\u0103, ceea ce creeaz\u0103 o povar\u0103 dispropor\u021bionat\u0103 pentru comunit\u0103\u021bile aflate la \u00eenceput de drum. \u00cen acela\u0219i timp, Modelul 2 nu permite comunit\u0103\u021bilor s\u0103 furnizeze direct energie membrilor, ceea ce adaug\u0103 costuri suplimentare \u0219i o complexitate nejustificat\u0103.<\/p>\n\n<p><strong>Solicit\u0103m ANRE<\/strong> s\u0103 revizuiasc\u0103 aceste modele pentru a elimina barierele administrative \u0219i financiare care \u00eempiedic\u0103 dezvoltarea comunit\u0103\u021bilor de energie.<\/p>\n\n<p><strong>Considera\u021bii finale<\/strong><\/p>\n\n<p>La aproape doi ani de la transpunerea Directivei RED II \u00een legisla\u021bia na\u021bional\u0103, ANRE a \u00eent\u00e2rziat \u00een mod inacceptabil \u00een crearea unui cadru de reglementare adecvat pentru comunit\u0103\u021bile de energie. \u00cen contextul \u00een care sistemul energetic na\u021bional a fost deja afectat de evenimente extreme, precum valurile de c\u0103ldur\u0103 din aceast\u0103 var\u0103, este urgent s\u0103 se consolideze rezilien\u021ba la nivel local. Costurile ridicate ale achizi\u021biei de energie pentru a acoperi deficitul ar fi putut fi semnificativ reduse dac\u0103 comunit\u0103\u021bile de energie ar fi fost dezvoltate \u0219i opera\u021bionale.<\/p>\n\n<p>Previziunile indic\u0103 o cre\u0219tere continu\u0103 a pre\u021burilor odat\u0103 cu eliminarea plafon\u0103rilor, ceea ce va afecta grav popula\u021bia. Cu peste <a href=\"https:\/\/ec.europa.eu\/eurostat\/databrowser\/view\/ilc_mdes07$defaultview\/default\/table\">12% <\/a>din popula\u021bie \u00een incapacitatea de a \u00ee\u0219i \u00eenc\u0103lzi \u00een mod adecvat locuin\u021ba \u00een 2023, dezvoltarea unor modele de comunit\u0103\u021bi de energie flexibile, accesibile \u0219i adecvate realit\u0103\u021bilor de la firul ierbii este un factor cheie \u00een combaterea s\u0103r\u0103ciei energetice prevalente la nivelul \u021b\u0103rii. Este esen\u021bial ca Rom\u00e2nia s\u0103 sprijine dezvoltarea comunit\u0103\u021bilor de energie pentru a atenua impactul acestor scumpiri \u0219i pentru a asigura stabilitatea sistemului energetic.<\/p>\n\n<p>Cerem ANRE s\u0103 \u00ee\u0219i asume responsabilitatea de a facilita un cadru de reglementare adecvat, care s\u0103 sprijine dezvoltarea comunit\u0103\u021bilor de energie \u0219i s\u0103 elimine barierele nejustificate, precum cele impuse de modelele actuale propuse.<\/p>\n\n<p><strong>\u00cen acest sens, solicit\u0103m ferm urm\u0103toarele ac\u021biuni imediate:<\/strong><\/p>\n\n<ol class=\"wp-block-list\">\n<li>Revizuirea complet\u0103 a propunerilor actuale, \u00een concordan\u021b\u0103 cu directivele europene, pentru a crea un cadru flexibil \u0219i incluziv pentru comunit\u0103\u021bile de energie;<\/li>\n\n\n\n<li>Includerea urgent\u0103 a exper\u021bilor din societatea civil\u0103 \u0219i a reprezentan\u021bilor comunit\u0103\u021bilor \u00een procesul decizional, pentru a asigura transparen\u021ba \u0219i echitatea reglement\u0103rilor;<\/li>\n\n\n\n<li>Accelerarea procesului de elaborare a reglement\u0103rilor pentru comunit\u0103\u021bile de energie, cu o coordonare str\u00e2ns\u0103 \u00eentre ANRE \u0219i Ministerul Energiei, care, de asemenea, lucreaz\u0103 la acest subiect printr-un grup de lucru dedicat. Este esen\u021bial ca ac\u021biunile celor dou\u0103 institu\u021bii s\u0103 fie aliniate \u0219i integrate, pentru a asigura o abordare unitar\u0103 \u0219i coerent\u0103, care s\u0103 sprijine dezvoltarea rapid\u0103 \u0219i eficient\u0103 a comunit\u0103\u021bilor de energie \u00een Rom\u00e2nia.<\/li>\n<\/ol>\n\n<p><strong>Refuzul de a lua \u00een considerare aceste solicit\u0103ri va duce la pierderea unei oportunit\u0103\u021bi cruciale pentru tranzi\u021bia energetic\u0103 \u0219i pentru protejarea cet\u0103\u021benilor \u00een fa\u021ba viitoarelor \u0219ocuri economice.<\/strong><\/p>\n\n<p><strong>Semnatarii<\/strong>:<\/p>\n\n<p>Greenpeace Rom\u00e2nia<\/p>\n\n<p>Bankwatch Rom\u00e2nia<\/p>\n\n<p>Cooperativa de Energie<\/p>\n\n<p>Asocia\u021bia \u201eAgen\u021bia pentru Managementul Energiei \u0219i Protec\u021bia Mediului Bra\u0219ov\u201d (ABMEE)<\/p>\n\n<p>Asocia\u021bia \u201eOra\u0219e Energie \u00een Rom\u00e2nia\u201d (OER)<\/p>\n\n<p>Asocia\u021bia pentru Dezvoltare Teritorial\u0103 Integrat\u0103 Valea Jiului<\/p>\n\n<p>Observatorul Rom\u00e2n al S\u0103r\u0103ciei Energetice (ORSE)<\/p>\n\n<p>Declic<\/p>\n\n<p>Asocia\u021bia \u201e\u00centre Vecini\u201d&nbsp;<\/p>\n","protected":false},"excerpt":{"rendered":"<p>Prin aceast\u0103 pozi\u021bie comun\u0103, prezent\u0103m ANRE patru puncte critice \u0219i solicit\u0103ri concrete privind modele propuse.\u00a0<\/p>\n","protected":false},"author":34,"featured_media":10031,"comment_status":"open","ping_status":"closed","sticky":false,"template":"","format":"standard","meta":{"ep_exclude_from_search":false,"p4_og_title":"","p4_og_description":"","p4_og_image":"","p4_og_image_id":"","p4_seo_canonical_url":"","p4_campaign_name":"","p4_local_project":"","p4_basket_name":"","p4_department":"","footnotes":""},"categories":[2,31],"tags":[112],"p4-page-type":[],"class_list":["post-10030","post","type-post","status-publish","format-standard","has-post-thumbnail","hentry","category-clima-si-energie","category-greenpeace","tag-comunitati-de-energie-1"],"_links":{"self":[{"href":"https:\/\/www.greenpeace.org\/romania\/wp-json\/wp\/v2\/posts\/10030","targetHints":{"allow":["GET"]}}],"collection":[{"href":"https:\/\/www.greenpeace.org\/romania\/wp-json\/wp\/v2\/posts"}],"about":[{"href":"https:\/\/www.greenpeace.org\/romania\/wp-json\/wp\/v2\/types\/post"}],"author":[{"embeddable":true,"href":"https:\/\/www.greenpeace.org\/romania\/wp-json\/wp\/v2\/users\/34"}],"replies":[{"embeddable":true,"href":"https:\/\/www.greenpeace.org\/romania\/wp-json\/wp\/v2\/comments?post=10030"}],"version-history":[{"count":3,"href":"https:\/\/www.greenpeace.org\/romania\/wp-json\/wp\/v2\/posts\/10030\/revisions"}],"predecessor-version":[{"id":10034,"href":"https:\/\/www.greenpeace.org\/romania\/wp-json\/wp\/v2\/posts\/10030\/revisions\/10034"}],"wp:featuredmedia":[{"embeddable":true,"href":"https:\/\/www.greenpeace.org\/romania\/wp-json\/wp\/v2\/media\/10031"}],"wp:attachment":[{"href":"https:\/\/www.greenpeace.org\/romania\/wp-json\/wp\/v2\/media?parent=10030"}],"wp:term":[{"taxonomy":"category","embeddable":true,"href":"https:\/\/www.greenpeace.org\/romania\/wp-json\/wp\/v2\/categories?post=10030"},{"taxonomy":"post_tag","embeddable":true,"href":"https:\/\/www.greenpeace.org\/romania\/wp-json\/wp\/v2\/tags?post=10030"},{"taxonomy":"p4-page-type","embeddable":true,"href":"https:\/\/www.greenpeace.org\/romania\/wp-json\/wp\/v2\/p4-page-type?post=10030"}],"curies":[{"name":"wp","href":"https:\/\/api.w.org\/{rel}","templated":true}]}}