{"id":10135,"date":"2024-10-21T14:36:00","date_gmt":"2024-10-21T11:36:00","guid":{"rendered":"https:\/\/www.greenpeace.org\/romania\/?p=10135"},"modified":"2025-07-02T10:35:04","modified_gmt":"2025-07-02T07:35:04","slug":"greenpeace-ataca-in-instanta-avizele-emise-iresponsabil-de-catre-ministerul-culturii-pentru-proiectul-neptun-deep","status":"publish","type":"post","link":"https:\/\/www.greenpeace.org\/romania\/comunicat-presa\/10135\/greenpeace-ataca-in-instanta-avizele-emise-iresponsabil-de-catre-ministerul-culturii-pentru-proiectul-neptun-deep\/","title":{"rendered":"Greenpeace atac\u0103 \u00een instan\u021b\u0103 avizele emise iresponsabil de c\u0103tre Ministerul Culturii pentru proiectul Neptun Deep"},"content":{"rendered":"\n<p><strong>21 Octombrie, Curtea de Apel Bucure\u0219ti <\/strong>&#8211; Greenpeace Rom\u00e2nia cheam\u0103 \u00een judecat\u0103 Ministerul Culturii, solicit\u00e2nd instan\u021belor suspendarea \u0219i anularea ordinului prin care situl arheologic subacvatic \u201cCT-I-s-A-02561\u201d situat \u00een Platforma continental\u0103 a M\u0103rii Negre \u00ee\u0219i pierde statutul de monument istoric. Greenpeace reclam\u0103 c\u0103 nu a fost respectat\u0103 procedura prev\u0103zut\u0103 de lege pentru declasarea siturilor arheologice subacvatice. Organiza\u021bia de mediu sus\u021bine c\u0103 proiectul Neptun Deep prime\u0219te un tratament preferen\u021bial din partea institu\u021biilor rom\u00e2ne, amenin\u021b\u00e2nd patrimoniul cultural \u0219i dreptul rom\u00e2nilor la un mediu curat \u0219i la s\u0103n\u0103tate.<\/p>\n\n<p>O bun\u0103 parte din documenta\u021bia care a stat la baza eliber\u0103rii ordinului (certificatul de desc\u0103rcare, avizul comisiei zonale a monumentelor istorice, avizul sec\u021biunii de eviden\u021b\u0103, etc.) sunt \u021binute secrete de Ministerul Culturii, de\u0219i con\u021bin informa\u021bii de interes public pe care Greenpeace Rom\u00e2nia le-a solicitat.<\/p>\n\n<p>\u00centreaga platform\u0103 continental\u0103 a M\u0103rii Negre a fost declarat\u0103 <em>Sit arheologic subacvatic de importan\u0163\u0103 na\u0163ional\u0103<\/em>. Acest sit cuprinde, printre altele, vestigii din epoca roman\u0103, vestigii subacvatice din epoca elenistic\u0103, din epoca romano-bizantin\u0103 \u0219i din epoca greac\u0103. Zona afectat\u0103 de proiectul Neptun Deep include vestigii arheologice de o valoare inestimabil\u0103, care ar putea fi grav afectate sau distruse de lucr\u0103rile de extrac\u021bie \u0219i transport de gaze naturale. Pe o suprafa\u021b\u0103 de 7500 km 2, OMV Petrom si Romgaz vor \u00eemp\u00e2nzi Marea Neagr\u0103 cu centre de foraj, sonde, manifolduri, risere, conducte de alimentare, platforme, cabluri, etc.&nbsp;<\/p>\n\n<p><em>\u201cModul \u00een care s-au eliberat \u0219i se elibereaz\u0103 avizele pentru exploatarea gazelor fosile din perimetrul Neptun Deep, adic\u0103 pe repede \u00eenainte \u0219i f\u0103r\u0103 respectarea prevederilor legale, ne arat\u0103 c\u0103 institu\u021biile statului, de la un cap\u0103t la cel\u0103lalt, sunt captive unui grup de interese bine instrumentat. C\u00e2nd banii, corup\u021bia \u0219i puterea vorbesc, siturile arheologice de interes na\u021bional sunt distruse. Neptun Deep nu reprezint\u0103 doar o amenin\u021bare pentru viitor, dar \u0219i una care \u0219terge cu buretele leg\u0103turile noastre cu trecutul. Conservarea patrimoniului cultural subacvatic este esen\u021bial\u0103 pentru cunoa\u0219terea \u0219i p\u0103strarea istoriei \u0219i tradi\u021biilor antice, salv\u00e2nd dovezile tangibile ale vie\u021bii umane trecute, asigur\u00e2nd \u00een acela\u0219i timp accesibilitatea \u0219i cuno\u0219tin\u021bele pentru genera\u021biile viitoare. \u201d<\/em> declar\u0103 Vlad C\u0103tun\u0103, coordonator campanii Clim\u0103 \u0219i Energie, Greenpeace Rom\u00e2nia.&nbsp;<\/p>\n\n<p>Greenpeace Rom\u00e2nia a ac\u021bionat \u00een instan\u021b\u0103 companiile OMV Petrom \u0219i Romgaz, Prim\u0103ria \u0219i Consiliul Local Tuzla, Ministerul Mediului, Administra\u021bia Bazinal\u0103 de Ap\u0103 Dobrogea Litoral \u0219i Institutul Na\u021bional de Cercetare-Dezvoltare Marin\u0103 \u201eGrigore Antipa\u201d pentru nereguli \u00een procesele de aprobare \u0219i lips\u0103 de transparen\u021b\u0103 \u00een leg\u0103tur\u0103 cu date cruciale ce vizeaz\u0103 substan\u021bele toxice ce vor fi deversate \u00een Marea Neagr\u0103. De asemenea, organiza\u021bia de mediu a lansat o peti\u021bie pentru protejarea M\u0103rii Negre \u0219i oprirea proiectului Neptun Deep: <a href=\"https:\/\/suport.greenpeace.ro\/salvammareaneagra\">https:\/\/suport.greenpeace.ro\/salvammareaneagra<\/a>&nbsp;<\/p>\n","protected":false},"excerpt":{"rendered":"<p>Organiza\u021bia de mediu sus\u021bine c\u0103 proiectul Neptun Deep prime\u0219te un tratament preferen\u021bial din partea institu\u021biilor rom\u00e2ne, amenin\u021b\u00e2nd patrimoniul cultural \u0219i dreptul rom\u00e2nilor la un mediu curat \u0219i la s\u0103n\u0103tate.<\/p>\n","protected":false},"author":34,"featured_media":10137,"comment_status":"open","ping_status":"closed","sticky":false,"template":"","format":"standard","meta":{"ep_exclude_from_search":false,"p4_og_title":"","p4_og_description":"","p4_og_image":"","p4_og_image_id":"","p4_seo_canonical_url":"","p4_campaign_name":"","p4_local_project":"","p4_basket_name":"","p4_department":"","footnotes":""},"categories":[2,31],"tags":[125,102],"p4-page-type":[29],"class_list":["post-10135","post","type-post","status-publish","format-standard","has-post-thumbnail","hentry","category-clima-si-energie","category-greenpeace","tag-marea-neagra-gaz-fosil","tag-gaz-fosil-2","p4-page-type-comunicat-presa"],"_links":{"self":[{"href":"https:\/\/www.greenpeace.org\/romania\/wp-json\/wp\/v2\/posts\/10135","targetHints":{"allow":["GET"]}}],"collection":[{"href":"https:\/\/www.greenpeace.org\/romania\/wp-json\/wp\/v2\/posts"}],"about":[{"href":"https:\/\/www.greenpeace.org\/romania\/wp-json\/wp\/v2\/types\/post"}],"author":[{"embeddable":true,"href":"https:\/\/www.greenpeace.org\/romania\/wp-json\/wp\/v2\/users\/34"}],"replies":[{"embeddable":true,"href":"https:\/\/www.greenpeace.org\/romania\/wp-json\/wp\/v2\/comments?post=10135"}],"version-history":[{"count":3,"href":"https:\/\/www.greenpeace.org\/romania\/wp-json\/wp\/v2\/posts\/10135\/revisions"}],"predecessor-version":[{"id":11190,"href":"https:\/\/www.greenpeace.org\/romania\/wp-json\/wp\/v2\/posts\/10135\/revisions\/11190"}],"wp:featuredmedia":[{"embeddable":true,"href":"https:\/\/www.greenpeace.org\/romania\/wp-json\/wp\/v2\/media\/10137"}],"wp:attachment":[{"href":"https:\/\/www.greenpeace.org\/romania\/wp-json\/wp\/v2\/media?parent=10135"}],"wp:term":[{"taxonomy":"category","embeddable":true,"href":"https:\/\/www.greenpeace.org\/romania\/wp-json\/wp\/v2\/categories?post=10135"},{"taxonomy":"post_tag","embeddable":true,"href":"https:\/\/www.greenpeace.org\/romania\/wp-json\/wp\/v2\/tags?post=10135"},{"taxonomy":"p4-page-type","embeddable":true,"href":"https:\/\/www.greenpeace.org\/romania\/wp-json\/wp\/v2\/p4-page-type?post=10135"}],"curies":[{"name":"wp","href":"https:\/\/api.w.org\/{rel}","templated":true}]}}