{"id":10193,"date":"2024-10-31T15:10:23","date_gmt":"2024-10-31T12:10:23","guid":{"rendered":"https:\/\/www.greenpeace.org\/romania\/?p=10193"},"modified":"2026-04-02T14:26:54","modified_gmt":"2026-04-02T11:26:54","slug":"protest-greenpeaceautoritatile-ignora-pericolele-neptun-deep","status":"publish","type":"post","link":"https:\/\/www.greenpeace.org\/romania\/comunicat-presa\/10193\/protest-greenpeaceautoritatile-ignora-pericolele-neptun-deep\/","title":{"rendered":"Protest Greenpeace: \u201eAutorit\u0103\u021bile ignor\u0103 pericolele Neptun Deep\u201d"},"content":{"rendered":"\n<p><strong>31 octombrie, Constan\u021ba, Rom\u00e2nia<\/strong> &#8211; Activi\u0219tii Greenpeace protesteaz\u0103 la sediul Autorit\u0103\u021bii Competente pentru Reglementarea Opera\u021biunilor Petroliere Offshore (ACROPO) pentru a cere institu\u021biei s\u0103 respecte dreptul rom\u00e2nilor la un mediu s\u0103n\u0103tos \u0219i s\u0103 previn\u0103 pericolele proiectului Neptun Deep. Fa\u0163ada cl\u0103dirii a fost acoperit\u0103 de un banner care cere autorit\u0103\u021bii s\u0103 nu aprobe distrugerea M\u0103rii Negre, \u00een timp ce pe gardul din jur au fost afi\u0219ate pancarte care fac apel la oprirea proiectului Neptun Deep \u0219i protejarea M\u0103rii Negre.<br><\/p>\n\n<figure class=\"wp-block-image size-large\"><img loading=\"lazy\" decoding=\"async\" width=\"1024\" height=\"683\" src=\"https:\/\/www.greenpeace.org\/static\/planet4-romania-stateless\/2024\/10\/f08b71e7-copy-of-mic01180-1024x683.jpg\" alt=\"\" class=\"wp-image-10195\" srcset=\"https:\/\/www.greenpeace.org\/static\/planet4-romania-stateless\/2024\/10\/f08b71e7-copy-of-mic01180-1024x683.jpg 1024w, https:\/\/www.greenpeace.org\/static\/planet4-romania-stateless\/2024\/10\/f08b71e7-copy-of-mic01180-300x200.jpg 300w, https:\/\/www.greenpeace.org\/static\/planet4-romania-stateless\/2024\/10\/f08b71e7-copy-of-mic01180-768x512.jpg 768w, https:\/\/www.greenpeace.org\/static\/planet4-romania-stateless\/2024\/10\/f08b71e7-copy-of-mic01180-1536x1024.jpg 1536w, https:\/\/www.greenpeace.org\/static\/planet4-romania-stateless\/2024\/10\/f08b71e7-copy-of-mic01180-510x340.jpg 510w, https:\/\/www.greenpeace.org\/static\/planet4-romania-stateless\/2024\/10\/f08b71e7-copy-of-mic01180.jpg 2048w\" sizes=\"auto, (max-width: 1024px) 100vw, 1024px\" \/><\/figure>\n\n<p>Greenpeace Rom\u00e2nia invoc\u0103 starea precar\u0103 a <a href=\"https:\/\/www.greenpeace.org\/romania\/articol\/9513\/pericol-pe-o-platforma-omv-petrom-din-marea-neagra\/\">platformelor existente \u00een Marea Neagr\u0103, operate de OMV Petrom<\/a>, \u00een cazul c\u0103rora ACROPO refuz\u0103 s\u0103 intervin\u0103 corespunz\u0103tor de aproape un an. Organiza\u021bia de mediu solicit\u0103 autorit\u0103\u021bii s\u0103 ac\u021bioneze independent \u0219i s\u0103 protejeze interesele cet\u0103\u021benilor, a\u0219a cum prevede legea.<\/p>\n\n<p>\u201eAceast\u0103 autoritate nu reu\u0219e\u0219te s\u0103 apere interesele rom\u00e2nilor. Nereguli grave care pot duce la dezastre ecologice nu pot fi tolerate \u00eentr-un stat care ar trebui s\u0103 protejeze dreptul oamenilor la un mediu curat \u0219i s\u0103n\u0103tos. Nu putem avea \u00eencredere c\u0103 eliberarea de noi avize pentru viitoare proiecte, precum Neptun Deep, se realizeaz\u0103 \u00eentr-un mod competent \u0219i transparent. De aceea am venit \u00een aceast\u0103 zi simbolic\u0103, de Ziua Interna\u021bional\u0103 a M\u0103rii Negre, pentru a cere respectarea legii \u0219i grij\u0103 fa\u021b\u0103 de mediul care ne sus\u021bine via\u021ba\u201d, a declarat Alin T\u0103nase, coordonator de campanii la Greenpeace Rom\u00e2nia.<\/p>\n\n<p>Greenpeace Rom\u00e2nia a ini\u021biat demersuri legale \u0219i administrative prin care a solicitat verificarea situa\u021biei raportate \u0219i luarea m\u0103surilor ce se impun de c\u0103tre autorit\u0103\u021bile competente (Ministerul Mediului, ACROPO). De asemenea, Greenpeace Rom\u00e2nia a sesizat \u0219i Comisia European\u0103 \u00een leg\u0103tur\u0103 cu deficien\u021bele de supraveghere ale ACROPO, \u00een special \u00een efectuarea de inspec\u021bii la timp \u0219i eficiente, conform cerin\u021belor Directivei europene privind siguran\u0163a opera\u0163iunilor petroliere offshore.&nbsp;<\/p>\n\n<p>\u201eMarea Neagr\u0103 are nevoie de noi! \u00cen timp ce anumite companii neglijente pre\u021buiesc mai mult profitul dec\u00e2t s\u0103n\u0103tatea oamenilor \u0219i a planetei, autorit\u0103\u021bile care ar trebuii s\u0103 le reglementeze \u00eenchid ochii la platforme ruginite \u0219i la riscurile iminente asupra siguran\u021bei muncii \u0219i a mediului. Nu pot r\u0103m\u00e2ne indiferent\u0103 \u0219i pasiv\u0103.\u201d a declarat Diana Herdean, activist\u0103 de mediu prezent\u0103 la protest.<\/p>\n\n<figure class=\"wp-block-image size-large\"><img loading=\"lazy\" decoding=\"async\" width=\"1024\" height=\"683\" src=\"https:\/\/www.greenpeace.org\/static\/planet4-romania-stateless\/2024\/11\/427c66d6-mic01062-1024x683.jpg\" alt=\"\" class=\"wp-image-10201\" srcset=\"https:\/\/www.greenpeace.org\/static\/planet4-romania-stateless\/2024\/11\/427c66d6-mic01062-1024x683.jpg 1024w, https:\/\/www.greenpeace.org\/static\/planet4-romania-stateless\/2024\/11\/427c66d6-mic01062-300x200.jpg 300w, https:\/\/www.greenpeace.org\/static\/planet4-romania-stateless\/2024\/11\/427c66d6-mic01062-768x512.jpg 768w, https:\/\/www.greenpeace.org\/static\/planet4-romania-stateless\/2024\/11\/427c66d6-mic01062-1536x1024.jpg 1536w, https:\/\/www.greenpeace.org\/static\/planet4-romania-stateless\/2024\/11\/427c66d6-mic01062-510x340.jpg 510w, https:\/\/www.greenpeace.org\/static\/planet4-romania-stateless\/2024\/11\/427c66d6-mic01062.jpg 2048w\" sizes=\"auto, (max-width: 1024px) 100vw, 1024px\" \/><\/figure>\n\n<figure class=\"wp-block-image size-large\"><img loading=\"lazy\" decoding=\"async\" width=\"1024\" height=\"683\" src=\"https:\/\/www.greenpeace.org\/static\/planet4-romania-stateless\/2024\/10\/b301a576-copy-of-copy-of-mic01346-1024x683.jpg\" alt=\"\" class=\"wp-image-10196\" srcset=\"https:\/\/www.greenpeace.org\/static\/planet4-romania-stateless\/2024\/10\/b301a576-copy-of-copy-of-mic01346-1024x683.jpg 1024w, https:\/\/www.greenpeace.org\/static\/planet4-romania-stateless\/2024\/10\/b301a576-copy-of-copy-of-mic01346-300x200.jpg 300w, https:\/\/www.greenpeace.org\/static\/planet4-romania-stateless\/2024\/10\/b301a576-copy-of-copy-of-mic01346-768x512.jpg 768w, https:\/\/www.greenpeace.org\/static\/planet4-romania-stateless\/2024\/10\/b301a576-copy-of-copy-of-mic01346-1536x1024.jpg 1536w, https:\/\/www.greenpeace.org\/static\/planet4-romania-stateless\/2024\/10\/b301a576-copy-of-copy-of-mic01346-510x340.jpg 510w, https:\/\/www.greenpeace.org\/static\/planet4-romania-stateless\/2024\/10\/b301a576-copy-of-copy-of-mic01346.jpg 2048w\" sizes=\"auto, (max-width: 1024px) 100vw, 1024px\" \/><\/figure>\n\n<figure class=\"wp-block-image size-large\"><img loading=\"lazy\" decoding=\"async\" width=\"1024\" height=\"683\" src=\"https:\/\/www.greenpeace.org\/static\/planet4-romania-stateless\/2024\/10\/13d163a7-copy-of-mic01205-1024x683.jpg\" alt=\"\" class=\"wp-image-10198\" srcset=\"https:\/\/www.greenpeace.org\/static\/planet4-romania-stateless\/2024\/10\/13d163a7-copy-of-mic01205-1024x683.jpg 1024w, https:\/\/www.greenpeace.org\/static\/planet4-romania-stateless\/2024\/10\/13d163a7-copy-of-mic01205-300x200.jpg 300w, https:\/\/www.greenpeace.org\/static\/planet4-romania-stateless\/2024\/10\/13d163a7-copy-of-mic01205-768x512.jpg 768w, https:\/\/www.greenpeace.org\/static\/planet4-romania-stateless\/2024\/10\/13d163a7-copy-of-mic01205-1536x1024.jpg 1536w, https:\/\/www.greenpeace.org\/static\/planet4-romania-stateless\/2024\/10\/13d163a7-copy-of-mic01205-510x340.jpg 510w, https:\/\/www.greenpeace.org\/static\/planet4-romania-stateless\/2024\/10\/13d163a7-copy-of-mic01205.jpg 2048w\" sizes=\"auto, (max-width: 1024px) 100vw, 1024px\" \/><\/figure>\n","protected":false},"excerpt":{"rendered":"<p>Activi\u0219tii Greenpeace protesteaz\u0103 la sediul ACROPO pentru a cere institu\u021biei s\u0103 respecte dreptul rom\u00e2nilor la un mediu s\u0103n\u0103tos \u0219i s\u0103 previn\u0103 pericolele proiectului Neptun Deep.<\/p>\n","protected":false},"author":34,"featured_media":10195,"comment_status":"open","ping_status":"closed","sticky":false,"template":"","format":"standard","meta":{"ep_exclude_from_search":false,"p4_og_title":"","p4_og_description":"","p4_og_image":"","p4_og_image_id":"","p4_seo_canonical_url":"","p4_campaign_name":"","p4_local_project":"","p4_basket_name":"","p4_department":"","footnotes":""},"categories":[2,31],"tags":[125,102,135],"p4-page-type":[29],"class_list":["post-10193","post","type-post","status-publish","format-standard","has-post-thumbnail","hentry","category-clima-si-energie","category-greenpeace","tag-marea-neagra-gaz-fosil","tag-gaz-fosil-2","tag-greenpeace-1","p4-page-type-comunicat-presa"],"_links":{"self":[{"href":"https:\/\/www.greenpeace.org\/romania\/wp-json\/wp\/v2\/posts\/10193","targetHints":{"allow":["GET"]}}],"collection":[{"href":"https:\/\/www.greenpeace.org\/romania\/wp-json\/wp\/v2\/posts"}],"about":[{"href":"https:\/\/www.greenpeace.org\/romania\/wp-json\/wp\/v2\/types\/post"}],"author":[{"embeddable":true,"href":"https:\/\/www.greenpeace.org\/romania\/wp-json\/wp\/v2\/users\/34"}],"replies":[{"embeddable":true,"href":"https:\/\/www.greenpeace.org\/romania\/wp-json\/wp\/v2\/comments?post=10193"}],"version-history":[{"count":4,"href":"https:\/\/www.greenpeace.org\/romania\/wp-json\/wp\/v2\/posts\/10193\/revisions"}],"predecessor-version":[{"id":10202,"href":"https:\/\/www.greenpeace.org\/romania\/wp-json\/wp\/v2\/posts\/10193\/revisions\/10202"}],"wp:featuredmedia":[{"embeddable":true,"href":"https:\/\/www.greenpeace.org\/romania\/wp-json\/wp\/v2\/media\/10195"}],"wp:attachment":[{"href":"https:\/\/www.greenpeace.org\/romania\/wp-json\/wp\/v2\/media?parent=10193"}],"wp:term":[{"taxonomy":"category","embeddable":true,"href":"https:\/\/www.greenpeace.org\/romania\/wp-json\/wp\/v2\/categories?post=10193"},{"taxonomy":"post_tag","embeddable":true,"href":"https:\/\/www.greenpeace.org\/romania\/wp-json\/wp\/v2\/tags?post=10193"},{"taxonomy":"p4-page-type","embeddable":true,"href":"https:\/\/www.greenpeace.org\/romania\/wp-json\/wp\/v2\/p4-page-type?post=10193"}],"curies":[{"name":"wp","href":"https:\/\/api.w.org\/{rel}","templated":true}]}}