{"id":1036,"date":"2018-12-21T00:00:00","date_gmt":"2018-12-20T21:00:00","guid":{"rendered":"https:\/\/master.k8s.p4.greenpeace.org\/romania\/articol\/1036\/despre-paduri-in-2018\/"},"modified":"2021-03-01T11:11:25","modified_gmt":"2021-03-01T08:11:25","slug":"despre-paduri-in-2018","status":"publish","type":"post","link":"https:\/\/www.greenpeace.org\/romania\/articol\/1036\/despre-paduri-in-2018\/","title":{"rendered":"Despre p\u0103duri \u00een 2018"},"content":{"rendered":"<h2>Ce am f\u0103cut \u00een campania de p\u0103duri \u00een 2018<\/h2>\n<\/p>\n<div class=\"leader\" style=\"font-weight: bold;margin-bottom: 12px\">\n\tGreenpeace Rom\u00e2nia a lansat \u00een toamna acestui an aplica\u021bia de mobil Forest Guardians, care permite utilizatorilor s\u0103 se implice activ \u00een lupta pentru protejarea p\u0103durilor. De ce am f\u0103cut noi, un ONG de mediu, acest lucru, \u0219i nu autorit\u0103\u021bile responsabile de protejarea p\u0103durilor, afla\u021bi acum. <\/p>\n<\/div>\n<div>\n\t<span>La \u00eenceputul acestui an (februarie), sub pretextul extinderii, \u00eembun\u0103t\u0103\u021birii \u0219i renov\u0103rii serviciilor de utilitate public\u0103, <\/span><span>Comisia pentru Mediu a Senatului<\/span><span> a ini\u021biat <\/span><a href=\"https:\/\/www.greenpeace.org\/romania\/ro\/campanii\/paduri\/Activitati\/dezvoltare-fara-defrisare\/\"><span>o propunere legislativ\u0103 care ar fi permis defri\u0219\u0103ri \u00een cele mai valoroase p\u0103duri ale Rom\u00e2niei<\/span><\/a><span>: p\u0103durile virgine \u0219i cvasi-virgine. <\/span><br \/>\n<span>Dac\u0103 nu \u0219tia\u021bi, e cazul s\u0103 afla\u021bi acum: din cele 120.000 de hectare de <\/span><a href=\"https:\/\/www.greenpeace.org\/static\/planet4-romania-stateless\/2019\/07\/67a3cc9c-67a3cc9c-situa\u021bia_p\u0103durilor_virgine_din_rom\u00e2nia_low_res.pdf\"><span>p\u0103duri virgine estimate<\/span><\/a><span> ale Rom\u00e2niei, cas\u0103 a peste 13.000 de specii, doar 20.000 de hectare se afl\u0103 sub protec\u021bie strict\u0103. <\/span><br \/>\n<span>Ministerul Apelor \u0219i P\u0103durilor a promis \u00een ultimii ani identificarea \u0219i inventarierea acestor p\u0103duri, astfel \u00eenc\u00e2t ele s\u0103 fie incluse <\/span><span>\u00een <\/span><a href=\"https:\/\/www.greenpeace.org\/static\/planet4-romania-stateless\/2019\/07\/8150abe5-8150abe5-2016-12-07_prezentare_catalog_paduri_virgine1.pdf\"><span>Catalogul Na\u021bional al P\u0103durilor Virgine \u0219i Cvasivirgine<\/span><\/a><span>, proces care ar fi trebuit s\u0103 \u00eenceap\u0103 \u00een luna mai a acestui an. Acest lucru nu s-a \u00eent\u00e2mplat nici p\u00e2n\u0103 ast\u0103zi, iar lipsa de dialog dintre Minister \u0219i ONG-urile de mediu, plus societatea civil\u0103, sau atacurile asupra legisla\u021biei existente \u00een domeniu sunt semne clare c\u0103 nu se va \u00eent\u00e2mpla prea cur\u00e2nd ceva semnificativ \u00een domeniu.<\/span><\/p>\n<p>Astfel c\u0103 \u00een martie <a href=\"https:\/\/www.greenpeace.org\/romania\/ro\/campanii\/paduri\/Activitati\/protest-camera-deputatilor\/\">am participat la \u00eent\u00e2lnirile Parlamentului<\/a> \u0219i ne-am exprimat opiniile \u00eempotriva ini\u021biativei parlamentare. Al\u0103turi de ONG-urile de mediu partenere \u0219i speciali\u0219ti din domeniu, <a href=\"https:\/\/www.greenpeace.org\/romania\/ro\/campanii\/paduri\/Activitati\/Padurile-virgine-au-mai-scapat-de-un-atac\/\">am reu\u0219it s\u0103 \u00eempiedic\u0103m<\/a> trecerea acestei propuneri \u00een forma sa ini\u021bial\u0103. \u00cen cele din urm\u0103, legea a fost modificat\u0103 astfel \u00eenc\u00e2t cele mai valoroase p\u0103duri ale Rom\u00e2niei beneficiaz\u0103 \u00een continuare de teoretica protec\u021bie juridic\u0103.<\/p>\n<p><img loading=\"lazy\" decoding=\"async\" src=\"https:\/\/www.greenpeace.org\/static\/planet4-romania-stateless\/2019\/07\/a6f340c1-a6f340c1-actiunea_greenpeace_cdep.jpg\" alt=\"\" width=\"535\" height=\"359\"><\/p>\n<p>Tot \u00een prim\u0103vara acestui an ne-a fost semnalat <a href=\"https:\/\/www.greenpeace.org\/romania\/ro\/campanii\/paduri\/publicatii\/Lectia-din-Pocreaca\/\">un caz care ne-a dat speran\u021be<\/a>: elevii unei \u0219coli generale din Moldova s-au opus timp de dou\u0103 zile t\u0103ierilor copacilor din curtea \u0219colii.<\/p>\n<p><span>Am realizat un scurt film despre ei, astfel \u00eenc\u00e2t s\u0103 devin\u0103 un exemplu pentru cei care cred c\u0103 lucrurile nu se pot schimba.<\/span><br \/>\n<span><iframe loading=\"lazy\" frameborder=\"0\" height=\"289\" src=\"https:\/\/www.youtube.com\/embed\/Y5SU2umTubE\" width=\"531\"><\/iframe><\/span><\/p>\n<p><span><span>\u00a0<\/span><\/span><\/p>\n<p><span>La finalul verii am lansat <\/span><a href=\"https:\/\/www.greenpeace.org\/romania\/ro\/campanii\/paduri\/Raportul-taierilor-ilegale-din-padurile-Romaniei-in-2017\/\"><span>Raportul t\u0103ierilor ilegale din p\u0103durile Rom\u00e2niei \u00een 2017<\/span><\/a><span>. <\/span><span>Ve\u0219tile nu au fost bune &#8211; anul trecut autorit\u0103\u021bile au identificat la nivel na\u021bional 12.487 de cazuri de t\u0103ieri ilegale, \u00een medie 34 pe zi, cu 32% mai multe dec\u00e2t \u00een anul anterior. O contribu\u021bie important\u0103 \u00een identificarea acestor cazuri a avut-o societatea civil\u0103, \u00een unele jude\u021be &#8211; Dolj, Gorj, V\u00e2lcea &#8211; jum\u0103tate din cazurile investigate de autorit\u0103\u021bi fiind identificate de c\u0103tre cet\u0103\u021beni.<\/span><br \/>\n<img loading=\"lazy\" decoding=\"async\" src=\"https:\/\/www.greenpeace.org\/static\/planet4-romania-stateless\/2019\/07\/29a3de11-29a3de11-atentie-se-doboara-arbori.jpg\" alt=\"\" width=\"578\" height=\"385\"><br \/>\n\u00a0<br \/>\n<span>A\u0219a c\u0103 ne-am g\u00e2ndit s\u0103 d\u0103m cet\u0103\u021benilor un nou instrument cu ajutorul c\u0103ruia, \u00eempreun\u0103, s\u0103 continu\u0103m lupta \u00eempotriva t\u0103ierilor ilegale din p\u0103durile Rom\u00e2niei.<\/span><\/p>\n<p>Astfel, a ap\u0103rut <a href=\"https:\/\/forestguardians.ro\/\">Forest Guardians<\/a>, aplica\u021bia pentru mobil care permite utilizatorilor s\u0103 se implice activ \u00een lupta pentru protejarea p\u0103durilor \u0219i, \u00een mod special, a p\u0103durilor virgine, prin identificarea t\u0103ierilor ilegale \u0219i raportarea lor c\u0103tre autorit\u0103\u021bi. Aplica\u021bia este disponibil\u0103 \u00een Google Play Store \u0219i App Store. P\u00e2n\u0103 acum, peste 11.000 de cet\u0103\u021beni au desc\u0103rcat aplica\u021bia \u0219i au monitorizat aproximativ 30.000 de hectare de p\u0103duri.<\/p>\n<p><iframe loading=\"lazy\" frameborder=\"0\" height=\"315\" src=\"https:\/\/www.youtube.com\/embed\/EjTxnSllhOE\" width=\"560\"><\/iframe><\/p>\n<p><span>V\u0103 mul\u021bumim, a\u0219adar, pentru sus\u021binere \u0219i v\u0103 asigur\u0103m de faptul c\u0103 \u0219i \u00een 2019 vom fi cu ochii pe p\u0103duri, cer\u00e2nd \u00een continuare protec\u021bie pentru p\u0103durile virgine. <\/span><\/p>\n<p>Dac\u0103 vrei s\u0103 te implici, o po\u021bi face fie al\u0103tur\u00e2ndu-te Greenpeace Rom\u00e2nia \u00een calitate de <a href=\"https:\/\/www.greenpeace.org\/romania\/ro\/implica-te\/\">voluntar<\/a> sau <a href=\"https:\/\/secured.greenpeace.org\/romania\/ro\/doneaza\/\">don\u00e2nd<\/a>. Sprijinul t\u0103u este foarte important pentru noi!<\/p>\n<p><span><span>G<\/span><\/span>reenpeace nu accept\u0103 fonduri de la guverne \u0219i corpora\u021bii, ci doar de la persoane fizice \u0219i organiza\u021bii cu aceea\u0219i politic\u0103 de finan\u021bare.<\/p>\n<p>Pe cur\u00e2nd!<\/p>\n<p><span id=\"docs-internal-guid-c82e556a-7fff-1ca7-3b2f-dacf047bd0c1\"><\/p>\n<p><\/span><\/p>\n<\/div>\n","protected":false},"excerpt":{"rendered":"<div>\n\tGreenpeace Rom\u00e2nia a lansat \u00een toamna acestui an aplica\u021bia de mobil Forest Guardians, care permite utilizatorilor s\u0103 se implice activ \u00een lupta pentru protejarea p\u0103durilor. De ce am f\u0103cut noi, un ONG de mediu, acest lucru, \u0219i nu autorit\u0103\u021bile responsabile de protejarea p\u0103durilor, afla\u021bi acum. <\/p>\n<\/div>\n","protected":false},"author":34,"featured_media":1037,"comment_status":"open","ping_status":"closed","sticky":false,"template":"","format":"standard","meta":{"ep_exclude_from_search":false,"p4_og_title":"","p4_og_description":"","p4_og_image":"","p4_og_image_id":"","p4_seo_canonical_url":"","p4_campaign_name":"","p4_local_project":"","p4_basket_name":"","p4_department":"","footnotes":""},"categories":[3],"tags":[26,95,19],"p4-page-type":[30],"class_list":["post-1036","post","type-post","status-publish","format-standard","has-post-thumbnail","hentry","category-paduri","tag-activism","tag-taieri-ilegale","tag-biodiversitate","p4-page-type-articol"],"_links":{"self":[{"href":"https:\/\/www.greenpeace.org\/romania\/wp-json\/wp\/v2\/posts\/1036","targetHints":{"allow":["GET"]}}],"collection":[{"href":"https:\/\/www.greenpeace.org\/romania\/wp-json\/wp\/v2\/posts"}],"about":[{"href":"https:\/\/www.greenpeace.org\/romania\/wp-json\/wp\/v2\/types\/post"}],"author":[{"embeddable":true,"href":"https:\/\/www.greenpeace.org\/romania\/wp-json\/wp\/v2\/users\/34"}],"replies":[{"embeddable":true,"href":"https:\/\/www.greenpeace.org\/romania\/wp-json\/wp\/v2\/comments?post=1036"}],"version-history":[{"count":1,"href":"https:\/\/www.greenpeace.org\/romania\/wp-json\/wp\/v2\/posts\/1036\/revisions"}],"predecessor-version":[{"id":1041,"href":"https:\/\/www.greenpeace.org\/romania\/wp-json\/wp\/v2\/posts\/1036\/revisions\/1041"}],"wp:featuredmedia":[{"embeddable":true,"href":"https:\/\/www.greenpeace.org\/romania\/wp-json\/wp\/v2\/media\/1037"}],"wp:attachment":[{"href":"https:\/\/www.greenpeace.org\/romania\/wp-json\/wp\/v2\/media?parent=1036"}],"wp:term":[{"taxonomy":"category","embeddable":true,"href":"https:\/\/www.greenpeace.org\/romania\/wp-json\/wp\/v2\/categories?post=1036"},{"taxonomy":"post_tag","embeddable":true,"href":"https:\/\/www.greenpeace.org\/romania\/wp-json\/wp\/v2\/tags?post=1036"},{"taxonomy":"p4-page-type","embeddable":true,"href":"https:\/\/www.greenpeace.org\/romania\/wp-json\/wp\/v2\/p4-page-type?post=1036"}],"curies":[{"name":"wp","href":"https:\/\/api.w.org\/{rel}","templated":true}]}}