{"id":1042,"date":"2016-06-28T00:00:00","date_gmt":"2016-06-27T21:00:00","guid":{"rendered":"https:\/\/master.k8s.p4.greenpeace.org\/romania\/articol\/1042\/exista-viata-dupa-carbune\/"},"modified":"2019-11-06T12:04:28","modified_gmt":"2019-11-06T09:04:28","slug":"exista-viata-dupa-carbune","status":"publish","type":"post","link":"https:\/\/www.greenpeace.org\/romania\/articol\/1042\/exista-viata-dupa-carbune\/","title":{"rendered":"Exist\u0103 via\u021b\u0103 dup\u0103 c\u0103rbune?"},"content":{"rendered":"<h2>Filipe\u0219tii de P\u0103dure reprezint\u0103 un posibil exemplu pentru alte localit\u0103\u021bi ce vor face tranzi\u021bia de la dependen\u021ba de c\u0103rbune c\u0103tre alte op\u021biuni de dezvoltare<\/h2>\n<\/p>\n<div class=\"leader\" style=\"font-weight: bold;margin-bottom: 12px\">\n\tAceast\u0103 poveste nu este \u00eens\u0103 despre distrugerea mediului, despre impactul carierelor asupra vie\u021bii comunit\u0103\u021bilor sau cum ne afecteaz\u0103 c\u0103rbunele s\u0103n\u0103tatea. Este despre o zon\u0103 mono-industrial\u0103, despre cine g\u00e2nde\u0219te \u0219i pune \u00een aplicare o strategie pentru crearea unor alternative.\n<\/div>\n<div>\n<p style=\"text-align: left;\">Nu cu mult timp \u00een urm\u0103, dac\u0103 ziceai Gorj, \u00eemi veneau \u00een minte operele lui Br\u00e2ncu\u0219i \u0219i mun\u021bii frumo\u0219i din zon\u0103. Acum reac\u021bia imediat\u0103 este mirosul inconfundabil al c\u0103rbunelui ars, termocentrale gigant \u0219i dealuri \u00eenghi\u021bite de excavatoare at\u00e2t de mari \u00eenc\u00e2t nu le po\u021bi descrie prea u\u0219or, dar \u0219i oameni foarte preocupa\u021bi de men\u021binerea sau ob\u021binerea unui loc de munc\u0103.<\/p>\n<p style=\"text-align: left;\">\u00cen ultimii zeci de ani, Gorj a \u00eensemnat mineritul lignitului, un c\u0103rbune de calitate inferioar\u0103. Urm\u0103rile se v\u0103d din satelit, \u00eens\u0103 trebuie s\u0103 ajungi la una dintre cariere pentru a putea cuprinde m\u0103rimea lucrurilor.\u00a0<\/p>\n<p style=\"text-align: left;\">Aceast\u0103 poveste nu este \u00eens\u0103 despre distrugerea mediului, despre impactul carierelor asupra vie\u021bii comunit\u0103\u021bilor sau cum ne afecteaz\u0103 c\u0103rbunele s\u0103n\u0103tatea. Este despre o zon\u0103 mono-industrial\u0103, despre cine g\u00e2nde\u0219te \u0219i pune \u00een aplicare o strategie pentru crearea unor alternative.<\/p>\n<p style=\"text-align: left;\">Acum mai lucreaz\u0103 cu lignitul 15 000 de oameni, \u00een 12 cariere \u0219i cele 4 termocentrale asociate. Realitatea economic\u0103 \u0219i juridic\u0103 este ca lignitul va oferi din ce \u00een ce mai pu\u021bine locuri de munc\u0103 \u00een urm\u0103torii 10 ani. Pe de o parte, instala\u021biile ajung la sf\u00e2r\u0219itul duratei lor de via\u021b\u0103 \u0219i nu se mai construiesc termocentrale pe c\u0103rbune. Pe de cealalt\u0103 parte, termocentralele existente nu sunt profitabile \u0219i \u00een acela\u0219i timp trebuie s\u0103 investeasc\u0103 pentru a se conforma cu obliga\u021biile de reducere a polu\u0103rii. De asemenea, energia din c\u0103rbune are concuren\u021b\u0103 serioas\u0103 pe pia\u021b\u0103, o dat\u0103 cu dezvoltarea sectorului surselor regenerabile de energie.<\/p>\n<p style=\"text-align: left;\">Restructurarea la noi a \u00eensemnat \u00een linii mari disponibiliz\u0103ri cu salarii compensatorii, care \u00een multe cazuri se duc pe diverse cump\u0103r\u0103turi rapide. \u00cen afar\u0103 de salarii compensatorii, po\u021bi face ceva?<\/p>\n<p style=\"text-align: left;\">\u0218i a\u0219a am ajuns la Filipe\u0219tii de P\u0103dure, \u00een jude\u021bul Prahova, la 20 de minute de Ploie\u0219ti, pentru c\u0103 aici a existat o exploatare de lignit deschis\u0103 \u00een 1943. La Revolu\u021bie zona avea un profil mono-industrial, din cei aproximativ 10 100 de locuitori, 6 000 erau angaja\u021bi \u00een carier\u0103 \u0219i \u00een uzina de utilaj minier. Exploatarea nu era profitabil\u0103, astfel \u00eenc\u00e2t \u00een 1997 au \u00eenceput disponibiliz\u0103rile, zona a fost declarat\u0103 defavorizat\u0103, apoi au \u00eencetat subven\u021biile pentru c\u0103rbune. Treptat lignitul \u0219i-a pierdut din importan\u021b\u0103. Cu \u00eenchiderea minei de aici \u0219i a altora din \u021bar\u0103, \u0219i-a pierdut obiectul de activitate \u0219i uzina de utilaj minier. \u00cen prezent, la Filipe\u0219ti, mai lucreaz\u0103 zece oameni la carier\u0103.<\/p>\n<p style=\"text-align: left;\"><iframe loading=\"lazy\" frameborder=\"0\" height=\"350\" src=\"http:\/\/www.youtube.com\/embed\/dZMZtdcxTVc\" width=\"575\"><\/iframe><\/p>\n<p style=\"text-align: left;\">Lignit mai este \u00een zon\u0103, rezervele fiind estimate la 2 milioane de tone, dar eliminarea subven\u021biilor de la stat \u021bin c\u0103rbunele \u00een p\u0103m\u00e2nt. \u00cen prezent firma este \u00een insolven\u021b\u0103 \u0219i vine \u00eentrebarea: Cine readuce terenul distrus \u00eentr-o stare apropiat\u0103 de cea natural\u0103? Asta e alt\u0103 poveste.<\/p>\n<p style=\"text-align: left;\"><img loading=\"lazy\" decoding=\"async\" style=\"display: block; margin-left: auto; margin-right: auto;\" src=\"https:\/\/www.greenpeace.org\/static\/planet4-romania-stateless\/2019\/07\/8179565b-8179565b-filipesti-sat-miner.jpg\" alt=\"\" width=\"509\" height=\"601\"><\/p>\n<p style=\"text-align: center;\"><em>Satul Miner la 4 km distan\u021b\u0103 de Filipe\u0219tii de P\u0103dure &#8211; Credit foto: Alin T\u0103nase\/ Greenpeace<\/em><\/p>\n<p style=\"text-align: left;\">O fi fost statutul de zon\u0103 defavorizat\u0103 un element important al tranzi\u021biei? Timp de 4-5 ani, cu aceast\u0103 titulatur\u0103, zona a fost un fel de paradis fiscal \u0219i investitorii au \u00eenceput s\u0103 vin\u0103 cu zecile, pentru a beneficia de facilit\u0103\u021bi legate de taxele vamale, impozitul pe profit etc. \u00cen 1999 &#8211; 2000, aproximativ 80 firme \u0219i-au deschis activitatea \u00een Filipe\u0219tii de P\u0103dure \u0219i \u00een comunele \u00eenvecinate.<\/p>\n<p style=\"text-align: left;\">Responsabilitatea reconversiei profesionale a fost \u00eemp\u0103r\u021bit\u0103 \u00eentre Agen\u021bia Jude\u021bean\u0103 pentru Ocuparea For\u021bei de Munc\u0103 Prahova \u0219i angajatori. Au fost organizate c\u00e2teva cursuri, \u00eens\u0103 reconversia profesional\u0103 nu a func\u021bionat pentru toat\u0103 lumea. De la exploatarea minier\u0103 mai mul\u021bi au vrut sa ias\u0103 la pensie la 45 de ani, pentru c\u0103 a\u0219a prevedea legisla\u021bia de atunci. Au beneficiat \u0219i de ajutoare de la guvern pe o perioad\u0103 de 2-3 ani. O alt\u0103 parte din oameni a plecat \u00een str\u0103in\u0103tate.<\/p>\n<p style=\"text-align: left;\">Totu\u0219i o parte din angaja\u021bi au fost recalifica\u021bi, din mineri au ajuns s\u0103 fie m\u0103celari, b\u0103rba\u021bii de la uzin\u0103 au trecut spre confec\u021bii metalice, iar femeile la confec\u021bii textile. Liceul din comun\u0103 a \u00eencetat s\u0103 preg\u0103teasc\u0103 electricieni \u0219i l\u0103c\u0103tu\u0219i de min\u0103 \u0219i a adus specializ\u0103ri de cofetar, m\u0103celar, textilist, iar tinerii absolven\u021bi au locul de munc\u0103 asigurat la firmele din zon\u0103 \u00eenc\u0103 de pe b\u0103ncile liceului.<\/p>\n<p style=\"text-align: left;\">\u00cen prezent, Filipe\u0219tii de P\u0103dure nu mai este zon\u0103 defavorizat\u0103 \u0219i o parte din firme au plecat. Num\u0103rul \u0219omerilor \u00a0atingea \u00een 2015, dup\u0103 unele estim\u0103ri, 517 persoane dintr-un total de aproximativ 10 300 de locuitori.<\/p>\n<p style=\"text-align: left;\">Am ajuns la Filipe\u0219tii de P\u0103dure \u00eentr-o zi de prim\u0103var\u0103. Am g\u0103sit o comun\u0103 cu asfalt bun pe str\u0103zi, trotuare curate, canalizare, racordat\u0103 la gaze, cu fabrici de prelucrare a c\u0103rnii cu un total de peste 1500 de angaja\u021bi, fabric\u0103 de medicamente, de confec\u021bii metalice \u0219i textile. Primarul ne-a povestit \u0219i despre noi investi\u021bii atrase \u00een domenii precum \u00eembutelierea gazului, prelucrarea r\u0103\u0219inilor \u0219i prelucrarea lemnului care au generat alte sute de locuri de munc\u0103. \u00cen comun\u0103 este \u0219i o sta\u021bie de produc\u021bie a biogazului, care folose\u0219te materii vegetale \u0219i gr\u0103simi, inclusiv de la fabricile de prelucrare a c\u0103rnii din zon\u0103. Biogazul este folosit \u00eentr-o central\u0103 de cogenerare a energiei electrice \u0219i termice.<\/p>\n<p style=\"text-align: left;\">\u00a0<img loading=\"lazy\" decoding=\"async\" src=\"https:\/\/www.greenpeace.org\/static\/planet4-romania-stateless\/2019\/07\/1421acda-1421acda-filipesti-centru.jpg\" alt=\"\" width=\"575\" height=\"348\"><\/p>\n<p style=\"text-align: center;\" align=\"center\"><em>Zona central\u0103 din Filipe\u0219tii de P\u0103dure &#8211; Credit foto: Alin T\u0103nase\/ Greenpeace\u00a0<\/em><\/p>\n<p style=\"text-align: left;\" align=\"center\">Astfel zona care p\u00e2n\u0103 acum c\u00e2\u021biva ani \u00ee\u0219i baza viitorul pe lignit, a cunoscut o dezvoltare \u0219i diversificare a \u00a0economiei. Acest fapt ce se resimte \u0219i \u00een bugetul prim\u0103riei care cre\u0219te anual, \u00een mare parte mul\u021bumit\u0103 firmelor din zon\u0103 care contribuie prin taxe \u0219i impozite.<\/p>\n<p style=\"text-align: left;\" align=\"center\">Se pare c\u0103 ceva a func\u021bionat, c\u0103 exist\u0103 via\u021b\u0103 \u0219i dup\u0103 c\u0103rbune.<\/p>\n<p style=\"text-align: left;\">\u00cen schimb, multe comunit\u0103\u021bi din Gorj sunt \u00eentr-o situa\u021bie foarte dificil\u0103. Cu c\u00e2teva mii de disponibiliz\u0103ri la Complexul Energetic Oltenia \u0219i \u00eenchideri de cariere anun\u021bate pentru urm\u0103torii ani, este clar c\u0103 industria lignitului se va stinge rapid iar locurile de munc\u0103 vor fi din ce \u00een ce mai pu\u021bine. Acest moment trebuie privit ca \u00eenceputul unei tranzi\u021bii prin care s\u0103 se ofere alternative \u00een Gorj.<\/p>\n<p style=\"text-align: left;\">\u00cenainte s\u0103 fie prea t\u00e2rziu, sunt necesare planuri realiste pentru atragerea de noi sectoare economice \u00een localit\u0103\u021bile afectate. Este foarte important\u0103 stimularea investi\u021biilor \u00een domenii noi de activitate, investi\u021bii \u00een m\u0103sur\u0103 s\u0103 absoarb\u0103 for\u021ba de munc\u0103 disponibilizat\u0103 din minerit-energie. Mii de mineri \u0219i energeticieni au fost, sunt \u0219i vor mai fi concedia\u021bi \u00een aceast\u0103 decad\u0103. Liderii locali pot privi cu m\u00e2inile-n s\u00e2n restr\u00e2ngerea singurului sector economic major din jude\u021b p\u00e2n\u0103 la dispari\u021bia acestuia sau pot pune bazele unui proces de redresare economic\u0103, \u00een paralel. E nevoie de g\u00e2ndire pe termen lung \u0219i de ac\u021biune comun\u0103, de la nivel local \u0219i central pentru a dep\u0103\u0219i capcana dependen\u021bei mono-industriale a zonei.<\/p>\n<p style=\"text-align: left;\">Apropo de lideri locali, vin alegerile \u2013 o foarte bun\u0103 ocazie pentru gorjeni s\u0103 cear\u0103 politicienilor o strategie pentru viitorul zonei. Una pentru dep\u0103\u0219irea caracterului monoindustrial al unor ora\u0219e precum Rovinari, Turceni, Motru sau M\u0103t\u0103sari.<\/p>\n<p style=\"text-align: left;\"><em>Aticol de Ionu\u021b Apostol &#8211; Director de Campanii \u0219i Alin T\u0103nase &#8211; Junior Campaigner\u00a0<\/em><\/p>\n<\/div>\n","protected":false},"excerpt":{"rendered":"<div>\n\tAceast\u0103 poveste nu este \u00eens\u0103 despre distrugerea mediului, despre impactul carierelor asupra vie\u021bii comunit\u0103\u021bilor sau cum ne afecteaz\u0103 c\u0103rbunele s\u0103n\u0103tatea. Este despre o zon\u0103 mono-industrial\u0103, despre cine g\u00e2nde\u0219te \u0219i pune \u00een aplicare o strategie pentru crearea unor alternative.\n<\/div>\n","protected":false},"author":34,"featured_media":1043,"comment_status":"closed","ping_status":"closed","sticky":false,"template":"","format":"standard","meta":{"ep_exclude_from_search":false,"p4_og_title":"","p4_og_description":"","p4_og_image":"","p4_og_image_id":"","p4_seo_canonical_url":"","p4_campaign_name":"","p4_local_project":"","p4_basket_name":"","p4_department":"","footnotes":""},"categories":[2],"tags":[18],"p4-page-type":[30],"class_list":["post-1042","post","type-post","status-publish","format-standard","has-post-thumbnail","hentry","category-clima-si-energie","tag-carbune","p4-page-type-articol"],"_links":{"self":[{"href":"https:\/\/www.greenpeace.org\/romania\/wp-json\/wp\/v2\/posts\/1042","targetHints":{"allow":["GET"]}}],"collection":[{"href":"https:\/\/www.greenpeace.org\/romania\/wp-json\/wp\/v2\/posts"}],"about":[{"href":"https:\/\/www.greenpeace.org\/romania\/wp-json\/wp\/v2\/types\/post"}],"author":[{"embeddable":true,"href":"https:\/\/www.greenpeace.org\/romania\/wp-json\/wp\/v2\/users\/34"}],"replies":[{"embeddable":true,"href":"https:\/\/www.greenpeace.org\/romania\/wp-json\/wp\/v2\/comments?post=1042"}],"version-history":[{"count":1,"href":"https:\/\/www.greenpeace.org\/romania\/wp-json\/wp\/v2\/posts\/1042\/revisions"}],"predecessor-version":[{"id":1045,"href":"https:\/\/www.greenpeace.org\/romania\/wp-json\/wp\/v2\/posts\/1042\/revisions\/1045"}],"wp:featuredmedia":[{"embeddable":true,"href":"https:\/\/www.greenpeace.org\/romania\/wp-json\/wp\/v2\/media\/1043"}],"wp:attachment":[{"href":"https:\/\/www.greenpeace.org\/romania\/wp-json\/wp\/v2\/media?parent=1042"}],"wp:term":[{"taxonomy":"category","embeddable":true,"href":"https:\/\/www.greenpeace.org\/romania\/wp-json\/wp\/v2\/categories?post=1042"},{"taxonomy":"post_tag","embeddable":true,"href":"https:\/\/www.greenpeace.org\/romania\/wp-json\/wp\/v2\/tags?post=1042"},{"taxonomy":"p4-page-type","embeddable":true,"href":"https:\/\/www.greenpeace.org\/romania\/wp-json\/wp\/v2\/p4-page-type?post=1042"}],"curies":[{"name":"wp","href":"https:\/\/api.w.org\/{rel}","templated":true}]}}