{"id":10501,"date":"2025-03-14T10:49:49","date_gmt":"2025-03-14T08:49:49","guid":{"rendered":"https:\/\/www.greenpeace.org\/romania\/?p=10501"},"modified":"2026-04-02T14:13:10","modified_gmt":"2026-04-02T11:13:10","slug":"cum-a-fost-la-power-up-women","status":"publish","type":"post","link":"https:\/\/www.greenpeace.org\/romania\/articol\/10501\/cum-a-fost-la-power-up-women\/","title":{"rendered":"Cum a fost la Power Up Women"},"content":{"rendered":"\n<p>S\u00e2mb\u0103t\u0103, 8 martie, ne-am adunat la Manasia HUB pentru o discu\u021bie dificil\u0103, dar necesar\u0103 \u2013 despre s\u0103r\u0103cia energetic\u0103. Despre c\u00e2t de diferit o resim\u021bim, \u00een func\u021bie de cine suntem, unde ne afl\u0103m \u00een societate \u0219i ce privilegii avem (sau nu avem).<\/p>\n\n<p>A\u0219a cum au punctat \u0219i membrele panelului: s\u0103r\u0103cia r\u0103m\u00e2ne s\u0103r\u0103cie, indiferent de forma pe care o ia. \u0218i da, astfel de conversa\u021bii sunt grele, uneori ap\u0103s\u0103toare. Dar sunt \u0219i esen\u021biale pentru a \u00een\u021belege problemele pe care le tr\u0103iesc cei de l\u00e2ng\u0103 noi. <\/p>\n\n<p>Ne bucur\u0103m c\u0103 am fost \u00eempreun\u0103, c\u0103 am putut vorbi deschis \u0219i c\u0103 oamenii din public nu doar c\u0103 au r\u0103mas p\u00e2n\u0103 la final, dar au ascultat, au participat \u0219i au pus \u00eentreb\u0103ri.<\/p>\n\n<p>Am plecat cu g\u00e2ndul c\u0103, la fel cum o comunitate energetic\u0103 func\u021bioneaz\u0103 pe principii democratice, av\u00e2nd grij\u0103 de to\u021bi membrii ei, \u0219i astfel de \u00eent\u00e2lniri creeaz\u0103 un spa\u021biu incluziv, unde fiecare voce conteaz\u0103.<\/p>\n\n<p>Seara a fost completat\u0103 de NVMORE \u0219i Eligarf, care ne-au adus un strop de culoare \u0219i energie.<\/p>\n\n<p>Am ales \u0219i c\u00e2teva fotografii, ca s\u0103 \u00eemp\u0103rt\u0103\u0219im cu voi atmosfera \u0219i emo\u021bia serii.<\/p>\n<div data-hydrate=\"planet4-blocks\/gallery\" data-attributes=\"{&quot;attributes&quot;:{&quot;multiple_image&quot;:&quot;10515,10518,10510,10503,10505,10514,10511,10509&quot;,&quot;gallery_block_focus_points&quot;:&quot;{\\&quot;undefined\\&quot;:\\&quot;50% 49%\\&quot;}&quot;,&quot;image_data&quot;:[{&quot;url&quot;:&quot;https:\\\/\\\/www.greenpeace.org\\\/static\\\/planet4-romania-stateless\\\/2025\\\/03\\\/b3ae6042-70-scaled.jpg&quot;,&quot;focalPoint&quot;:{&quot;x&quot;:0.5,&quot;y&quot;:0.5},&quot;id&quot;:10515},{&quot;url&quot;:&quot;https:\\\/\\\/www.greenpeace.org\\\/static\\\/planet4-romania-stateless\\\/2025\\\/03\\\/9052a975-67-scaled.jpg&quot;,&quot;focalPoint&quot;:{&quot;x&quot;:0.5,&quot;y&quot;:0.5},&quot;id&quot;:10518},{&quot;url&quot;:&quot;https:\\\/\\\/www.greenpeace.org\\\/static\\\/planet4-romania-stateless\\\/2025\\\/03\\\/b3ae6042-45-scaled.jpg&quot;,&quot;focalPoint&quot;:{&quot;x&quot;:0.5,&quot;y&quot;:0.5},&quot;id&quot;:10510},{&quot;url&quot;:&quot;https:\\\/\\\/www.greenpeace.org\\\/static\\\/planet4-romania-stateless\\\/2025\\\/03\\\/4b9d7fd4-43-scaled.jpg&quot;,&quot;focalPoint&quot;:{&quot;x&quot;:0.5,&quot;y&quot;:0.5},&quot;id&quot;:10503},{&quot;url&quot;:&quot;https:\\\/\\\/www.greenpeace.org\\\/static\\\/planet4-romania-stateless\\\/2025\\\/03\\\/99e653ca-29-scaled.jpg&quot;,&quot;focalPoint&quot;:{&quot;x&quot;:0.5,&quot;y&quot;:0.5},&quot;id&quot;:10505},{&quot;url&quot;:&quot;https:\\\/\\\/www.greenpeace.org\\\/static\\\/planet4-romania-stateless\\\/2025\\\/03\\\/b3ae6042-22-scaled.jpg&quot;,&quot;focalPoint&quot;:{&quot;x&quot;:0.5,&quot;y&quot;:0.5},&quot;id&quot;:10514},{&quot;url&quot;:&quot;https:\\\/\\\/www.greenpeace.org\\\/static\\\/planet4-romania-stateless\\\/2025\\\/03\\\/b3ae6042-15-scaled.jpg&quot;,&quot;focalPoint&quot;:{&quot;x&quot;:0.5,&quot;y&quot;:0.5},&quot;id&quot;:10511},{&quot;url&quot;:&quot;https:\\\/\\\/www.greenpeace.org\\\/static\\\/planet4-romania-stateless\\\/2025\\\/03\\\/99e653ca-4-scaled.jpg&quot;,&quot;focalPoint&quot;:{&quot;x&quot;:0.5,&quot;y&quot;:0.5},&quot;id&quot;:10509}],&quot;gallery_block_style&quot;:0,&quot;gallery_block_title&quot;:&quot;&quot;,&quot;gallery_block_description&quot;:&quot;&quot;,&quot;images&quot;:[{&quot;image_src&quot;:&quot;https:\\\/\\\/www.greenpeace.org\\\/static\\\/planet4-romania-stateless\\\/2025\\\/03\\\/b3ae6042-70-scaled.jpg&quot;,&quot;image_srcset&quot;:&quot;https:\\\/\\\/www.greenpeace.org\\\/static\\\/planet4-romania-stateless\\\/2025\\\/03\\\/b3ae6042-70-scaled.jpg 2560w, https:\\\/\\\/www.greenpeace.org\\\/static\\\/planet4-romania-stateless\\\/2025\\\/03\\\/b3ae6042-70-300x200.jpg 300w, https:\\\/\\\/www.greenpeace.org\\\/static\\\/planet4-romania-stateless\\\/2025\\\/03\\\/b3ae6042-70-1024x683.jpg 1024w, https:\\\/\\\/www.greenpeace.org\\\/static\\\/planet4-romania-stateless\\\/2025\\\/03\\\/b3ae6042-70-768x512.jpg 768w, https:\\\/\\\/www.greenpeace.org\\\/static\\\/planet4-romania-stateless\\\/2025\\\/03\\\/b3ae6042-70-1536x1024.jpg 1536w, https:\\\/\\\/www.greenpeace.org\\\/static\\\/planet4-romania-stateless\\\/2025\\\/03\\\/b3ae6042-70-2048x1366.jpg 2048w, https:\\\/\\\/www.greenpeace.org\\\/static\\\/planet4-romania-stateless\\\/2025\\\/03\\\/b3ae6042-70-510x340.jpg 510w&quot;,&quot;image_sizes&quot;:false,&quot;alt_text&quot;:&quot;&quot;,&quot;caption&quot;:&quot;&quot;,&quot;focus_image&quot;:&quot;&quot;,&quot;credits&quot;:&quot;&quot;},{&quot;image_src&quot;:&quot;https:\\\/\\\/www.greenpeace.org\\\/static\\\/planet4-romania-stateless\\\/2025\\\/03\\\/9052a975-67-scaled.jpg&quot;,&quot;image_srcset&quot;:&quot;https:\\\/\\\/www.greenpeace.org\\\/static\\\/planet4-romania-stateless\\\/2025\\\/03\\\/9052a975-67-scaled.jpg 2560w, https:\\\/\\\/www.greenpeace.org\\\/static\\\/planet4-romania-stateless\\\/2025\\\/03\\\/9052a975-67-300x200.jpg 300w, https:\\\/\\\/www.greenpeace.org\\\/static\\\/planet4-romania-stateless\\\/2025\\\/03\\\/9052a975-67-1024x683.jpg 1024w, https:\\\/\\\/www.greenpeace.org\\\/static\\\/planet4-romania-stateless\\\/2025\\\/03\\\/9052a975-67-768x512.jpg 768w, https:\\\/\\\/www.greenpeace.org\\\/static\\\/planet4-romania-stateless\\\/2025\\\/03\\\/9052a975-67-1536x1024.jpg 1536w, https:\\\/\\\/www.greenpeace.org\\\/static\\\/planet4-romania-stateless\\\/2025\\\/03\\\/9052a975-67-2048x1366.jpg 2048w, https:\\\/\\\/www.greenpeace.org\\\/static\\\/planet4-romania-stateless\\\/2025\\\/03\\\/9052a975-67-510x340.jpg 510w&quot;,&quot;image_sizes&quot;:false,&quot;alt_text&quot;:&quot;&quot;,&quot;caption&quot;:&quot;&quot;,&quot;focus_image&quot;:&quot;&quot;,&quot;credits&quot;:&quot;&quot;},{&quot;image_src&quot;:&quot;https:\\\/\\\/www.greenpeace.org\\\/static\\\/planet4-romania-stateless\\\/2025\\\/03\\\/b3ae6042-45-scaled.jpg&quot;,&quot;image_srcset&quot;:&quot;https:\\\/\\\/www.greenpeace.org\\\/static\\\/planet4-romania-stateless\\\/2025\\\/03\\\/b3ae6042-45-scaled.jpg 2560w, https:\\\/\\\/www.greenpeace.org\\\/static\\\/planet4-romania-stateless\\\/2025\\\/03\\\/b3ae6042-45-300x200.jpg 300w, https:\\\/\\\/www.greenpeace.org\\\/static\\\/planet4-romania-stateless\\\/2025\\\/03\\\/b3ae6042-45-1024x683.jpg 1024w, https:\\\/\\\/www.greenpeace.org\\\/static\\\/planet4-romania-stateless\\\/2025\\\/03\\\/b3ae6042-45-768x512.jpg 768w, https:\\\/\\\/www.greenpeace.org\\\/static\\\/planet4-romania-stateless\\\/2025\\\/03\\\/b3ae6042-45-1536x1024.jpg 1536w, https:\\\/\\\/www.greenpeace.org\\\/static\\\/planet4-romania-stateless\\\/2025\\\/03\\\/b3ae6042-45-2048x1366.jpg 2048w, https:\\\/\\\/www.greenpeace.org\\\/static\\\/planet4-romania-stateless\\\/2025\\\/03\\\/b3ae6042-45-510x340.jpg 510w&quot;,&quot;image_sizes&quot;:false,&quot;alt_text&quot;:&quot;&quot;,&quot;caption&quot;:&quot;&quot;,&quot;focus_image&quot;:&quot;&quot;,&quot;credits&quot;:&quot;&quot;},{&quot;image_src&quot;:&quot;https:\\\/\\\/www.greenpeace.org\\\/static\\\/planet4-romania-stateless\\\/2025\\\/03\\\/4b9d7fd4-43-scaled.jpg&quot;,&quot;image_srcset&quot;:&quot;https:\\\/\\\/www.greenpeace.org\\\/static\\\/planet4-romania-stateless\\\/2025\\\/03\\\/4b9d7fd4-43-scaled.jpg 2560w, https:\\\/\\\/www.greenpeace.org\\\/static\\\/planet4-romania-stateless\\\/2025\\\/03\\\/4b9d7fd4-43-300x200.jpg 300w, https:\\\/\\\/www.greenpeace.org\\\/static\\\/planet4-romania-stateless\\\/2025\\\/03\\\/4b9d7fd4-43-1024x683.jpg 1024w, https:\\\/\\\/www.greenpeace.org\\\/static\\\/planet4-romania-stateless\\\/2025\\\/03\\\/4b9d7fd4-43-768x512.jpg 768w, https:\\\/\\\/www.greenpeace.org\\\/static\\\/planet4-romania-stateless\\\/2025\\\/03\\\/4b9d7fd4-43-1536x1024.jpg 1536w, https:\\\/\\\/www.greenpeace.org\\\/static\\\/planet4-romania-stateless\\\/2025\\\/03\\\/4b9d7fd4-43-2048x1366.jpg 2048w, https:\\\/\\\/www.greenpeace.org\\\/static\\\/planet4-romania-stateless\\\/2025\\\/03\\\/4b9d7fd4-43-510x340.jpg 510w&quot;,&quot;image_sizes&quot;:false,&quot;alt_text&quot;:&quot;&quot;,&quot;caption&quot;:&quot;&quot;,&quot;focus_image&quot;:&quot;&quot;,&quot;credits&quot;:&quot;&quot;},{&quot;image_src&quot;:&quot;https:\\\/\\\/www.greenpeace.org\\\/static\\\/planet4-romania-stateless\\\/2025\\\/03\\\/99e653ca-29-scaled.jpg&quot;,&quot;image_srcset&quot;:&quot;https:\\\/\\\/www.greenpeace.org\\\/static\\\/planet4-romania-stateless\\\/2025\\\/03\\\/99e653ca-29-scaled.jpg 2560w, https:\\\/\\\/www.greenpeace.org\\\/static\\\/planet4-romania-stateless\\\/2025\\\/03\\\/99e653ca-29-300x200.jpg 300w, https:\\\/\\\/www.greenpeace.org\\\/static\\\/planet4-romania-stateless\\\/2025\\\/03\\\/99e653ca-29-1024x683.jpg 1024w, https:\\\/\\\/www.greenpeace.org\\\/static\\\/planet4-romania-stateless\\\/2025\\\/03\\\/99e653ca-29-768x512.jpg 768w, https:\\\/\\\/www.greenpeace.org\\\/static\\\/planet4-romania-stateless\\\/2025\\\/03\\\/99e653ca-29-1536x1024.jpg 1536w, https:\\\/\\\/www.greenpeace.org\\\/static\\\/planet4-romania-stateless\\\/2025\\\/03\\\/99e653ca-29-2048x1366.jpg 2048w, https:\\\/\\\/www.greenpeace.org\\\/static\\\/planet4-romania-stateless\\\/2025\\\/03\\\/99e653ca-29-510x340.jpg 510w&quot;,&quot;image_sizes&quot;:false,&quot;alt_text&quot;:&quot;&quot;,&quot;caption&quot;:&quot;&quot;,&quot;focus_image&quot;:&quot;&quot;,&quot;credits&quot;:&quot;&quot;},{&quot;image_src&quot;:&quot;https:\\\/\\\/www.greenpeace.org\\\/static\\\/planet4-romania-stateless\\\/2025\\\/03\\\/b3ae6042-22-scaled.jpg&quot;,&quot;image_srcset&quot;:&quot;https:\\\/\\\/www.greenpeace.org\\\/static\\\/planet4-romania-stateless\\\/2025\\\/03\\\/b3ae6042-22-scaled.jpg 2560w, https:\\\/\\\/www.greenpeace.org\\\/static\\\/planet4-romania-stateless\\\/2025\\\/03\\\/b3ae6042-22-300x200.jpg 300w, https:\\\/\\\/www.greenpeace.org\\\/static\\\/planet4-romania-stateless\\\/2025\\\/03\\\/b3ae6042-22-1024x683.jpg 1024w, https:\\\/\\\/www.greenpeace.org\\\/static\\\/planet4-romania-stateless\\\/2025\\\/03\\\/b3ae6042-22-768x512.jpg 768w, https:\\\/\\\/www.greenpeace.org\\\/static\\\/planet4-romania-stateless\\\/2025\\\/03\\\/b3ae6042-22-1536x1024.jpg 1536w, https:\\\/\\\/www.greenpeace.org\\\/static\\\/planet4-romania-stateless\\\/2025\\\/03\\\/b3ae6042-22-2048x1366.jpg 2048w, https:\\\/\\\/www.greenpeace.org\\\/static\\\/planet4-romania-stateless\\\/2025\\\/03\\\/b3ae6042-22-510x340.jpg 510w&quot;,&quot;image_sizes&quot;:false,&quot;alt_text&quot;:&quot;&quot;,&quot;caption&quot;:&quot;&quot;,&quot;focus_image&quot;:&quot;&quot;,&quot;credits&quot;:&quot;&quot;},{&quot;image_src&quot;:&quot;https:\\\/\\\/www.greenpeace.org\\\/static\\\/planet4-romania-stateless\\\/2025\\\/03\\\/b3ae6042-15-scaled.jpg&quot;,&quot;image_srcset&quot;:&quot;https:\\\/\\\/www.greenpeace.org\\\/static\\\/planet4-romania-stateless\\\/2025\\\/03\\\/b3ae6042-15-scaled.jpg 2560w, https:\\\/\\\/www.greenpeace.org\\\/static\\\/planet4-romania-stateless\\\/2025\\\/03\\\/b3ae6042-15-300x200.jpg 300w, https:\\\/\\\/www.greenpeace.org\\\/static\\\/planet4-romania-stateless\\\/2025\\\/03\\\/b3ae6042-15-1024x683.jpg 1024w, https:\\\/\\\/www.greenpeace.org\\\/static\\\/planet4-romania-stateless\\\/2025\\\/03\\\/b3ae6042-15-768x512.jpg 768w, https:\\\/\\\/www.greenpeace.org\\\/static\\\/planet4-romania-stateless\\\/2025\\\/03\\\/b3ae6042-15-1536x1024.jpg 1536w, https:\\\/\\\/www.greenpeace.org\\\/static\\\/planet4-romania-stateless\\\/2025\\\/03\\\/b3ae6042-15-2048x1366.jpg 2048w, https:\\\/\\\/www.greenpeace.org\\\/static\\\/planet4-romania-stateless\\\/2025\\\/03\\\/b3ae6042-15-510x340.jpg 510w&quot;,&quot;image_sizes&quot;:false,&quot;alt_text&quot;:&quot;&quot;,&quot;caption&quot;:&quot;&quot;,&quot;focus_image&quot;:&quot;&quot;,&quot;credits&quot;:&quot;&quot;},{&quot;image_src&quot;:&quot;https:\\\/\\\/www.greenpeace.org\\\/static\\\/planet4-romania-stateless\\\/2025\\\/03\\\/99e653ca-4-scaled.jpg&quot;,&quot;image_srcset&quot;:&quot;https:\\\/\\\/www.greenpeace.org\\\/static\\\/planet4-romania-stateless\\\/2025\\\/03\\\/99e653ca-4-scaled.jpg 2560w, https:\\\/\\\/www.greenpeace.org\\\/static\\\/planet4-romania-stateless\\\/2025\\\/03\\\/99e653ca-4-300x200.jpg 300w, https:\\\/\\\/www.greenpeace.org\\\/static\\\/planet4-romania-stateless\\\/2025\\\/03\\\/99e653ca-4-1024x683.jpg 1024w, https:\\\/\\\/www.greenpeace.org\\\/static\\\/planet4-romania-stateless\\\/2025\\\/03\\\/99e653ca-4-768x512.jpg 768w, https:\\\/\\\/www.greenpeace.org\\\/static\\\/planet4-romania-stateless\\\/2025\\\/03\\\/99e653ca-4-1536x1024.jpg 1536w, https:\\\/\\\/www.greenpeace.org\\\/static\\\/planet4-romania-stateless\\\/2025\\\/03\\\/99e653ca-4-2048x1366.jpg 2048w, https:\\\/\\\/www.greenpeace.org\\\/static\\\/planet4-romania-stateless\\\/2025\\\/03\\\/99e653ca-4-510x340.jpg 510w&quot;,&quot;image_sizes&quot;:false,&quot;alt_text&quot;:&quot;&quot;,&quot;caption&quot;:&quot;&quot;,&quot;focus_image&quot;:&quot;&quot;,&quot;credits&quot;:&quot;&quot;}]}}\"><section class=\"block carousel-wrap \"><\/section><\/div>","protected":false},"excerpt":{"rendered":"<p>Ne bucur\u0103m c\u0103 am fost \u00eempreun\u0103, c\u0103 am putut vorbi deschis \u0219i c\u0103 oamenii din public nu doar c\u0103 au r\u0103mas p\u00e2n\u0103 la final, dar au ascultat, au participat \u0219i au pus \u00eentreb\u0103ri.<\/p>\n","protected":false},"author":68,"featured_media":10503,"comment_status":"open","ping_status":"closed","sticky":false,"template":"","format":"standard","meta":{"ep_exclude_from_search":false,"p4_og_title":"","p4_og_description":"","p4_og_image":"","p4_og_image_id":"","p4_seo_canonical_url":"","p4_campaign_name":"","p4_local_project":"","p4_basket_name":"","p4_department":"","footnotes":""},"categories":[138],"tags":[135],"p4-page-type":[],"class_list":["post-10501","post","type-post","status-publish","format-standard","has-post-thumbnail","hentry","category-democratie-energetica","tag-greenpeace-1"],"_links":{"self":[{"href":"https:\/\/www.greenpeace.org\/romania\/wp-json\/wp\/v2\/posts\/10501","targetHints":{"allow":["GET"]}}],"collection":[{"href":"https:\/\/www.greenpeace.org\/romania\/wp-json\/wp\/v2\/posts"}],"about":[{"href":"https:\/\/www.greenpeace.org\/romania\/wp-json\/wp\/v2\/types\/post"}],"author":[{"embeddable":true,"href":"https:\/\/www.greenpeace.org\/romania\/wp-json\/wp\/v2\/users\/68"}],"replies":[{"embeddable":true,"href":"https:\/\/www.greenpeace.org\/romania\/wp-json\/wp\/v2\/comments?post=10501"}],"version-history":[{"count":9,"href":"https:\/\/www.greenpeace.org\/romania\/wp-json\/wp\/v2\/posts\/10501\/revisions"}],"predecessor-version":[{"id":11183,"href":"https:\/\/www.greenpeace.org\/romania\/wp-json\/wp\/v2\/posts\/10501\/revisions\/11183"}],"wp:featuredmedia":[{"embeddable":true,"href":"https:\/\/www.greenpeace.org\/romania\/wp-json\/wp\/v2\/media\/10503"}],"wp:attachment":[{"href":"https:\/\/www.greenpeace.org\/romania\/wp-json\/wp\/v2\/media?parent=10501"}],"wp:term":[{"taxonomy":"category","embeddable":true,"href":"https:\/\/www.greenpeace.org\/romania\/wp-json\/wp\/v2\/categories?post=10501"},{"taxonomy":"post_tag","embeddable":true,"href":"https:\/\/www.greenpeace.org\/romania\/wp-json\/wp\/v2\/tags?post=10501"},{"taxonomy":"p4-page-type","embeddable":true,"href":"https:\/\/www.greenpeace.org\/romania\/wp-json\/wp\/v2\/p4-page-type?post=10501"}],"curies":[{"name":"wp","href":"https:\/\/api.w.org\/{rel}","templated":true}]}}