{"id":10712,"date":"2025-04-24T19:49:18","date_gmt":"2025-04-24T16:49:18","guid":{"rendered":"https:\/\/www.greenpeace.org\/romania\/?p=10712"},"modified":"2025-04-24T19:50:45","modified_gmt":"2025-04-24T16:50:45","slug":"slalom-oficial-ministerul-energiei-ocoleste-intrebarile-greenpeace-despre-lukoil-in-marea-neagra","status":"publish","type":"post","link":"https:\/\/www.greenpeace.org\/romania\/articol\/10712\/slalom-oficial-ministerul-energiei-ocoleste-intrebarile-greenpeace-despre-lukoil-in-marea-neagra\/","title":{"rendered":"Slalom oficial: Ministerul Energiei ocole\u0219te \u00eentreb\u0103rile Greenpeace despre Lukoil \u00een Marea Neagr\u0103"},"content":{"rendered":"\n<p>\u00cen martie, <a href=\"https:\/\/hotnews.ro\/rusii-de-la-lukoil-reiau-dupa-6-ani-explorarea-gazelor-in-apele-romanesti-ale-marii-negre-in-proiect-este-implicat-si-romgaz-1935857\">\u0219tirea<\/a> care anun\u021ba revenirea ru\u0219ilor de la Lukoil \u00een Marea Neagr\u0103 pentru a relua explor\u0103rile de gaze fosile, a fost un subiect mediatizat care a st\u00e2rnit un val de \u00eengrijor\u0103ri \u0219i \u00eentreb\u0103ri &#8211; at\u00e2t considerente de mediu, c\u00e2t \u0219i de securitate na\u021bional\u0103.&nbsp;<\/p>\n\n<p>Dup\u0103 cum ne st\u0103 \u00een ADN \u0219i \u00een con\u0219tiin\u021b\u0103, am adresat o solicitare a informa\u021biilor de interes public prin care cerem r\u0103spunsuri la dou\u0103 \u00eentreb\u0103ri extrem de simple:&nbsp;<\/p>\n\n<p><strong><em>1. Cum se pozi\u021bioneaz\u0103 Ministerul Energiei fa\u021b\u0103 de asocierea Romgaz (aflat\u0103 sub autoritatea ministerului) cu compania Lukoil \u00een vederea explor\u0103rilor din Marea Neagr\u0103?&nbsp;<\/em><\/strong><\/p>\n\n<p><strong><em>2. Av\u00e2nd \u00een vedere contextul geopolitic actual \u0219i riscurile de securitate asociate oric\u0103rei colabor\u0103ri cu companii ruse\u0219ti din domeniul energetic, ia Ministerul Energiei \u00een considerare retragerea Romgaz din asocierea cu Lukoil \u0219i blocarea proiectului din perimetrul Trident?<\/em><\/strong><\/p>\n\n<p>Ne-au r\u0103spuns s\u0103pt\u0103m\u00e2na aceasta. Mai precis, ne-au anun\u021bat c\u0103 e un subiect complex care aparent necesit\u0103 mai mult timp de g\u00e2ndire \u0219i c\u0103 o s\u0103 revin\u0103 ei c\u0103tre noi, cel mai probabil dup\u0103 ce au g\u0103sit unghiul de PR potrivit. Deloc suspect.<\/p>\n\n<p><strong>Romgaz \u0219i Lukoil \u00een Marea Neagr\u0103: ce \u0219tim despre parteneriat?<\/strong><\/p>\n\n<p>Lukoil Overseas, filiala rom\u00e2neasc\u0103 a subsidiarei Lukoil din Olanda (87,8%) \u015fi Romgaz (12.2%) au demarat procedurile de autorizare de mediu pentru reluarea explor\u0103rii de gaze fosile \u00een perimetrul Trident. Lukoil, in calitate de titular, a depus \u00een 2024 solicitarea de eliberare a unui acord de mediu pentru proiectul <a href=\"http:\/\/www.anpm.ro\/documents\/840114\/40502359\/Memoriu_Lukoil+Overseas_Lira+2A_rev_19DEC2024.pdf\/c4dba306-e54e-4066-aab0-b4771ebf7070\">\u201cExecu\u021bie foraj explorare gaze naturale Sonda Lira-2A, Perimetrul EX-30 Trident, Marea Neagr\u0103\u201d<\/a>.&nbsp;<\/p>\n\n<p>Romgaz a <a href=\"https:\/\/www.profit.ro\/povesti-cu-profit\/energie\/romgaz-continua-asocierea-cu-lukoil-in-marea-neagra-21707282\">investit \u00een proiectul Trident 267 milioane de lei<\/a> p\u00e2n\u0103 \u00een 2020, urm\u00e2nd s\u0103 contribuie propor\u021bional \u0219i la noile explor\u0103ri, al c\u0103ror cost total estimat este de 450 milioane, conform documentelor depuse la APM Constan\u021ba. La momentul actual, proiectul este pe masa Agen\u021biei pentru Protec\u021bia Mediului din Constan\u021ba, care urmeaz\u0103 s\u0103 decid\u0103 dac\u0103 emite sau nu acest acord de mediu.<\/p>\n\n<p>Chiar dac\u0103 statul rom\u00e2n este proprietarul perimetrelor, \u00een urma concesiunilor, companiile cu care au fost \u00eencheiate acorduri sunt cele care au drepturile de explorare, dezvoltare \u0219i exploatare comercial\u0103. Astfel, cum Lukoil de\u021bine 87,8% din concesiune, \u00eenseamn\u0103 c\u0103 deciziile-cheie \u00een privin\u021ba comercializ\u0103rii poten\u021bialelor rezerve de gaze vor fi luate la Moscova.<\/p>\n\n<p>Perimetrul Trident a fost concesionat \u00een 2011, iar la scurt\u0103 vreme companiile au achizi\u021bionat date seismice 3D \u0219i au estimat rezerve de peste 30 miliarde de metri cubi de gaz fosil. Cu toate astea, \u00een 2019, dup\u0103 o serie de campanii de forare, Lukoil \u0219i Romgaz au concluzionat c\u0103 nu se justific\u0103 ini\u021bierea unei exploat\u0103ri comerciale, deoarece cantitatea de gaz fosil identificat\u0103 nu a confirmat \u00eenc\u0103 prognozele ini\u021biale. Practic, pe baza sondelor de explorare forate p\u00e2n\u0103 \u00een prezent, nu exist\u0103 o evaluare clar\u0103 cu privire la rezervele de gaz fosil existent. Cu toate astea, companiile Lukoil \u0219i Romgaz au demarat procedurile sa foreze, din nou, \u00een perimetrul Trident.<\/p>\n\n<p>Proiectele de exploatare a gazelor contravin realit\u0103\u021bii climatice \u00een care tr\u0103im. Indiferent de drapel, ele trebuie s\u0103 fie oprite. Companiile fosile precum Lukoil, OMV Petrom sau Romgaz prioritizeaz\u0103 propriul profit, promisiunile \u0219i predic\u021biile optimiste nu fac dec\u00e2t s\u0103 sufle \u00een p\u00e2nzele unor afaceri proaste pentru Rom\u00e2nia pe termen lung.<\/p>\n\n<p><strong>Derapaje, \u00een numele ,,independen\u021bei energetice\u201d&nbsp;&nbsp;<\/strong><\/p>\n\n<p>C\u00e2nd Sebastian\u202fBurduja ne acuz\u0103 public c\u0103 am avea \u201eprieteni la R\u0103s\u0103rit\u201d, dar p\u0103streaz\u0103 o t\u0103cere convenabil\u0103 despre colaborarea Romgaz\u2011Lukoil, dubla m\u0103sur\u0103 devine revolt\u0103toare. Vulpea face moral\u0103 \u00een timp ce fur\u0103 g\u0103ini. Asocierea continu\u0103 cu o companie rus\u0103 \u00eentr-un sector strategic, cum este energia, este alarmant\u0103 \u0219i constituie \u00eenc\u0103 o bil\u0103 neagr\u0103 la colec\u021bia de argumente care contest\u0103 compatibilitatea lui Sebastian Burduja cu func\u021bia pe care o de\u021bine. Argumente printre care reamintim \u0219i faptul c\u0103 a ordonat represalii din partea companiilor na\u021bionale din energie s\u0103 cear\u0103 daune maxime ONG-urilor prin procese de tip <a href=\"https:\/\/www.consilium.europa.eu\/en\/press\/press-releases\/2024\/03\/19\/anti-slapp-final-green-light-for-eu-law-protecting-journalists-and-human-rights-defenders\/\">SLAPP<\/a>.<\/p>\n\n<p><strong>Ne afl\u0103m \u00eentr-un punct critic.<\/strong> Uniunea European\u0103 \u0219i al\u021bi parteneri interna\u021bionali au impus sanc\u021biuni severe Rusiei ca r\u0103spuns la agresiunile din Ucraina, viz\u00e2nd \u00een special sectorul energetic pentru a reduce sursele de venit \u0219i control ale Kremlinului. Printre m\u0103surile adoptate se num\u0103r\u0103 interzicerea importurilor de 90% din petrolul rusesc, restric\u021bii asupra c\u0103rbunelui \u0219i gazului, precum \u0219i interdic\u021bii privind noile investi\u021bii \u00een proiecte energetice ruse\u0219ti. Toate acestea derul\u00e2ndu-se \u00een contextul unei crize climatice, economice \u0219i sociale care se agraveaz\u0103 rapid \u0219i care necesit\u0103 ac\u021biune acum.&nbsp;<\/p>\n\n<p>Vedem tot mai des \u0219i mai clar prin v\u0103lul sub\u021bire de minciuni care \u00eencearc\u0103 s\u0103 justifice investi\u021biile \u00een combustibili fosili \u0219i colabor\u0103ri cu companii controversate \u0219i iresponsabile \u00een numele unei \u201cindependen\u021be energetice\u201d care nu se va materializa \u00een acest fel. Va r\u0103m\u00e2ne doar un mit murdar menit s\u0103 manipuleze opinia public\u0103 \u0219i o \u00eencercare din partea Ministrului de a avansa \u00een ranguri \u0219i primi recompense de la mai marii pe care \u00eei serve\u0219te confuz, dar devotat.&nbsp;<\/p>\n\n<p>Schimbarea de care avem nevoie nu o s\u0103 vin\u0103 nici de la Guvern, nici de la industria fosil\u0103 \u0219i \u00een niciun caz de la Moscova. Schimbarea se va produce cum a f\u0103cut-o mereu: de la firul ierbii \u0219i datorit\u0103 cet\u0103\u021benilor care nu trec cu vederea derapaje periculoase \u0219i deal-uri f\u0103cute cu u\u0219ile \u00eenchise.&nbsp;<\/p>\n\n<p>F\u0102-\u021aI VOCEA AUZIT\u0102! SEMNEAZ\u0102 \u0218I TU \u00ceMPOTRIVA PROIECTELOR NOI DE GAZ FOSIL!<\/p>\n\t\t\t<section\n\t\t\tclass=\"boxout  \"\n\t\t\t\n\t\t>\n\t\t\t<a\n\t\t\t\tdata-ga-category=\"Take Action Boxout\"\n\t\t\t\tdata-ga-action=\"Image\"\n\t\t\t\tdata-ga-label=\"n\/a\"\n\t\t\t\tclass=\"cover-card-overlay\"\n\t\t\t\thref=\"https:\/\/suport.greenpeace.ro\/salvammareaneagra?_gl=1*xpuqo9*_gcl_au*NjMwMzk2NzY0LjE3NDE3OTU1Njk.*_ga*MzIyMDc4NTc0LjE3NDE3OTU1NzA.*_ga_PBE50ECDXV*MTc0NTUxMjgwOC41NC4xLjE3NDU1MTI4NzAuNTkuMC4w\" \n\t\t\t><\/a>\n\t\t\t\t\t\t\t<img\n\t\t\t\t\t\tsrc=\"https:\/\/www.greenpeace.org\/static\/planet4-romania-stateless\/2025\/04\/1a1674a5-gp0su06x6_low-res-800px.jpg\"\n\t\t\t\t\t\tsrcset=\"https:\/\/www.greenpeace.org\/static\/planet4-romania-stateless\/2025\/04\/1a1674a5-gp0su06x6_low-res-800px-300x200.jpg 300w, https:\/\/www.greenpeace.org\/static\/planet4-romania-stateless\/2025\/04\/1a1674a5-gp0su06x6_low-res-800px-768x512.jpg 768w, https:\/\/www.greenpeace.org\/static\/planet4-romania-stateless\/2025\/04\/1a1674a5-gp0su06x6_low-res-800px-510x340.jpg 510w, https:\/\/www.greenpeace.org\/static\/planet4-romania-stateless\/2025\/04\/1a1674a5-gp0su06x6_low-res-800px.jpg 800w\"\n\t\t\t\t\t\tsizes=\"(min-width: 1000px) 358px, (min-width: 780px) 313px, 88px\"\n\t\t\t\t\t\talt=\"\" title=\"\"\n\t\t\t\t\/>\n            \t\t\t<div class=\"boxout-content\">\n\t\t\t\t\t\t\t\t\t<a\n\t\t\t\t\t\tclass=\"boxout-heading medium\"\n\t\t\t\t\t\tdata-ga-category=\"Take Action Boxout\"\n\t\t\t\t\t\tdata-ga-action=\"Title\"\n\t\t\t\t\t\tdata-ga-label=\"n\/a\"\n\t\t\t\t\t\thref=\"https:\/\/suport.greenpeace.ro\/salvammareaneagra?_gl=1*xpuqo9*_gcl_au*NjMwMzk2NzY0LjE3NDE3OTU1Njk.*_ga*MzIyMDc4NTc0LjE3NDE3OTU1NzA.*_ga_PBE50ECDXV*MTc0NTUxMjgwOC41NC4xLjE3NDU1MTI4NzAuNTkuMC4w\"\n\t\t\t\t\t\t\n\t\t\t\t\t>\n\t\t\t\t\t\tSEMNEAZ\u0102 PETI\u021aIA PENTRU PROTEJAREA M\u0102RII NEGRE\n\t\t\t\t\t<\/a>\n\t\t\t\t\t\t\t\t                                    <a\n                        class=\"btn btn-primary\"\n                        data-ga-category=\"Take Action Boxout\"\n                        data-ga-action=\"Call to Action\"\n                        data-ga-label=\"n\/a\"\n                        href=\"https:\/\/suport.greenpeace.ro\/salvammareaneagra?_gl=1*xpuqo9*_gcl_au*NjMwMzk2NzY0LjE3NDE3OTU1Njk.*_ga*MzIyMDc4NTc0LjE3NDE3OTU1NzA.*_ga_PBE50ECDXV*MTc0NTUxMjgwOC41NC4xLjE3NDU1MTI4NzAuNTkuMC4w\"\n                        \n                    >\n                        SEMNEAZ\u0102!\n                    <\/a>\n                \t\t\t<\/div>\n\t\t\t\t\t<\/section>\n\t","protected":false},"excerpt":{"rendered":"<p>Ministerul Energiei ne-a r\u0103spuns la solicitarea de informa\u021bii de interes public. Ne-a spus c\u0103 e un subiect complex \u0219i c\u0103 au nevoie de timp.<\/p>\n","protected":false},"author":34,"featured_media":10714,"comment_status":"open","ping_status":"closed","sticky":false,"template":"","format":"standard","meta":{"ep_exclude_from_search":false,"p4_og_title":"","p4_og_description":"","p4_og_image":"","p4_og_image_id":"","p4_seo_canonical_url":"","p4_campaign_name":"","p4_local_project":"","p4_basket_name":"","p4_department":"","footnotes":""},"categories":[2],"tags":[102],"p4-page-type":[],"class_list":["post-10712","post","type-post","status-publish","format-standard","has-post-thumbnail","hentry","category-clima-si-energie","tag-gaz-fosil-2"],"_links":{"self":[{"href":"https:\/\/www.greenpeace.org\/romania\/wp-json\/wp\/v2\/posts\/10712","targetHints":{"allow":["GET"]}}],"collection":[{"href":"https:\/\/www.greenpeace.org\/romania\/wp-json\/wp\/v2\/posts"}],"about":[{"href":"https:\/\/www.greenpeace.org\/romania\/wp-json\/wp\/v2\/types\/post"}],"author":[{"embeddable":true,"href":"https:\/\/www.greenpeace.org\/romania\/wp-json\/wp\/v2\/users\/34"}],"replies":[{"embeddable":true,"href":"https:\/\/www.greenpeace.org\/romania\/wp-json\/wp\/v2\/comments?post=10712"}],"version-history":[{"count":2,"href":"https:\/\/www.greenpeace.org\/romania\/wp-json\/wp\/v2\/posts\/10712\/revisions"}],"predecessor-version":[{"id":10716,"href":"https:\/\/www.greenpeace.org\/romania\/wp-json\/wp\/v2\/posts\/10712\/revisions\/10716"}],"wp:featuredmedia":[{"embeddable":true,"href":"https:\/\/www.greenpeace.org\/romania\/wp-json\/wp\/v2\/media\/10714"}],"wp:attachment":[{"href":"https:\/\/www.greenpeace.org\/romania\/wp-json\/wp\/v2\/media?parent=10712"}],"wp:term":[{"taxonomy":"category","embeddable":true,"href":"https:\/\/www.greenpeace.org\/romania\/wp-json\/wp\/v2\/categories?post=10712"},{"taxonomy":"post_tag","embeddable":true,"href":"https:\/\/www.greenpeace.org\/romania\/wp-json\/wp\/v2\/tags?post=10712"},{"taxonomy":"p4-page-type","embeddable":true,"href":"https:\/\/www.greenpeace.org\/romania\/wp-json\/wp\/v2\/p4-page-type?post=10712"}],"curies":[{"name":"wp","href":"https:\/\/api.w.org\/{rel}","templated":true}]}}