{"id":10732,"date":"2025-05-10T10:46:54","date_gmt":"2025-05-10T07:46:54","guid":{"rendered":"https:\/\/www.greenpeace.org\/romania\/?p=10732"},"modified":"2025-05-10T10:46:58","modified_gmt":"2025-05-10T07:46:58","slug":"ce-m-a-convins-ca-votul-meu-conteaza","status":"publish","type":"post","link":"https:\/\/www.greenpeace.org\/romania\/articol\/10732\/ce-m-a-convins-ca-votul-meu-conteaza\/","title":{"rendered":"Ce m-a convins c\u0103 votul meu conteaz\u0103"},"content":{"rendered":"\n<p>Am intrat \u00eentr-o cabin\u0103 de vot pentru prima dat\u0103 \u00een via\u021ba mea c\u00e2nd tocmai \u00eemplinisem 18 ani. \u00cemi schimbasem buletinul. Sc\u0103pasem \u00een sf\u00e2r\u0219it de poza hidoas\u0103 \u00een care purtam o helanc\u0103 neagr\u0103 pe g\u00e2t \u0219i o \u00eenlocuisem cu alta \u00een care p\u0103ream cea mai plictisit\u0103 persoan\u0103 \u00een via\u021b\u0103, dar mi se vedea g\u00e2tul. <strong>Eram preg\u0103tit\u0103 s\u0103 intru \u00een r\u00e2ndul aleg\u0103torilor.&nbsp;<\/strong><\/p>\n\n<p>Recunosc, nu \u00een\u021belegeam prea bine contextul nostru politic. \u00cenc\u0103 din copil\u0103ria timpurie am \u00eemp\u0103r\u021bit partidele pe culori \u0219i cam at\u00e2t. Ro\u0219u, albastru, galben, portocaliu \u0219i ce mai ap\u0103rea.&nbsp;<\/p>\n\n<p>Nu am avut ore de educa\u021bie civic\u0103 bine structurate la \u0219coal\u0103, nu mi-a vorbit nimeni despre c\u00e2t de important\u0103 este implicarea, despre cum totul e politic. Acum \u0219tiu.&nbsp;<\/p>\n\n<p><strong>A spune c\u0103 nu suntem interesa\u021bi de politic\u0103 e ca \u0219i cum am spune c\u0103 nu ne intereseaz\u0103 dac\u0103 aerul pe care-l respir\u0103m e poluat, dac\u0103 salariul ne ajunge p\u00e2n\u0103 la finalul lunii, dac\u0103 avem acces la medici c\u00e2nd ne \u00eemboln\u0103vim sau dac\u0103 copiii no\u0219tri vor mo\u0219teni un mediu curat \u0219i s\u0103n\u0103tos.&nbsp;<\/strong><\/p>\n\n<p>\u021ain minte noaptea \u00een care se num\u0103rau voturile din turul doi. St\u0103team \u00een mo\u021bul patului la bunicii mei materni \u0219i am adormit cu discursurile lor pe fundal. Diminea\u021ba nu mi-a venit s\u0103 cred c\u0103 votul meu func\u021bionase. Primul meu vot din toat\u0103 via\u021ba mea func\u021bionase.<\/p>\n\n<p>Au trecut mul\u021bi ani de atunci \u0219i \u00een continuare cred c\u0103 <strong>votul meu conteaz\u0103<\/strong>.&nbsp;<\/p>\n\n<p>S\u0103 mergi acolo, s\u0103 alegi, s\u0103 ocupi spa\u021biul care-\u021bi apar\u021bine este crucial.&nbsp;<\/p>\n\n<p>A vota nu este doar despre a pune o \u0219tampil\u0103 pe o foaie, este despre a avea loc la mas\u0103, a exprima ceea ce are sens pentru tine, este despre a avea o doz\u0103 de control (oric\u00e2t de mic\u0103) asupra realit\u0103\u021bii pe care o tr\u0103ie\u0219ti. Este despre a spune NU, nu vreau asta pentru mine \u0219i pentru cei din jurul meu.<\/p>\n\n<figure class=\"wp-block-image size-large\"><img loading=\"lazy\" decoding=\"async\" width=\"1024\" height=\"683\" src=\"https:\/\/www.greenpeace.org\/static\/planet4-romania-stateless\/2025\/05\/177272b4-gp_9mai_europa-67-1024x683.jpg\" alt=\"\" class=\"wp-image-10733\" srcset=\"https:\/\/www.greenpeace.org\/static\/planet4-romania-stateless\/2025\/05\/177272b4-gp_9mai_europa-67-1024x683.jpg 1024w, https:\/\/www.greenpeace.org\/static\/planet4-romania-stateless\/2025\/05\/177272b4-gp_9mai_europa-67-300x200.jpg 300w, https:\/\/www.greenpeace.org\/static\/planet4-romania-stateless\/2025\/05\/177272b4-gp_9mai_europa-67-768x512.jpg 768w, https:\/\/www.greenpeace.org\/static\/planet4-romania-stateless\/2025\/05\/177272b4-gp_9mai_europa-67-1536x1024.jpg 1536w, https:\/\/www.greenpeace.org\/static\/planet4-romania-stateless\/2025\/05\/177272b4-gp_9mai_europa-67-2048x1366.jpg 2048w, https:\/\/www.greenpeace.org\/static\/planet4-romania-stateless\/2025\/05\/177272b4-gp_9mai_europa-67-510x340.jpg 510w\" sizes=\"auto, (max-width: 1024px) 100vw, 1024px\" \/><\/figure>\n\n<p>Marile decizii nu sunt mereu rezultatul unei majorit\u0103\u021bi zdrobitoare &#8211; ci deseori al unei mobiliz\u0103ri puternice.<\/p>\n\n<p>Vino la vot, fii parte din schimbare \u0219i arat\u0103 c\u0103 viitorul nostru depinde de fiecare decizie luat\u0103 la urne. Implicarea civic\u0103 e singura form\u0103 real\u0103 de control pe care o avem \u0219i singura form\u0103 sigur\u0103 de a face schimbarea pe care dorim s\u0103 o vedem \u00een lume.<\/p>\n\n<p><strong>Un singur vot face diferen\u021ba.&nbsp;<\/strong><\/p>\n\n<p>Ne vedem la urne,&nbsp;<\/p>\n\n<p>Eli<\/p>\n","protected":false},"excerpt":{"rendered":"<p>Am intrat \u00eentr-o cabin\u0103 de vot pentru prima dat\u0103 \u00een via\u021ba mea c\u00e2nd tocmai \u00eemplinisem 18 ani.<\/p>\n","protected":false},"author":68,"featured_media":10733,"comment_status":"open","ping_status":"closed","sticky":false,"template":"","format":"standard","meta":{"ep_exclude_from_search":false,"p4_og_title":"","p4_og_description":"","p4_og_image":"","p4_og_image_id":"","p4_seo_canonical_url":"","p4_campaign_name":"","p4_local_project":"","p4_basket_name":"","p4_department":"","footnotes":""},"categories":[31],"tags":[27,26],"p4-page-type":[],"class_list":["post-10732","post","type-post","status-publish","format-standard","has-post-thumbnail","hentry","category-greenpeace","tag-democratie-1","tag-activism"],"_links":{"self":[{"href":"https:\/\/www.greenpeace.org\/romania\/wp-json\/wp\/v2\/posts\/10732","targetHints":{"allow":["GET"]}}],"collection":[{"href":"https:\/\/www.greenpeace.org\/romania\/wp-json\/wp\/v2\/posts"}],"about":[{"href":"https:\/\/www.greenpeace.org\/romania\/wp-json\/wp\/v2\/types\/post"}],"author":[{"embeddable":true,"href":"https:\/\/www.greenpeace.org\/romania\/wp-json\/wp\/v2\/users\/68"}],"replies":[{"embeddable":true,"href":"https:\/\/www.greenpeace.org\/romania\/wp-json\/wp\/v2\/comments?post=10732"}],"version-history":[{"count":1,"href":"https:\/\/www.greenpeace.org\/romania\/wp-json\/wp\/v2\/posts\/10732\/revisions"}],"predecessor-version":[{"id":10735,"href":"https:\/\/www.greenpeace.org\/romania\/wp-json\/wp\/v2\/posts\/10732\/revisions\/10735"}],"wp:featuredmedia":[{"embeddable":true,"href":"https:\/\/www.greenpeace.org\/romania\/wp-json\/wp\/v2\/media\/10733"}],"wp:attachment":[{"href":"https:\/\/www.greenpeace.org\/romania\/wp-json\/wp\/v2\/media?parent=10732"}],"wp:term":[{"taxonomy":"category","embeddable":true,"href":"https:\/\/www.greenpeace.org\/romania\/wp-json\/wp\/v2\/categories?post=10732"},{"taxonomy":"post_tag","embeddable":true,"href":"https:\/\/www.greenpeace.org\/romania\/wp-json\/wp\/v2\/tags?post=10732"},{"taxonomy":"p4-page-type","embeddable":true,"href":"https:\/\/www.greenpeace.org\/romania\/wp-json\/wp\/v2\/p4-page-type?post=10732"}],"curies":[{"name":"wp","href":"https:\/\/api.w.org\/{rel}","templated":true}]}}