{"id":1098,"date":"2017-04-03T00:00:00","date_gmt":"2017-04-02T21:00:00","guid":{"rendered":"https:\/\/master.k8s.p4.greenpeace.org\/romania\/articol\/1098\/cand-e-aerul-poluat\/"},"modified":"2019-11-06T12:04:26","modified_gmt":"2019-11-06T09:04:26","slug":"cand-e-aerul-poluat","status":"publish","type":"post","link":"https:\/\/www.greenpeace.org\/romania\/articol\/1098\/cand-e-aerul-poluat\/","title":{"rendered":"C\u00e2nd e aerul poluat ?"},"content":{"rendered":"<div class=\"leader\" style=\"font-weight: bold;margin-bottom: 12px\">\n\tLegisla\u021bia rom\u00e2neasc\u0103 stabile\u0219te valori limit\u0103 pentru mai mul\u021bi poluan\u021bi care pot afecta calitatea aerului\n<\/div>\n<div>\n\t<span><span id=\"docs-internal-guid-b9737602-3430-e266-949b-8ea735208852\"><span>Tabelul de mai jos prezint\u0103 valorile limit\u0103 pentru protec\u021bia s\u0103n\u0103t\u0103\u021bii umane, stabilite de legisla\u021bia rom\u00e2neasc\u0103, pentru fiecare dintre cei mai importan\u021bi poluan\u021bi:<br \/><\/span><\/span><\/span><br \/>\n<img loading=\"lazy\" decoding=\"async\" src=\"https:\/\/www.greenpeace.org\/static\/planet4-romania-stateless\/2019\/07\/c7dc9799-c7dc9799-poluanti-aer.png\" alt=\"\" width=\"579\" height=\"330\"><br \/>\n\u00cen Rom\u00e2nia, legea calit\u0103\u021bii aerului are ca scop protejarea s\u0103n\u0103t\u0103\u0163ii umane \u015fi a mediului prin reglementarea m\u0103surilor destinate \u00eembun\u0103t\u0103\u021birii calit\u0103\u0163ii aerului \u00eenconjur\u0103tor.<\/p>\n<p>Rolul Ministerului Mediului este de a evalua \u0219i monitoriza nivelul calit\u0103\u021bii aerului, iar al Prim\u0103riilor \u0219i Consiliilor Jude\u021bene de a implementa m\u0103suri concrete pentru \u00eembun\u0103t\u0103\u021birea calit\u0103\u021bii vie\u021bii popula\u021biei.<\/p>\n<p><span>Ministerul Mediului asigur\u0103 monitorizarea calit\u0103\u0163ii aerului \u00eenconjur\u0103tor prin cele peste 140 de statii distribuite pe toata suprafa\u021ba Rom\u00e2niei, iar informarea publicului \u00een timp real se face pe site-ul <\/span><a href=\"http:\/\/www.calitateaer.ro\/\"><span>www.calitateaer.ro<\/span><\/a><span> .<\/span>\n<\/div><\/p>\n","protected":false},"excerpt":{"rendered":"<div>\n\tLegisla\u021bia rom\u00e2neasc\u0103 stabile\u0219te valori limit\u0103 pentru mai mul\u021bi poluan\u021bi care pot afecta calitatea aerului\n<\/div>\n","protected":false},"author":34,"featured_media":1099,"comment_status":"closed","ping_status":"closed","sticky":false,"template":"","format":"standard","meta":{"ep_exclude_from_search":false,"p4_og_title":"","p4_og_description":"","p4_og_image":"","p4_og_image_id":"","p4_seo_canonical_url":"","p4_campaign_name":"","p4_local_project":"","p4_basket_name":"","p4_department":"","footnotes":""},"categories":[2],"tags":[],"p4-page-type":[30],"class_list":["post-1098","post","type-post","status-publish","format-standard","has-post-thumbnail","hentry","category-clima-si-energie","p4-page-type-articol"],"_links":{"self":[{"href":"https:\/\/www.greenpeace.org\/romania\/wp-json\/wp\/v2\/posts\/1098","targetHints":{"allow":["GET"]}}],"collection":[{"href":"https:\/\/www.greenpeace.org\/romania\/wp-json\/wp\/v2\/posts"}],"about":[{"href":"https:\/\/www.greenpeace.org\/romania\/wp-json\/wp\/v2\/types\/post"}],"author":[{"embeddable":true,"href":"https:\/\/www.greenpeace.org\/romania\/wp-json\/wp\/v2\/users\/34"}],"replies":[{"embeddable":true,"href":"https:\/\/www.greenpeace.org\/romania\/wp-json\/wp\/v2\/comments?post=1098"}],"version-history":[{"count":1,"href":"https:\/\/www.greenpeace.org\/romania\/wp-json\/wp\/v2\/posts\/1098\/revisions"}],"predecessor-version":[{"id":1100,"href":"https:\/\/www.greenpeace.org\/romania\/wp-json\/wp\/v2\/posts\/1098\/revisions\/1100"}],"wp:featuredmedia":[{"embeddable":true,"href":"https:\/\/www.greenpeace.org\/romania\/wp-json\/wp\/v2\/media\/1099"}],"wp:attachment":[{"href":"https:\/\/www.greenpeace.org\/romania\/wp-json\/wp\/v2\/media?parent=1098"}],"wp:term":[{"taxonomy":"category","embeddable":true,"href":"https:\/\/www.greenpeace.org\/romania\/wp-json\/wp\/v2\/categories?post=1098"},{"taxonomy":"post_tag","embeddable":true,"href":"https:\/\/www.greenpeace.org\/romania\/wp-json\/wp\/v2\/tags?post=1098"},{"taxonomy":"p4-page-type","embeddable":true,"href":"https:\/\/www.greenpeace.org\/romania\/wp-json\/wp\/v2\/p4-page-type?post=1098"}],"curies":[{"name":"wp","href":"https:\/\/api.w.org\/{rel}","templated":true}]}}