{"id":12090,"date":"2026-03-11T19:53:08","date_gmt":"2026-03-11T17:53:08","guid":{"rendered":"https:\/\/www.greenpeace.org\/romania\/?p=12090"},"modified":"2026-03-11T20:34:53","modified_gmt":"2026-03-11T18:34:53","slug":"adauga-ti-vocea-la-scrisoarea-cetateneasca-deschisa-catre-presedintele-romaniei-razboi-ilegal-sau-pace-siguranta-oamenilor-si-un-mediu-protejat","status":"publish","type":"post","link":"https:\/\/www.greenpeace.org\/romania\/articol\/12090\/adauga-ti-vocea-la-scrisoarea-cetateneasca-deschisa-catre-presedintele-romaniei-razboi-ilegal-sau-pace-siguranta-oamenilor-si-un-mediu-protejat\/","title":{"rendered":"ADAUG\u0102-\u021aI VOCEA LA SCRISOAREA DESCHIS\u0102 C\u0102TRE PRE\u0218EDINTELE ROM\u00c2NIEI: R\u0102ZBOI ILEGAL SAU PACE, SIGURAN\u021aA OAMENILOR \u0218I UN MEDIU PROTEJAT"},"content":{"rendered":"\n<p>Greenpeace Rom\u00e2nia lanseaz\u0103 o scrisoare deschis\u0103 \u00een urma deciziei de a permite armatei americane s\u0103 foloseasc\u0103 bazele militare din Rom\u00e2nia \u00een r\u0103zboiul cu Iran. Cererea Statelor Unite a fost aprobat\u0103 \u00een \u0219edin\u021ba de pe 11 martie a Consiliului Suprem de Ap\u0103rare a \u0162\u0103rii (CSAT), apoi de Parlament, \u00een aceea\u0219i zi, cu 272 de voturi pentru.<strong>&nbsp;<\/strong><\/p>\n\n<p>\u00cen ciuda men\u021biunii c\u0103 echipamentele sunt defensive \u0219i nu sunt \u00eenzestrate cu armament propriu-zis, aprobarea este un semnal de sprijin c\u0103tre partea american\u0103. Trump porne\u0219te r\u0103zboaie ilegale \u0219i \u00eei \u00eembog\u0103\u021be\u0219te \u0219i mai mult pe sus\u021bin\u0103torii s\u0103i, marii poluatori din industria petrolier\u0103, \u00een detrimentul oamenilor obi\u0219nui\u021bi din toat\u0103 lumea. Nu exist\u0103 o rezolu\u021bie ONU \u00een baza c\u0103reia atacurile Statelor Unite \u0219i Israelului asupra Iranului s\u0103 fie \u00eendrept\u0103\u021bite.<\/p>\n\n<p>R\u0103zboiul nu amenin\u021b\u0103 doar vie\u021bi omene\u0219ti, ci las\u0103 <strong>r\u0103ni ad\u00e2nci \u0219i asupra planetei noastre,<\/strong> r\u0103ni care pot dura genera\u021bii \u00eentregi: r\u0103zboiul r\u0103re\u0219te p\u0103duri, degradeaz\u0103 solul \u0219i otr\u0103ve\u0219te resursele de ap\u0103, distruge ecosisteme unice care sus\u021bin via\u021ba \u0219i accelereaz\u0103 criza climatic\u0103.<\/p>\n\n<p>Interesele industriei de combustibili fosili, puse din nou mai presus de vie\u021bile omene\u0219ti, de mediu \u0219i de valorile democratice, \u00eemping lumea \u00een haos, iar infrastructurile de gaz \u0219i petrol devin vulnerabilit\u0103\u021bi militare.&nbsp;<\/p>\n\n<p>Dependen\u021ba de combustibili fosili transform\u0103 energia \u00een arm\u0103 geopolitic\u0103. Conductele de gaz, termocentralele petroliere \u0219i rutele de transport devin \u021binte strategice \u00een conflicte armate. Investi\u021biile noi \u00een astfel de proiecte nu fac dec\u00e2t s\u0103 prelungeasc\u0103 aceast\u0103 vulnerabilitate \u0219i s\u0103 ad\u00e2nceasc\u0103 dependen\u021ba de sisteme fragile.<\/p>\n\n<p>Criza actual\u0103 este un argument tragic \u0219i incontestabil pentru care<strong> trebuie s\u0103 acceler\u0103m tranzi\u021bia c\u0103tre energia regenerabil\u0103.<\/strong> Este incredibil de dificil s\u0103 dezactivezi o re\u021bea descentralizat\u0103 de milioane de panouri solare. Energia distribuit\u0103 este \u00een mod inerent mai rezistent\u0103 la sabotaj dec\u00e2t o m\u00e2n\u0103 de centrale termice masive \u0219i vulnerabile. O \u021bar\u0103 care \u00ee\u0219i produce propria energie din propriile resurse regenerabile (soare, v\u00e2nt) nu poate fi \u021binut\u0103 ostatic\u0103.&nbsp;<\/p>\n\n<p>Adaug\u0103-\u021bi numele \u00een scrisoarea deschis\u0103 pornit\u0103 de organiza\u021bie <a href=\"https:\/\/www.greenpeace.org\/romania\/petitions\/scrisoare-deschisa-catre-presedinte\/\" data-type=\"link\" data-id=\"https:\/\/www.greenpeace.org\/romania\/petitions\/scrisoare-deschisa-catre-presedinte\/\">aici<\/a> \u0219i transmite \u0219i tu Pre\u0219edintelui c\u0103 <strong>nu ne dorim ca Rom\u00e2nia s\u0103 \u00ee\u0219i asume riscul inutil de a deveni o \u021bint\u0103<\/strong>. Teritoriul \u021b\u0103rii nu trebuie s\u0103 fie folosit pentru a alimenta un r\u0103zboi ilegal \u00een urma c\u0103ruia mii de civili pl\u0103tesc cu propriile vie\u021bi, iar mediul sufer\u0103 un dezastru ecologic ale c\u0103rui efecte vor persista ani de zile.<\/p>\n\n<p>Rom\u00e2nia are nevoie s\u0103 fie aliat\u0103 partenerilor europeni \u0219i valorilor democra\u021biei, p\u0103cii durabile \u0219i respectului pentru via\u021ba uman\u0103.<\/p>\n\n<div class=\"wp-block-buttons is-content-justification-center is-layout-flex wp-container-core-buttons-is-layout-16018d1d wp-block-buttons-is-layout-flex\">\n<div class=\"wp-block-button\"><a class=\"wp-block-button__link wp-element-button\" href=\"https:\/\/www.greenpeace.org\/romania\/petitions\/scrisoare-deschisa-catre-presedinte\/\">ADAUG\u0102-\u021aI VOCEA AICI<\/a><\/div>\n<\/div>\n","protected":false},"excerpt":{"rendered":"<p> Cererea Statelor Unite a fost aprobat\u0103 \u00een \u0219edin\u021ba de pe 11 martie a Consiliului Suprem de Ap\u0103rare a \u0162\u0103rii\u2026<\/p>\n","protected":false},"author":34,"featured_media":12075,"comment_status":"open","ping_status":"closed","sticky":false,"template":"","format":"standard","meta":{"ep_exclude_from_search":false,"p4_og_title":"","p4_og_description":"","p4_og_image":"","p4_og_image_id":"","p4_seo_canonical_url":"","p4_campaign_name":"","p4_local_project":"","p4_basket_name":"","p4_department":"","footnotes":""},"categories":[31],"tags":[36,27],"p4-page-type":[],"class_list":["post-12090","post","type-post","status-publish","format-standard","has-post-thumbnail","hentry","category-greenpeace","tag-criza-climatica","tag-democratie-1"],"_links":{"self":[{"href":"https:\/\/www.greenpeace.org\/romania\/wp-json\/wp\/v2\/posts\/12090","targetHints":{"allow":["GET"]}}],"collection":[{"href":"https:\/\/www.greenpeace.org\/romania\/wp-json\/wp\/v2\/posts"}],"about":[{"href":"https:\/\/www.greenpeace.org\/romania\/wp-json\/wp\/v2\/types\/post"}],"author":[{"embeddable":true,"href":"https:\/\/www.greenpeace.org\/romania\/wp-json\/wp\/v2\/users\/34"}],"replies":[{"embeddable":true,"href":"https:\/\/www.greenpeace.org\/romania\/wp-json\/wp\/v2\/comments?post=12090"}],"version-history":[{"count":7,"href":"https:\/\/www.greenpeace.org\/romania\/wp-json\/wp\/v2\/posts\/12090\/revisions"}],"predecessor-version":[{"id":12104,"href":"https:\/\/www.greenpeace.org\/romania\/wp-json\/wp\/v2\/posts\/12090\/revisions\/12104"}],"wp:featuredmedia":[{"embeddable":true,"href":"https:\/\/www.greenpeace.org\/romania\/wp-json\/wp\/v2\/media\/12075"}],"wp:attachment":[{"href":"https:\/\/www.greenpeace.org\/romania\/wp-json\/wp\/v2\/media?parent=12090"}],"wp:term":[{"taxonomy":"category","embeddable":true,"href":"https:\/\/www.greenpeace.org\/romania\/wp-json\/wp\/v2\/categories?post=12090"},{"taxonomy":"post_tag","embeddable":true,"href":"https:\/\/www.greenpeace.org\/romania\/wp-json\/wp\/v2\/tags?post=12090"},{"taxonomy":"p4-page-type","embeddable":true,"href":"https:\/\/www.greenpeace.org\/romania\/wp-json\/wp\/v2\/p4-page-type?post=12090"}],"curies":[{"name":"wp","href":"https:\/\/api.w.org\/{rel}","templated":true}]}}