{"id":1229,"date":"2016-08-17T00:00:00","date_gmt":"2016-08-16T21:00:00","guid":{"rendered":"https:\/\/master.k8s.p4.greenpeace.org\/romania\/articol\/1229\/greenpeace-mi-a-completat-o-imagine-careia-ii-simteam-lipsa-cum-de-nu-face-nimeni-nimic\/"},"modified":"2019-11-06T12:04:27","modified_gmt":"2019-11-06T09:04:27","slug":"greenpeace-mi-a-completat-o-imagine-careia-ii-simteam-lipsa-cum-de-nu-face-nimeni-nimic","status":"publish","type":"post","link":"https:\/\/www.greenpeace.org\/romania\/articol\/1229\/greenpeace-mi-a-completat-o-imagine-careia-ii-simteam-lipsa-cum-de-nu-face-nimeni-nimic\/","title":{"rendered":"\u201cGreenpeace mi-a completat o imagine c\u0103reia \u00eei sim\u021beam lipsa: cum de nu face nimeni nimic?\u201d"},"content":{"rendered":"<h2>Afl\u0103 de la Vladimir Proca cum este s\u0103 faci parte din echipa Greenpeace \u0219i ce \u00eenseamn\u0103 s\u0103 coordonezi o echip\u0103 de voluntari dedica\u021bi naturii, \u00een toat\u0103 \u021bara.<\/h2>\n<\/p>\n<div class=\"leader\" style=\"font-weight: bold;margin-bottom: 12px\">\n\tAm ajuns la Greenpeace Rom\u00e2nia printr-o \u00eent\u00e2mplare fericit\u0103: un prieten mi-a spus c\u0103 angajeaz\u0103 oameni noi pe postul de coordonator de voluntari. Iat\u0103 acum, acela\u0219i moment, pentru altcineva.\n<\/div>\n<div>\n<p><img loading=\"lazy\" decoding=\"async\" src=\"https:\/\/www.greenpeace.org\/static\/planet4-romania-stateless\/2019\/07\/55ce4442-55ce4442-_dsc3229.jpg\" alt=\"\" width=\"578\" height=\"386\"><\/p>\n<p style=\"text-align: center;\"><em>Vladimir oferind un interviu \u00een p\u0103durea virgin\u0103 de la Cump\u0103na. Credit foto: Dan C\u00e2mpean \/ Greenpeace<\/em><\/p>\n<p>A fost un an \u0219i jum\u0103tate pentru care sunt recunosc\u0103tor \u00eens\u0103 e timpul s\u0103 m\u0103 retrag de pe acest post. Totu\u0219i, nu plec niciunde, deoarece Greenpeace mi-a completat o imagine c\u0103reia \u00eei sim\u021beam lipsa: cum de nu face nimeni nimic? Ei, cineva face. \u0218i nu sunt singurii: \u00eei \u00eenva\u021b\u0103 \u0219i pe al\u021bii s\u0103 fac\u0103 la fel \u0219i s\u0103 nu le fie fric\u0103 s\u0103 ia atitudine pentru lucrurile la care \u021bin. Este dezn\u0103dejdea care-\u0219i caut\u0103 un echilibru atunci c\u00e2nd vezi \u0219i pricepi c\u00e2t ne \u00eendep\u0103rt\u0103m de natur\u0103. \u0218i asta f\u0103r\u0103 a lua contact cu dezastre dintre cele mai mari precum deton\u0103rile nucleare din insulele din Alaska, deton\u0103ri care au declan\u0219at primele expedi\u021bii de recunoa\u0219tere Greenpeace din lume. Acest principiu de \u201ebearing witness\u201d, de purt\u0103tor al m\u0103rturiei, este ceea ce st\u0103 la baza activit\u0103\u021bilor Greenpeace. \u00cenainte de oricare alte cuvinte, solu\u021bii, discu\u021bii sau conflicte, primul lucru pe care \u00eel face Greenpeace este acela de a spune lumii: \u201eIat\u0103, nu uita\u021bi, se \u00eent\u00e2mpl\u0103 \u0219i asta \u00een lume\u201d, aceast\u0103 lume care nu este a nim\u0103nui, nici a noastr\u0103, nici a celor de care \u00eencerc\u0103m s\u0103 o \u201esalv\u0103m\u201d, dar de care trebuie s\u0103 \u00eenv\u0103\u021b\u0103m s\u0103 ne bucur\u0103m \u00eempreun\u0103. Ceva simplu. Ceva asupra c\u0103ruia nu avem monopol: nu suntem nici primii, nici ultimii, nici cei mai cu mo\u021b. \u00cens\u0103 ceea ce ofer\u0103 Greenpeace este structur\u0103 \u0219i experien\u021b\u0103.<\/p>\n<p><img loading=\"lazy\" decoding=\"async\" src=\"https:\/\/www.greenpeace.org\/static\/planet4-romania-stateless\/2019\/07\/e3d48f6e-e3d48f6e-_dsc2986.jpg\" alt=\"\" width=\"578\" height=\"386\"><\/p>\n<p style=\"text-align: center;\"><em>Vladimir pe teren pentru activit\u0103\u021bile de inventariere a p\u0103durii Cump\u0103na. Credit foto: Dan C\u00e2mpean \/ Greenpeace<\/em><\/p>\n<p>Uneori, voluntarii pot fi aceia care \u00eel motiveaz\u0103 pe coordonator \u0219i nu invers. \u00cens\u0103 asta presupune munca de coordonator de voluntari, de a g\u0103si oamenii dispu\u0219i s\u0103-\u0219i foloseasc\u0103 timpul \u0219i energia pentru a contribui la campaniile Greenpeace, de a le oferi condi\u021biile \u0219i ajutorul necesar atunci c\u00e2nd devin la r\u00e2ndul lor activi \u00een r\u00e2ndul comunit\u0103\u021bii. Aceast\u0103 mobilizare masiv\u0103 este \u00eenc\u0103 o caracteristic\u0103 a organiza\u021biei, dorin\u021ba de a ajunge la urechile \u0219i inimile multora. Pe de alt\u0103 parte, ac\u021biunile pot deveni, a\u0219a cum este renumele Greenpeace, incitante. Rela\u021bia pe care o are organiza\u021bia cu activi\u0219tii este una deosebit\u0103. \u00cen urma cursurilor specializate oferite voluntarilor care se arat\u0103 interesa\u021bi s\u0103 dezvolte aceast\u0103 apropiere, se deschide o lume a oportunit\u0103\u021bilor de implicare direct\u0103 \u00een cadrul campaniilor, celebrele \u201eac\u021biuni\u201d Greenpeace, croite s\u0103 ofere vizibilitate \u0219i s\u0103 duc\u0103 mai departe obiectivele. Alt lucru deosebit \u00eel reprezint\u0103 interna\u021bionalitatea: chiar acum, de exemplu, pe malul lacului Vidraru, <a href=\"http:\/\/www.greenpeace.org\/romania\/ro\/campanii\/paduri\/tabara\/\">se desf\u0103\u0219oar\u0103 tab\u0103ra Greenpeace pentru p\u0103duri<\/a>, unde activi\u0219ti din 10 \u021b\u0103ri, al\u0103turi de voluntarii no\u0219tri, lucreaz\u0103 la cartografierea unei p\u0103duri vechi, pentru a fi inclus\u0103 \u00een <em>Catalogul na\u021bional al p\u0103durilor virgine \u0219i cvasivirgine.<\/em><\/p>\n<p>\u00cen cei aproape doi ani de c\u00e2nd sunt aici am cunoscut oameni care mi-au ar\u0103tat ce \u00eenseamn\u0103 s\u0103 fii cinstit \u0219i s\u0103 ai t\u0103ria s\u0103 nu cedezi atunci c\u00e2nd crezi \u00een ceva.\u00a0<\/p>\n<\/div>\n","protected":false},"excerpt":{"rendered":"<div>\n\tAm ajuns la Greenpeace Rom\u00e2nia printr-o \u00eent\u00e2mplare fericit\u0103: un prieten mi-a spus c\u0103 angajeaz\u0103 oameni noi pe postul de coordonator de voluntari. Iat\u0103 acum, acela\u0219i moment, pentru altcineva.\n<\/div>\n","protected":false},"author":34,"featured_media":1230,"comment_status":"closed","ping_status":"closed","sticky":false,"template":"","format":"standard","meta":{"ep_exclude_from_search":false,"p4_og_title":"","p4_og_description":"","p4_og_image":"","p4_og_image_id":"","p4_seo_canonical_url":"","p4_campaign_name":"","p4_local_project":"","p4_basket_name":"","p4_department":"","footnotes":""},"categories":[4],"tags":[8],"p4-page-type":[30],"class_list":["post-1229","post","type-post","status-publish","format-standard","has-post-thumbnail","hentry","category-comunitate","tag-participare-civica-2","p4-page-type-articol"],"_links":{"self":[{"href":"https:\/\/www.greenpeace.org\/romania\/wp-json\/wp\/v2\/posts\/1229","targetHints":{"allow":["GET"]}}],"collection":[{"href":"https:\/\/www.greenpeace.org\/romania\/wp-json\/wp\/v2\/posts"}],"about":[{"href":"https:\/\/www.greenpeace.org\/romania\/wp-json\/wp\/v2\/types\/post"}],"author":[{"embeddable":true,"href":"https:\/\/www.greenpeace.org\/romania\/wp-json\/wp\/v2\/users\/34"}],"replies":[{"embeddable":true,"href":"https:\/\/www.greenpeace.org\/romania\/wp-json\/wp\/v2\/comments?post=1229"}],"version-history":[{"count":1,"href":"https:\/\/www.greenpeace.org\/romania\/wp-json\/wp\/v2\/posts\/1229\/revisions"}],"predecessor-version":[{"id":1232,"href":"https:\/\/www.greenpeace.org\/romania\/wp-json\/wp\/v2\/posts\/1229\/revisions\/1232"}],"wp:featuredmedia":[{"embeddable":true,"href":"https:\/\/www.greenpeace.org\/romania\/wp-json\/wp\/v2\/media\/1230"}],"wp:attachment":[{"href":"https:\/\/www.greenpeace.org\/romania\/wp-json\/wp\/v2\/media?parent=1229"}],"wp:term":[{"taxonomy":"category","embeddable":true,"href":"https:\/\/www.greenpeace.org\/romania\/wp-json\/wp\/v2\/categories?post=1229"},{"taxonomy":"post_tag","embeddable":true,"href":"https:\/\/www.greenpeace.org\/romania\/wp-json\/wp\/v2\/tags?post=1229"},{"taxonomy":"p4-page-type","embeddable":true,"href":"https:\/\/www.greenpeace.org\/romania\/wp-json\/wp\/v2\/p4-page-type?post=1229"}],"curies":[{"name":"wp","href":"https:\/\/api.w.org\/{rel}","templated":true}]}}