{"id":12559,"date":"2026-04-03T11:11:43","date_gmt":"2026-04-03T08:11:43","guid":{"rendered":"https:\/\/www.greenpeace.org\/romania\/?p=12559"},"modified":"2026-04-03T11:18:29","modified_gmt":"2026-04-03T08:18:29","slug":"un-pas-concret-pentru-comunitatile-de-energie-atelier-greenpeace-cu-aproape-100-de-reprezentanti-ai-autoritatilor-locale","status":"publish","type":"post","link":"https:\/\/www.greenpeace.org\/romania\/articol\/12559\/un-pas-concret-pentru-comunitatile-de-energie-atelier-greenpeace-cu-aproape-100-de-reprezentanti-ai-autoritatilor-locale\/","title":{"rendered":"Un pas concret pentru comunit\u0103\u021bile de energie: atelier Greenpeace cu aproape 100 de reprezentan\u021bi ai autorit\u0103\u021bilor locale"},"content":{"rendered":"\n<p>Pe 31 martie am organizat un atelier online dedicat comunit\u0103\u021bilor de energie, la care au participat aproape 100 de unit\u0103\u021bi administrativ-teritoriale din jude\u021bele incluse \u00een Programul de Tranzi\u021bie Just\u0103 (Gorj, Hunedoara, Dolj, Mure\u0219 \u0219i Gala\u021bi). Ne-a bucurat interesul ridicat, care arat\u0103 clar c\u0103 administra\u021biile locale caut\u0103 solu\u021bii concrete pentru a produce energie mai curat\u0103, mai stabil\u0103 \u0219i mai accesibil\u0103 pentru cet\u0103\u021beni.<\/p>\n\n<p>Discu\u021bia s-a concentrat pe apelul de finan\u021bare dedicat UAT-urilor care vor s\u0103 dezvolte proiecte de energie regenerabil\u0103 ce pot evolua \u00een comunit\u0103\u021bi de energie. Pentru multe administra\u021bii, acest concept este \u00eenc\u0103 relativ nou, de la structuri juridice \u0219i modele de guvernan\u021b\u0103, p\u00e2n\u0103 la cerin\u021be tehnice. Tocmai de aceea, atelierul a fost g\u00e2ndit ca un spa\u021biu practic de clarificare, \u00een care participan\u021bii au putut \u00een\u021belege mai bine pa\u0219ii necesari pentru a accesa fondurile disponibile.<\/p>\n\n<figure class=\"wp-block-image size-large\"><img loading=\"lazy\" decoding=\"async\" width=\"1024\" height=\"538\" src=\"https:\/\/www.greenpeace.org\/static\/planet4-romania-stateless\/2026\/04\/6a763e47-untitled-design-1024x538.jpg\" alt=\"\" class=\"wp-image-12560\" srcset=\"https:\/\/www.greenpeace.org\/static\/planet4-romania-stateless\/2026\/04\/6a763e47-untitled-design-1024x538.jpg 1024w, https:\/\/www.greenpeace.org\/static\/planet4-romania-stateless\/2026\/04\/6a763e47-untitled-design-300x158.jpg 300w, https:\/\/www.greenpeace.org\/static\/planet4-romania-stateless\/2026\/04\/6a763e47-untitled-design-768x403.jpg 768w, https:\/\/www.greenpeace.org\/static\/planet4-romania-stateless\/2026\/04\/6a763e47-untitled-design-1536x806.jpg 1536w, https:\/\/www.greenpeace.org\/static\/planet4-romania-stateless\/2026\/04\/6a763e47-untitled-design-510x268.jpg 510w, https:\/\/www.greenpeace.org\/static\/planet4-romania-stateless\/2026\/04\/6a763e47-untitled-design.jpg 1800w\" sizes=\"auto, (max-width: 1024px) 100vw, 1024px\" \/><\/figure>\n\n<p>Un moment important a fost interven\u021bia ministrului Drago\u0219 P\u00eeslaru (MIPE), care a adus ve\u0219ti relevante pentru autorit\u0103\u021bile locale. Acesta a confirmat faptul c\u0103 va exista un al doilea apel de finan\u021bare pentru comunit\u0103\u021bi de energie \u0219i a men\u021bionat c\u0103 sunt \u00een curs de identificare noi surse de finan\u021bare la nivel na\u021bional, inclusiv prin mecanisme precum PNRR.<\/p>\n\n<p>Pentru Greenpeace Rom\u00e2nia, acest atelier face parte dintr-un efort mai amplu \u00eenceput \u00eenc\u0103 din 2022, de a sprijini apari\u021bia comunit\u0103\u021bilor de energie \u00een Rom\u00e2nia. Sus\u021binem o schimbare de paradigm\u0103: trecerea de la un sistem energetic centralizat \u0219i vulnerabil, la unul descentralizat, \u00een care comunit\u0103\u021bile au mai mult control asupra energiei pe care o produc \u0219i o consum\u0103.<\/p>\n\n<p>\u00cen urm\u0103toarele luni, vom continua s\u0103 lucr\u0103m al\u0103turi de autorit\u0103\u021bile locale pentru a le sprijini \u00een \u00een\u021belegerea mecanismelor de finan\u021bare \u0219i \u00een dezvoltarea de proiecte solide. Miza este ca aceste oportunit\u0103\u021bi s\u0103 nu r\u0103m\u00e2n\u0103 doar pe h\u00e2rtie, ci s\u0103 se transforme \u00een ini\u021biative concrete care aduc beneficii reale comunit\u0103\u021bilor, de la facturi mai mici p\u00e2n\u0103 la mai mult\u0103 independen\u021b\u0103 energetic\u0103.<\/p>\n\n<p>Interesul \u0219i deschiderea pe care le-am v\u0103zut \u00een cadrul atelierului sunt un semnal clar: exist\u0103 energie \u0219i voin\u021b\u0103 la nivel local. Urm\u0103torul pas este transformarea acestui interes \u00een proiecte care pot face diferen\u021ba.<\/p>\n\n<p>\u00cenregistrarea atelierului este disponibil\u0103 aici:<\/p>\n\n<div class=\"wp-block-buttons is-content-justification-center is-layout-flex wp-container-core-buttons-is-layout-16018d1d wp-block-buttons-is-layout-flex\">\n<div class=\"wp-block-button is-style-cta\"><a class=\"wp-block-button__link has-medium-font-size has-text-align-center has-custom-font-size wp-element-button\" href=\"https:\/\/drive.google.com\/file\/d\/1Khab4rNM4NQNxJjN2bePeV-pQAyjvXCd\/view?usp=sharing\">ATELIER UAT 31 MARTIE 2026<\/a><\/div>\n<\/div>\n","protected":false},"excerpt":{"rendered":"<p>Pe 31 martie am organizat un atelier online dedicat comunit\u0103\u021bilor de energie, la care au participat aproape 100 de unit\u0103\u021bi administrativ-teritoriale din jude\u021bele incluse \u00een Programul de Tranzi\u021bie Just\u0103 (Gorj,&hellip;<\/p>\n","protected":false},"author":34,"featured_media":12561,"comment_status":"open","ping_status":"closed","sticky":false,"template":"","format":"standard","meta":{"ep_exclude_from_search":false,"p4_og_title":"","p4_og_description":"","p4_og_image":"","p4_og_image_id":"","p4_seo_canonical_url":"","p4_campaign_name":"","p4_local_project":"","p4_basket_name":"","p4_department":"","footnotes":""},"categories":[138],"tags":[112],"p4-page-type":[],"class_list":["post-12559","post","type-post","status-publish","format-standard","has-post-thumbnail","hentry","category-democratie-energetica","tag-comunitati-de-energie-1"],"_links":{"self":[{"href":"https:\/\/www.greenpeace.org\/romania\/wp-json\/wp\/v2\/posts\/12559","targetHints":{"allow":["GET"]}}],"collection":[{"href":"https:\/\/www.greenpeace.org\/romania\/wp-json\/wp\/v2\/posts"}],"about":[{"href":"https:\/\/www.greenpeace.org\/romania\/wp-json\/wp\/v2\/types\/post"}],"author":[{"embeddable":true,"href":"https:\/\/www.greenpeace.org\/romania\/wp-json\/wp\/v2\/users\/34"}],"replies":[{"embeddable":true,"href":"https:\/\/www.greenpeace.org\/romania\/wp-json\/wp\/v2\/comments?post=12559"}],"version-history":[{"count":1,"href":"https:\/\/www.greenpeace.org\/romania\/wp-json\/wp\/v2\/posts\/12559\/revisions"}],"predecessor-version":[{"id":12562,"href":"https:\/\/www.greenpeace.org\/romania\/wp-json\/wp\/v2\/posts\/12559\/revisions\/12562"}],"wp:featuredmedia":[{"embeddable":true,"href":"https:\/\/www.greenpeace.org\/romania\/wp-json\/wp\/v2\/media\/12561"}],"wp:attachment":[{"href":"https:\/\/www.greenpeace.org\/romania\/wp-json\/wp\/v2\/media?parent=12559"}],"wp:term":[{"taxonomy":"category","embeddable":true,"href":"https:\/\/www.greenpeace.org\/romania\/wp-json\/wp\/v2\/categories?post=12559"},{"taxonomy":"post_tag","embeddable":true,"href":"https:\/\/www.greenpeace.org\/romania\/wp-json\/wp\/v2\/tags?post=12559"},{"taxonomy":"p4-page-type","embeddable":true,"href":"https:\/\/www.greenpeace.org\/romania\/wp-json\/wp\/v2\/p4-page-type?post=12559"}],"curies":[{"name":"wp","href":"https:\/\/api.w.org\/{rel}","templated":true}]}}