{"id":1535,"date":"2019-08-22T12:09:58","date_gmt":"2019-08-22T09:09:58","guid":{"rendered":"https:\/\/www.greenpeace.org\/romania\/?p=1535"},"modified":"2020-01-20T18:59:34","modified_gmt":"2020-01-20T15:59:34","slug":"termocentrala-mintia-cauzeaza-aproximativ-120-de-decese-premature-anual","status":"publish","type":"post","link":"https:\/\/www.greenpeace.org\/romania\/raport\/1535\/termocentrala-mintia-cauzeaza-aproximativ-120-de-decese-premature-anual\/","title":{"rendered":"Termocentrala Mintia cauzeaz\u0103 aproximativ 120 de decese premature anual"},"content":{"rendered":"<p><span style=\"font-weight: 400;\">Greenpeace a evaluat impactul emisiilor termocentralei Mintia asupra s\u0103n\u0103t\u0103\u021bii, iar rezultatele indic\u0103 aproximativ<\/span> <span style=\"font-weight: 400;\">120 de decese premature pe an<\/span><b>, <\/b><span style=\"font-weight: 400;\">conform raportului \u201cO evaluare integrat\u0103 a impactului emisiilor de la termocentrala pe baz\u0103 de c\u0103rbune Mintia din Rom\u00e2nia asupra calit\u0103\u021bii aerului \u0219i s\u0103n\u0103t\u0103\u021bii\u201d.<\/span><\/p>\n<p><span style=\"font-weight: 400;\">Poluarea aerului reprezint\u0103 principalul factor de risc pentru s\u0103n\u0103tatea uman\u0103 la nivel global \u0219i are efecte negative grave asupra ecosistemelor.<\/span><\/p>\n<p><span style=\"font-weight: 400;\">Termocentrala Mintia func\u021bioneaz\u0103 \u00een prezent f\u0103r\u0103 o autoriza\u021bie integrat\u0103 de mediu \u0219i f\u0103r\u0103 instala\u021bii de reducere a polu\u0103rii (desulfurare) necesare pentru a fi autorizat\u0103, aceasta reprezent\u00e2nd o surs\u0103 important\u0103 de poluare a aerului \u00een Rom\u00e2nia, cu poten\u021biale efecte semnificative asupra comunit\u0103\u021bilor \u0219i ecosistemelor din jur.<\/span><\/p>\n<p><span style=\"font-weight: 400;\">Emisiile de la termocentrala Mintia:<\/span><\/p>\n<ul>\n<li style=\"font-weight: 400;\"><span style=\"font-weight: 400;\">ridic\u0103 nivelul de particule toxice \u0219i NO<\/span><span style=\"font-weight: 400;\">2<\/span><span style=\"font-weight: 400;\"> \u00een aer deasupra localit\u0103\u021bii Mintia \u0219i dincolo de aceasta, cresc\u00e2nd riscul bolilor precum accidentul vascular cerebral, cancerul pulmonar, bolile cardiace \u0219i respiratorii la adul\u021bi, precum \u0219i infec\u021biile respiratorii la copii. Aceste cauze duc la decese premature. Emisiile de SO<\/span><span style=\"font-weight: 400;\">2<\/span><span style=\"font-weight: 400;\">, NOx \u0219i praf contribuie la expunerea la particule toxice;<\/span><\/li>\n<li style=\"font-weight: 400;\"><span style=\"font-weight: 400;\">cauzeaz\u0103 ploi acide, care pot afecta culturile \u0219i solurile;<\/span><\/li>\n<li style=\"font-weight: 400;\"><span style=\"font-weight: 400;\">cauzeaz\u0103 precipita\u021bii radioactive cu metale grele toxice, cum ar fi arsenic, nichel, crom, plumb \u0219i mercur.<\/span><\/li>\n<\/ul>\n<p><span style=\"font-weight: 400;\">Rezultatele studiului nostru de modelare sugereaz\u0103 c\u0103 termocentrala pe baz\u0103 de c\u0103rbune Mintia cauzeaz\u0103 aproximativ 120 de decese premature pe an prin expunerea la PM<\/span><span style=\"font-weight: 400;\">2,5<\/span><span style=\"font-weight: 400;\"> si NO<\/span><span style=\"font-weight: 400;\">2<\/span><span style=\"font-weight: 400;\">. Alte efecte includ 13 cazuri de greutate mic\u0103 la nou-n\u0103scu\u021bi, 50 de cazuri noi de bron\u0219it\u0103 cronic\u0103 la adul\u021bi pe an \u0219i 400 de persoane pe zi care sufer\u0103 de boli cum ar fi infec\u021biile respiratorii, inclusiv 80 de zile lucr\u0103toare pierdute, din cauza expunerii la poluan\u021bii proveni\u021bi de la termocentral\u0103. Se estimeaz\u0103 c\u0103 \u00een fiecare an 100 de persoane sunt spitalizate din cauza bolilor respiratorii \u0219i cardiovasculare atribuite polu\u0103rii aerului din cauza termocentralei.<\/span><\/p>\n<p><span style=\"font-weight: 400;\">Depunerea de mercur estimat\u0103 dep\u0103\u0219e\u0219te valorile limit\u0103 \u0219i pot duce la acumularea periculoas\u0103 a mercurului \u00een pe\u0219ti \u00eentr-un perimetru de 200 km<\/span><span style=\"font-weight: 400;\">2,<\/span><span style=\"font-weight: 400;\"> cu o popula\u021bie de aproximativ 34.000 de persoane.<\/span><\/p>\n<p><span style=\"font-weight: 400;\">Av\u00e2nd la baz\u0103 rezultatele studiul nostru de modelare, am monitorizat 3 luni dioxidul de sulf (SO2) \u00een localit\u0103\u021bile din jurul termocentralei Mintia, incluz\u00e2nd \u0219i ora\u0219ul Deva, \u0219i am analizat datele privind dioxidul de sulf (SO2) provenite de la re\u021beaua oficial\u0103 de monitorizare a calit\u0103\u021bii aerului.<\/span><\/p>\n<p><span style=\"font-weight: 400;\">Concentra\u021biile medii la sta\u021bia oficial\u0103 de monitorizare HD-2 de la marginea de nord a ora\u0219ului sunt mai mari dec\u00e2t cele \u00eenregistrate la sta\u021bia oficial\u0103 de monitorizare HD-1 din centrul ora\u0219ului, suger\u00e2nd c\u0103 o surs\u0103 important\u0103 de poluare cu SO2 exist\u0103 \u00een afara ora\u0219ului.<\/span><\/p>\n<p><span style=\"font-weight: 400;\">Rezultatele monitoriz\u0103rii, combinate cu analiza direc\u021biei v\u00e2ntului, sugereaz\u0103 c\u0103 zona Devei este afectat\u0103 de emisii de SO2 provenite din surse aflate la Nord, \u00een valea r\u00e2ului Mure\u0219. M\u0103sur\u0103torile de SO2 la sta\u021bia HD-2 r\u0103m\u00e2n \u00een permanen\u021b\u0103, at\u00e2t ziua c\u00e2t \u0219i noaptea, mai mari dec\u00e2t aproximativ 10\u03bcg\/m3, suger\u00e2nd o surs\u0103 de poluare care func\u021bioneaz\u0103 24 de ore pe zi. Aceast\u0103 surs\u0103 este termocentrala Mintia, situat\u0103 la 8 km vest-nord-vest de sta\u021bia oficial\u0103 de monitorizare HD-2.<\/span><\/p>\n<p><span style=\"font-weight: 400;\">Termocentrala Mintia este a treia cea mai mare central\u0103 termic\u0103 din \u021bar\u0103, cu un total de \u0219ase unit\u0103\u021bi \u0219i o capacitate de 1285 MW \u0219i func\u021bioneaz\u0103 f\u0103r\u0103 autoriza\u021bie integrat\u0103 de mediu din 2013.<\/span><\/p>\n<p><span style=\"font-weight: 400;\">Greenpeace Rom\u00e2nia cere autorit\u0103\u021bilor rom\u00e2ne prioritizarea produc\u021biei de energie din surse regenerabile, pentru a proteja s\u0103n\u0103tatea cet\u0103\u021benilor \u0219i mediul \u00eenconjur\u0103tor.&nbsp;<\/span><\/p>\n<p><b>NOT\u0102:<\/b><\/p>\n<p><span style=\"font-weight: 400;\">Rapoartele integrale pot fi desc\u0103rcate de aici:<br \/>\n<\/span><a href=\"https:\/\/www.greenpeace.org\/static\/planet4-romania-stateless\/2019\/08\/d7a6be75-raport-modelare-atmosferica-mintia.pdf\"><span style=\"font-weight: 400;\">Raport modelare atmosferic\u0103 Mintia<\/span><\/a><br \/>\n<a href=\"https:\/\/www.greenpeace.org\/static\/planet4-romania-stateless\/2019\/08\/94734632-raport-monitorizare-so2-mintia.pdf\"><span style=\"font-weight: 400;\">Raport monitorizare SO2 Mintia<\/span><\/a><\/p>\n<p><span style=\"font-weight: 400;\">Pentru mai multe info: Alin T\u0103nase, coordonator de campanii Greenpeace Rom\u00e2nia<br \/>\n<\/span><span style=\"font-weight: 400;\">0736 619 100 &#8211; <\/span><a href=\"mailto:alin.tanase@greenpeace.org\"><span style=\"font-weight: 400;\">alin.tanase@greenpeace.org<\/span><\/a><span style=\"font-weight: 400;\">&nbsp;<\/span><\/p>\n<div id=\"attachment_1292\" style=\"width: 1034px\" class=\"wp-caption alignnone\"><img loading=\"lazy\" decoding=\"async\" aria-describedby=\"caption-attachment-1292\" class=\"wp-image-1292 size-large\" src=\"https:\/\/www.greenpeace.org\/static\/planet4-romania-stateless\/2019\/07\/4d47b45c-gp0str1lc-1024x684.jpg\" alt=\"Action at Illegal Coal Power Plant in Romania. \u00a9 Dan Campean \/ Greenpeace\" width=\"1024\" height=\"684\" srcset=\"https:\/\/www.greenpeace.org\/static\/planet4-romania-stateless\/2019\/07\/4d47b45c-gp0str1lc-1024x684.jpg 1024w, https:\/\/www.greenpeace.org\/static\/planet4-romania-stateless\/2019\/07\/4d47b45c-gp0str1lc-300x200.jpg 300w, https:\/\/www.greenpeace.org\/static\/planet4-romania-stateless\/2019\/07\/4d47b45c-gp0str1lc-768x513.jpg 768w, https:\/\/www.greenpeace.org\/static\/planet4-romania-stateless\/2019\/07\/4d47b45c-gp0str1lc-510x340.jpg 510w, https:\/\/www.greenpeace.org\/static\/planet4-romania-stateless\/2019\/07\/4d47b45c-gp0str1lc.jpg 1200w\" sizes=\"auto, (max-width: 1024px) 100vw, 1024px\" \/><p id=\"caption-attachment-1292\" class=\"wp-caption-text\">Protest la termocentrala Mintia care func\u021bioneaz\u0103 ilegal de 4 ani de zile. \u00cen aceast\u0103 situa\u021bie se mai afl\u0103 alte 14 unit\u0103\u021bi pe baz\u0103 de c\u0103rbune din Rom\u00e2nia.<\/p><\/div>\n<p>&nbsp;<\/p>\n","protected":false},"excerpt":{"rendered":"<p>Termocentrala pe baz\u0103 de c\u0103rbune Mintia cauzeaz\u0103 aproximativ 120 de decese premature pe an, conform raportului Greenpeace \u201cO evaluare integrat\u0103 a impactului emisiilor de la termocentrala pe baz\u0103 de c\u0103rbune&hellip;<\/p>\n","protected":false},"author":28,"featured_media":1292,"comment_status":"open","ping_status":"closed","sticky":false,"template":"","format":"standard","meta":{"ep_exclude_from_search":false,"p4_og_title":"","p4_og_description":"","p4_og_image":"","p4_og_image_id":"","p4_seo_canonical_url":"","p4_campaign_name":"not set","p4_local_project":"","p4_basket_name":"not set","p4_department":"","footnotes":""},"categories":[2],"tags":[18,35],"p4-page-type":[28],"class_list":["post-1535","post","type-post","status-publish","format-standard","has-post-thumbnail","hentry","category-clima-si-energie","tag-carbune","tag-poluare","p4-page-type-raport"],"_links":{"self":[{"href":"https:\/\/www.greenpeace.org\/romania\/wp-json\/wp\/v2\/posts\/1535","targetHints":{"allow":["GET"]}}],"collection":[{"href":"https:\/\/www.greenpeace.org\/romania\/wp-json\/wp\/v2\/posts"}],"about":[{"href":"https:\/\/www.greenpeace.org\/romania\/wp-json\/wp\/v2\/types\/post"}],"author":[{"embeddable":true,"href":"https:\/\/www.greenpeace.org\/romania\/wp-json\/wp\/v2\/users\/28"}],"replies":[{"embeddable":true,"href":"https:\/\/www.greenpeace.org\/romania\/wp-json\/wp\/v2\/comments?post=1535"}],"version-history":[{"count":20,"href":"https:\/\/www.greenpeace.org\/romania\/wp-json\/wp\/v2\/posts\/1535\/revisions"}],"predecessor-version":[{"id":2518,"href":"https:\/\/www.greenpeace.org\/romania\/wp-json\/wp\/v2\/posts\/1535\/revisions\/2518"}],"wp:featuredmedia":[{"embeddable":true,"href":"https:\/\/www.greenpeace.org\/romania\/wp-json\/wp\/v2\/media\/1292"}],"wp:attachment":[{"href":"https:\/\/www.greenpeace.org\/romania\/wp-json\/wp\/v2\/media?parent=1535"}],"wp:term":[{"taxonomy":"category","embeddable":true,"href":"https:\/\/www.greenpeace.org\/romania\/wp-json\/wp\/v2\/categories?post=1535"},{"taxonomy":"post_tag","embeddable":true,"href":"https:\/\/www.greenpeace.org\/romania\/wp-json\/wp\/v2\/tags?post=1535"},{"taxonomy":"p4-page-type","embeddable":true,"href":"https:\/\/www.greenpeace.org\/romania\/wp-json\/wp\/v2\/p4-page-type?post=1535"}],"curies":[{"name":"wp","href":"https:\/\/api.w.org\/{rel}","templated":true}]}}