{"id":1994,"date":"2019-05-29T16:18:06","date_gmt":"2019-05-29T13:18:06","guid":{"rendered":"https:\/\/www.greenpeace.org\/romania\/?p=1994"},"modified":"2020-02-18T20:20:02","modified_gmt":"2020-02-18T17:20:02","slug":"rainbow-warrior-a-sosit-la-constanta-pentru-a-semnala-pasivitatea-romaniei-in-problema-schimbarilor-climatice","status":"publish","type":"post","link":"https:\/\/www.greenpeace.org\/romania\/comunicat-presa\/1994\/rainbow-warrior-a-sosit-la-constanta-pentru-a-semnala-pasivitatea-romaniei-in-problema-schimbarilor-climatice\/","title":{"rendered":"Rainbow Warrior a sosit la Constan\u021ba pentru a semnala pasivitatea Rom\u00e2niei \u00een problema schimb\u0103rilor climatice"},"content":{"rendered":"<p style=\"font-weight: 400;\"><strong>Rainbow Warrior, nava-fanion a Greenpeace, a sosit la Constan\u021ba, unde va sta timp de 5 zile. Oprirea \u00een Rom\u00e2nia marcheaz\u0103 \u00eenceputul unui tur european de 5 luni care, sub sloganul\u00a0#unitipentruclima,\u00a0promoveaz\u0103 solu\u021biile energetice curate \u0219i\u00a0solicit\u0103 ambi\u021bii mai \u00eenalte \u0219i ac\u021biuni decisive pentru protejarea climei din partea liderilor europeni.<\/strong><\/p>\n<p style=\"font-weight: 400;\"><strong>Din p\u0103cate, Rom\u00e2nia neglijeaz\u0103 problema schimb\u0103rilor climatice \u0219i se opune ac\u021biunilor ambi\u021bioase de protejare a climei, \u00een defavoarea mediului \u0219i a cet\u0103\u021benilor s\u0103i.\u00a0<\/strong><\/p>\n<p style=\"font-weight: 400;\">\u0218i \u00een Rom\u00e2nia schimb\u0103rile sunt vizibile: avem anotimpuri atipice, inunda\u021bii de propor\u021bii &#8211; dar \u0219i zone de\u0219ertificate, manifest\u0103ri violente ale vremii, precum tornadele. Oamenii de \u0219tiin\u021b\u0103 din toat\u0103 lumea confirm\u0103 c\u0103 schimbarea climei este \u00een str\u00e2ns\u0103 leg\u0103tur\u0103 cu activitatea uman\u0103. E nevoie de ac\u021biunea urgent\u0103 a tuturor statelor lumii \u0219i a sectorului de business pentru ca acest fenomen s\u0103 fie \u00eencetinit \u0219i apoi oprit.<\/p>\n<p style=\"font-weight: 400;\"><strong>Pozi\u021bia Rom\u00e2niei fa\u021b\u0103 de schimb\u0103rile climatice este retrograd\u0103<\/strong><\/p>\n<p style=\"font-weight: 400;\"><strong>\u00a0<\/strong><\/p>\n<p style=\"font-weight: 400;\">De\u0219i Rom\u00e2nia este semnatar\u0103 a mai multor acorduri climatice, \u021bara noastr\u0103 face \u00eenc\u0103 prea pu\u021bine. Uniunea European\u0103 este singura entitate care manifest\u0103 o oarecare influen\u021b\u0103 pozitiv\u0103 asupra strategiilor \u0219i \u021bintelor de mediu din Rom\u00e2nia.<\/p>\n<p style=\"font-weight: 400;\">Sectorul energetic, care are un impact major asupra climei fiind cel mai mare emi\u021b\u0103tor de gaze cu efect de ser\u0103, este \u00eemb\u0103tr\u00e2nit \u0219i tributar aranjamentelor politice. De\u0219i \u021binta UE pentru 2050 este o economie f\u0103r\u0103 emisii de carbon, Rom\u00e2nia propune \u00een proiectul de strategie energetic\u0103 a \u021b\u0103rii men\u021binerea unit\u0103\u021bilor pe c\u0103rbune, ba chiar \u0219i construirea unora noi, cu tehnologii nevalidate la nivel mondial.<\/p>\n<p style=\"font-weight: 400;\">De asemenea, Planul Na\u021bional Integrat \u00een domeniul Energiei \u0219i Schimb\u0103rilor Climatice (PNIESC), care cuprinde contribu\u021bia Rom\u00e2niei la eforturile europene, este total lipsit de ambi\u021bie, propun\u00e2nd o cot\u0103 de energie din surse regenerabile de doar 27.9%, \u00een condi\u021biile \u00een care \u021bara noastr\u0103 are un poten\u021bial important, iar \u021binta european\u0103 este de minim 32% pentru 2030.<\/p>\n<p style=\"font-weight: 400;\"><em>\u201eMajoritatea statelor membre din UE au decis s\u0103 elimine treptat produc\u021bia de energie din c\u0103rbune pentru a proteja clima, dar \u0219i din ra\u021biuni economice. Guvernul Rom\u00e2niei \u00eencearc\u0103 s\u0103 \u00eent\u00e2rzie inevitabilul cat mai mult posibil \u0219i sprijin\u0103, din p\u0103cate, func\u021bionarea termocentralelor pe c\u0103rbune care nu respect\u0103 normele de mediu na\u021bionale \u0219i europene. De mai bine de 5 ani, termocentrale precum Mintia \u0219i Govora func\u021bioneaz\u0103 f\u0103r\u0103 autoriza\u021bie integrat\u0103 de mediu. Aceste termocentralele pe c\u0103rbune sunt foarte poluante, contribuie decisiv la amplificarea schimb\u0103rilor climatice \u0219i afecteaz\u0103 s\u0103n\u0103tatea oamenilor. Conform unui studiu Climate Action Network Europe, termocentralele pe c\u0103rbune din Rom\u00e2nia provoac\u0103 anual 570 decese premature \u0219i costuri de s\u0103n\u0103tate asociate polu\u0103rii ce se ridica la peste 1,6 miliarde de euro anual.<\/em><\/p>\n<p style=\"font-weight: 400;\"><em>\u00a0<\/em><em>Cerem Guvernului Rom\u00e2niei un plan asumat pentru \u00eenlocuirea treptat\u0103 a produc\u021biei de energie din c\u0103rbune cu energie din surse curate, regenerabile, p\u00e2n\u0103 \u00een 2030. Am\u00e2narea acestui plan pune \u00een pericol securitatea energetic\u0103 a Rom\u00e2niei, iar nerecunoa\u0219terea colapsului produc\u0103torilor de energie pe baz\u0103 de c\u0103rbune \u0219i am\u00e2narea \u00eenlocuirii cu energie din surse regenerabile vor duce la o criz\u0103 major\u0103 \u00een urm\u0103torul deceniu.<\/em>\u201d, declar\u0103 Alin T\u0103nase, coordonator de campanii Greenpeace Rom\u00e2nia.<\/p>\n<p style=\"font-weight: 400;\"><strong>\u00a0<\/strong><strong>Tranzi\u021bia c\u0103tre energia curat\u0103 trebuie s\u0103 se fac\u0103 treptat<\/strong><\/p>\n<p style=\"font-weight: 400;\">\u00cenlocuirea treptat\u0103 a produc\u021biei de energie din c\u0103rbune cu energie din surse curate vine la pachet cu o serie de riscuri \u0219i provoc\u0103ri de ordin economic \u0219i social. C\u00e2nd minele \u0219i termocentralele se \u00eenchid, comunit\u0103\u021bile locale sufer\u0103. Veniturile, locurile de munc\u0103, vie\u021bile oamenilor sunt puse \u00een pericol atunci c\u00e2nd guvernele nu \u00ee\u0219i asum\u0103 un proces de tranzi\u021bie just\u0103 prin care, odat\u0103 cu \u00eenchiderea minelor \u0219i termocentralelor, oamenii au acces la\u00a0 un loc de munc\u0103 decent \u00eentr-o economie f\u0103r\u0103 emisii de carbon.<\/p>\n<p style=\"font-weight: 400;\"><em>\u201cCerem Guvernului Rom\u00e2niei s\u0103 preg\u0103teasc\u0103 aceast\u0103 tranzi\u021bie pentru comunit\u0103\u021bile miniere \u0219i s\u0103 nu le abandoneze, a\u0219a cum a f\u0103cut-o la sf\u00e2r\u0219itul anilor \u201890, \u00een Valea Jiului. Oamenii au suferit cumplit pentru c\u0103 autorit\u0103\u021bile nu au fost capabile s\u0103 creeze alternative sustenabile \u00een Valea Jiului, s\u0103 gestioneze fonduri, s\u0103 implice comunitatea \u00een rezolvarea problemelor create de disponibiliz\u0103rile \u00een mas\u0103. Guvernul s\u0103 \u00ee\u0219i asume c\u0103 nu exist\u0103 viitor pentru c\u0103rbune. Costurile ridicate pentru producerea de energie din c\u0103rbune \u0219i criza de mediu cu care se confrunt\u0103 omenirea sunt semnele evidente ignorate de statul rom\u00e2n. Autorit\u0103\u021bile sunt obligate s\u0103 \u00eenceap\u0103 s\u0103 pun\u0103 osul la treab\u0103, prin atragerea de capital, fonduri europene, prin crearea de infrastructur\u0103 \u0219i prin investi\u021bii \u00een resursele umane din zonele miniere.\u201d\u00a0\u00a0<\/em>declar\u0103 Vlad C\u0103tun\u0103, coordonator de campanii Greenpeace Rom\u00e2nia.<\/p>\n<p style=\"font-weight: 400;\"><strong>Prosumatorii, parte a solu\u021biei<\/strong><\/p>\n<p style=\"font-weight: 400;\"><strong>\u00a0<\/strong><\/p>\n<p style=\"font-weight: 400;\">Rom\u00e2nia trebuie s\u0103 accelereze ritmul tranzi\u021biei la energia regenerabil\u0103. E o condi\u021bie esen\u021bial\u0103 pentru a atinge \u021bintele obligatorii ale Uniunii Europene \u00een materie de energie \u0219i clim\u0103 pentru urm\u0103toarele decenii. Din p\u0103cate, \u00een Rom\u00e2nia, sectorul energiei regenerabile este blocat de mai mul\u021bi ani, incoeren\u021ba mecanismelor de sprijin \u00eendep\u0103rt\u00e2nd investitorii.<\/p>\n<p style=\"font-weight: 400;\">Prosumatorii &#8211; micii produc\u0103tori\/consumatori de energie din surse regenerabile &#8211; pot juca un rol important \u00een descentralizarea sistemului energetic \u0219i \u00eenlocuirea produc\u021biei de energie pe baz\u0103 de combustibili fosili, ce genereaz\u0103 schimb\u0103ri climatice.<\/p>\n<p style=\"font-weight: 400;\"><em>\u201eDe\u0219i cadrul legislativ \u0219i de reglementare a fost \u00eembun\u0103t\u0103\u021bit recent, e nevoie de semnale mult mai clare din partea statului rom\u00e2n pentru a sprijini energia regenerabil\u0103 \u0219i prosumatorii. Cerem proceduri simplificate \u0219i un mecanism eficient de sprijin financiar pentru prosumatori.<\/em><\/p>\n<p style=\"font-weight: 400;\"><em>Orice cet\u0103\u021bean european are dreptul s\u0103 \u00ee\u0219i produc\u0103 singur energia din surse curate. \u00cen Rom\u00e2nia, drumul de la consumator la prosumator este \u00eenc\u0103 lung \u0219i plin de incertitudini. Tocmai de aceea, \u00een luna mai 2019 sunt doar 70 de prosumatori \u00eenregistra\u021bi \u00een Rom\u00e2nia, iar \u00een Marea Britanie, 800.000, de\u0219i \u021bara noastr\u0103 beneficiaz\u0103 de mult mai multe zile \u00eensorite anual.<\/em>\u201d<em>\u00a0<\/em>declar\u0103 Marian M\u00e2ndru, coordonator de campanii Greenpeace Rom\u00e2nia.<\/p>\n<p style=\"font-weight: 400;\"><strong>Programul navei la Constan\u021ba<\/strong><\/p>\n<p style=\"font-weight: 400;\">Pentru cei interesa\u021bi de mai multe detalii despre campaniile Greenpeace \u0219i istoria fabuloas\u0103 a navei, Rainbow Warrior va putea fi vizitat\u0103 de c\u0103tre publicul larg \u00een fiecare zi.<\/p>\n<p style=\"font-weight: 400;\">De asemenea, pentru intervalele orare \u00een care nava se poate vizita de c\u0103tre publicul larg, un autobuz RATC va face traseul Poarta 1 (interiorul portului) &#8211; Cuibul Reginei, cu o frecven\u021b\u0103 de 15 minute, tot gratuit.<\/p>\n<p><img loading=\"lazy\" decoding=\"async\" class=\"size-medium wp-image-1989\" src=\"https:\/\/www.greenpeace.org\/static\/planet4-romania-stateless\/2019\/08\/d9940f3a-gp0stp7vd_web_size_with_credit_line-1-300x200.jpg\" alt=\"\" width=\"300\" height=\"200\" srcset=\"https:\/\/www.greenpeace.org\/static\/planet4-romania-stateless\/2019\/08\/d9940f3a-gp0stp7vd_web_size_with_credit_line-1-300x200.jpg 300w, https:\/\/www.greenpeace.org\/static\/planet4-romania-stateless\/2019\/08\/d9940f3a-gp0stp7vd_web_size_with_credit_line-1-768x512.jpg 768w, https:\/\/www.greenpeace.org\/static\/planet4-romania-stateless\/2019\/08\/d9940f3a-gp0stp7vd_web_size_with_credit_line-1-510x340.jpg 510w, https:\/\/www.greenpeace.org\/static\/planet4-romania-stateless\/2019\/08\/d9940f3a-gp0stp7vd_web_size_with_credit_line-1.jpg 800w\" sizes=\"auto, (max-width: 300px) 100vw, 300px\" \/><\/p>\n","protected":false},"excerpt":{"rendered":"<p>Rainbow Warrior, nava-fanion a Greenpeace, a sosit la Constan\u021ba, unde va sta timp de 5 zile. Oprirea \u00een Rom\u00e2nia marcheaz\u0103 \u00eenceputul unui tur european de 5 luni care, sub sloganul\u00a0#unitipentruclima,\u00a0promoveaz\u0103&hellip;<\/p>\n","protected":false},"author":25,"featured_media":1989,"comment_status":"open","ping_status":"closed","sticky":false,"template":"","format":"standard","meta":{"ep_exclude_from_search":false,"p4_og_title":"","p4_og_description":"","p4_og_image":"","p4_og_image_id":"","p4_seo_canonical_url":"","p4_campaign_name":"not set","p4_local_project":"","p4_basket_name":"not set","p4_department":"","footnotes":""},"categories":[2],"tags":[7,18,35],"p4-page-type":[29],"class_list":["post-1994","post","type-post","status-publish","format-standard","has-post-thumbnail","hentry","category-clima-si-energie","tag-energie-regenerabila","tag-carbune","tag-poluare","p4-page-type-comunicat-presa"],"_links":{"self":[{"href":"https:\/\/www.greenpeace.org\/romania\/wp-json\/wp\/v2\/posts\/1994","targetHints":{"allow":["GET"]}}],"collection":[{"href":"https:\/\/www.greenpeace.org\/romania\/wp-json\/wp\/v2\/posts"}],"about":[{"href":"https:\/\/www.greenpeace.org\/romania\/wp-json\/wp\/v2\/types\/post"}],"author":[{"embeddable":true,"href":"https:\/\/www.greenpeace.org\/romania\/wp-json\/wp\/v2\/users\/25"}],"replies":[{"embeddable":true,"href":"https:\/\/www.greenpeace.org\/romania\/wp-json\/wp\/v2\/comments?post=1994"}],"version-history":[{"count":4,"href":"https:\/\/www.greenpeace.org\/romania\/wp-json\/wp\/v2\/posts\/1994\/revisions"}],"predecessor-version":[{"id":2553,"href":"https:\/\/www.greenpeace.org\/romania\/wp-json\/wp\/v2\/posts\/1994\/revisions\/2553"}],"wp:featuredmedia":[{"embeddable":true,"href":"https:\/\/www.greenpeace.org\/romania\/wp-json\/wp\/v2\/media\/1989"}],"wp:attachment":[{"href":"https:\/\/www.greenpeace.org\/romania\/wp-json\/wp\/v2\/media?parent=1994"}],"wp:term":[{"taxonomy":"category","embeddable":true,"href":"https:\/\/www.greenpeace.org\/romania\/wp-json\/wp\/v2\/categories?post=1994"},{"taxonomy":"post_tag","embeddable":true,"href":"https:\/\/www.greenpeace.org\/romania\/wp-json\/wp\/v2\/tags?post=1994"},{"taxonomy":"p4-page-type","embeddable":true,"href":"https:\/\/www.greenpeace.org\/romania\/wp-json\/wp\/v2\/p4-page-type?post=1994"}],"curies":[{"name":"wp","href":"https:\/\/api.w.org\/{rel}","templated":true}]}}