{"id":2395,"date":"2019-12-03T13:00:59","date_gmt":"2019-12-03T10:00:59","guid":{"rendered":"https:\/\/www.greenpeace.org\/romania\/?p=2395"},"modified":"2021-03-01T10:07:57","modified_gmt":"2021-03-01T07:07:57","slug":"greenpeace-cere-noului-ministru-al-economiei-energiei-si-mediului-de-afaceri-urgentarea-consultarilor-publice-pentru-planul-national-integrat-pentru-energie-si-schimbari-climatice-pniesc","status":"publish","type":"post","link":"https:\/\/www.greenpeace.org\/romania\/comunicat-presa\/2395\/greenpeace-cere-noului-ministru-al-economiei-energiei-si-mediului-de-afaceri-urgentarea-consultarilor-publice-pentru-planul-national-integrat-pentru-energie-si-schimbari-climatice-pniesc\/","title":{"rendered":"Greenpeace cere noului ministru al Economiei, Energiei \u0219i Mediului de Afaceri urgentarea consult\u0103rilor publice pentru Planul Na\u021bional Integrat pentru Energie \u0219i Schimb\u0103ri Climatice (PNIESC)"},"content":{"rendered":"\n<p>Rom\u00e2nia, prin Ministerul Economiei, Energiei \u0219i Mediului de Afaceri conform regulilor guvernan\u021bei privind uniunea energetic\u0103 \u0219i ac\u021biune climatic\u0103, trebuie s\u0103 depun\u0103 c\u0103tre Comisia European\u0103, <strong>p\u00e2n\u0103 pe 31 decembrie 2019<\/strong>, documentul final &#8211;&nbsp; Planul Na\u021bional Integrat pentru Energie \u0219i Schimb\u0103ri Climatice (PNIESC) pentru perioada 2021-2030.  <\/p>\n\n<p>\u00cen urma ader\u0103rii UE la Acordul de la Paris, Uniunea European\u0103 \u0219i-a asumat un rol important \u00een privin\u021ba combaterii schimb\u0103rilor climatice, prin cele 5 dimensiuni principale: securitate energetic\u0103, decarbonizare, eficien\u021b\u0103 energetic\u0103, pia\u021ba intern\u0103 a energiei \u0219i cercetare, inovare \u0219i competitivitate. Fiecare stat membru trebuie s\u0103 preg\u0103teasc\u0103 acest plan \u021bin\u00e2nd cont de cele 5 dimensiuni. <\/p>\n\n<p><strong>A r\u0103mas mai pu\u021bin de o lun\u0103 p\u00e2n\u0103 c\u00e2nd Rom\u00e2nia trebuie s\u0103 trimit\u0103 documentul final care stabile\u0219te cum va ar\u0103ta sectorul energetic \u00een urm\u0103torii 10 ani. <\/strong>Din p\u0103cate, <strong>documentul nu a fost f\u0103cut public \u0219i nici supus dezbaterii publice<\/strong>, de\u0219i Regulamentul (EU) 2018\/1999 subliniaz\u0103 faptul c\u0103 &#8222;Statele Membre&nbsp; trebuie s\u0103 se asigure c\u0103 publicului i se ofer\u0103 oportunit\u0103\u021bi timpurii \u0219i eficiente de a participa \u0219i de a fi consultat cu privire la preg\u0103tirea planurilor na\u021bionale integrate de energie \u0219i clim\u0103.&#8221;&nbsp; De asemenea, &#8222;fiecare stat membru stabile\u0219te termene rezonabile care s\u0103 permit\u0103 publicului suficient timp pentru a fi informat, pentru a participa \u0219i pentru a-\u0219i exprima opiniile.&#8221; <\/p>\n\n<p>\u00cen Ungaria, mai mult de 150.000 de oameni au completat sondajul ini\u021biat de guvernul maghiar pe tema energiei \u0219i schimb\u0103rilor climatice, \u00een timp ce \u00een Austria consult\u0103rile s-au desf\u0103\u0219urat pe o perioad\u0103 de o lun\u0103. Germania a cheltui 2.5 milioane de euro pentru a se asigura ca procesul de consultare ajunge inclusiv \u00een r\u00e2ndul celor care nu sunt pasiona\u021bi de subiectul energiei \u0219i schimb\u0103rilor climatice.&nbsp; \u00cen Fran\u021ba, consultarea cunoscut\u0103 \u0219i sub numele de &#8222;Disputa Na\u021bional\u0103 privind tranzi\u021bia energetic\u0103&#8221; a durat 9 luni de zile. Au participat peste 170.000 de oameni \u00een consultarea online \u0219i au fost organizate peste 1000 de evenimente pentru a promova evenimentul, \u00een timp ce municipalit\u0103\u021bile, companiile, parlamentul \u0219i al\u021bi actori relevan\u021bi au format subcomitete pentru a discuta anumite detalii privind sectorul regenerabilelor \u0219i cum anumite m\u0103suri ar putea fi finan\u021bate. <\/p>\n\n<p>Domnule Ministru Virgil Popescu, \u00een ce stadiu se afl\u0103 Planul Na\u021bional Integrat pentru Energie \u0219i Schimb\u0103ri Climatice al Rom\u00e2niei? C\u00e2nd vor avea loc consult\u0103rile pe subiect \u0219i cum v\u0103 ve\u021bi asigura c\u0103 Rom\u00e2nia urmeaz\u0103 calea european\u0103 \u00een materie de transparen\u021b\u0103 \u0219i consult\u0103ri publice? <\/p>\n","protected":false},"excerpt":{"rendered":"<p>Rom\u00e2nia, prin Ministerul Economiei, Energiei \u0219i Mediului de Afaceri conform regulilor guvernan\u021bei privind uniunea energetic\u0103 \u0219i ac\u021biune climatic\u0103, trebuie s\u0103 depun\u0103 c\u0103tre Comisia European\u0103, p\u00e2n\u0103 pe 31 Decembrie 2019, documentul&hellip;<\/p>\n","protected":false},"author":35,"featured_media":2396,"comment_status":"open","ping_status":"closed","sticky":false,"template":"","format":"standard","meta":{"ep_exclude_from_search":false,"p4_og_title":"","p4_og_description":"","p4_og_image":"","p4_og_image_id":"","p4_seo_canonical_url":"","p4_campaign_name":"not set","p4_local_project":"","p4_basket_name":"not set","p4_department":"","footnotes":""},"categories":[2,31],"tags":[7,18,68],"p4-page-type":[29],"class_list":["post-2395","post","type-post","status-publish","format-standard","has-post-thumbnail","hentry","category-clima-si-energie","category-greenpeace","tag-energie-regenerabila","tag-carbune","tag-energie","p4-page-type-comunicat-presa"],"_links":{"self":[{"href":"https:\/\/www.greenpeace.org\/romania\/wp-json\/wp\/v2\/posts\/2395","targetHints":{"allow":["GET"]}}],"collection":[{"href":"https:\/\/www.greenpeace.org\/romania\/wp-json\/wp\/v2\/posts"}],"about":[{"href":"https:\/\/www.greenpeace.org\/romania\/wp-json\/wp\/v2\/types\/post"}],"author":[{"embeddable":true,"href":"https:\/\/www.greenpeace.org\/romania\/wp-json\/wp\/v2\/users\/35"}],"replies":[{"embeddable":true,"href":"https:\/\/www.greenpeace.org\/romania\/wp-json\/wp\/v2\/comments?post=2395"}],"version-history":[{"count":3,"href":"https:\/\/www.greenpeace.org\/romania\/wp-json\/wp\/v2\/posts\/2395\/revisions"}],"predecessor-version":[{"id":2451,"href":"https:\/\/www.greenpeace.org\/romania\/wp-json\/wp\/v2\/posts\/2395\/revisions\/2451"}],"wp:featuredmedia":[{"embeddable":true,"href":"https:\/\/www.greenpeace.org\/romania\/wp-json\/wp\/v2\/media\/2396"}],"wp:attachment":[{"href":"https:\/\/www.greenpeace.org\/romania\/wp-json\/wp\/v2\/media?parent=2395"}],"wp:term":[{"taxonomy":"category","embeddable":true,"href":"https:\/\/www.greenpeace.org\/romania\/wp-json\/wp\/v2\/categories?post=2395"},{"taxonomy":"post_tag","embeddable":true,"href":"https:\/\/www.greenpeace.org\/romania\/wp-json\/wp\/v2\/tags?post=2395"},{"taxonomy":"p4-page-type","embeddable":true,"href":"https:\/\/www.greenpeace.org\/romania\/wp-json\/wp\/v2\/p4-page-type?post=2395"}],"curies":[{"name":"wp","href":"https:\/\/api.w.org\/{rel}","templated":true}]}}