{"id":2403,"date":"2019-12-09T16:11:33","date_gmt":"2019-12-09T13:11:33","guid":{"rendered":"https:\/\/www.greenpeace.org\/romania\/?p=2403"},"modified":"2019-12-09T16:22:04","modified_gmt":"2019-12-09T13:22:04","slug":"energie-curata-si-fara-limite-pentru-europeni","status":"publish","type":"post","link":"https:\/\/www.greenpeace.org\/romania\/articol\/2403\/energie-curata-si-fara-limite-pentru-europeni\/","title":{"rendered":"Energie curat\u0103 \u0219i f\u0103r\u0103 limite pentru europeni"},"content":{"rendered":"\n<p><strong>Noua <a href=\"https:\/\/eur-lex.europa.eu\/legal-content\/RO\/TXT\/HTML\/?uri=CELEX:32018L2001&amp;from=ro\">directiv\u0103 european\u0103<\/a> privind promovarea utiliz\u0103rii energiei din surse regenerabile (RED2) acord\u0103 drepturi noi prosumatorilor \u0219i comunit\u0103\u021bilor de energie din surse regenerabile. Rom\u00e2nia trebuie s\u0103 transpun\u0103 \u00een legisla\u021bie na\u021bional\u0103 aceste prevederi europene \u0219i s\u0103 creeze un cadru favorabil pentru cei care vor s\u0103 \u00ee\u0219i produc\u0103 singuri energia din surse curate.<\/strong><\/p>\n\n<div class=\"wp-block-image  caption-style-blue-overlay caption-alignment-center\"><figure class=\"aligncenter size-large is-resized\"><img loading=\"lazy\" decoding=\"async\" src=\"https:\/\/www.greenpeace.org\/static\/planet4-romania-stateless\/2019\/12\/2d4574ef-capture-1.png\" alt=\"\" class=\"wp-image-2413\" width=\"892\" height=\"394\"\/><\/figure><\/div>\n\n<p>Lumea e amenin\u021bat\u0103 de schimb\u0103rile climatice, iar tehnologiile poluante folosite pentru a produce energie au o contribu\u021bie dezastruoas\u0103. Europa, locul de na\u0219tere al revolu\u021biei industriale \u0219i una dintre cele mai bogate regiuni ale planetei, are responsabilitatea de a conduce o transformare profund\u0103: tranzi\u021bia energetic\u0103 c\u0103tre sisteme energetice f\u0103r\u0103 combustibili fosili.<\/p>\n\n<p>Pentru ca aceast\u0103 tranzi\u021bie s\u0103 fie echitabil\u0103, gestionarea energiei (generare, utilizare, stocare, v\u00e2nzare) nu mai poate fi apanajul exclusiv al marilor companii energetice, ci trebuie s\u0103 treac\u0103 \u0219i \u00een m\u00e2inile oamenilor \u0219i comunit\u0103\u021bilor. Conform unei <a rel=\"noreferrer noopener\" aria-label=\" (se deschide \u00eentr-o fil\u0103 nou\u0103)\" href=\"http:\/\/www.foeeurope.org\/potential-energy-citizens-european-union-260916\" target=\"_blank\">cercet\u0103ri<\/a> recente, 50% din cet\u0103\u021benii Uniunii Europene ar putea s\u0103 \u00ee\u0219i produc\u0103 singuri energia p\u00e2n\u0103 \u00een 2050, acoperind 45% din nevoia de energie a UE.<\/p>\n\n<p>Un sprijin pentru acest proces de transformare va fi dat de noua directiv\u0103 european\u0103 pentru regenerabile, care trebuie s\u0103 fie transpus\u0103 de statele membre p\u00e2n\u0103 cel t\u00e2rziu \u00een iunie 2021. Nu trebuie \u00eens\u0103 s\u0103 a\u0219tept\u0103m &nbsp;p\u00e2n\u0103 \u00een 2021, combaterea schimb\u0103rilor climatice este necesar\u0103 acum.<\/p>\n\n<p>Noua directiv\u0103:<\/p>\n\n<ul class=\"wp-block-list\"><li>Confirm\u0103 faptul c\u0103 cet\u0103\u021benii \u0219i comunit\u0103\u021bile sunt participan\u021bi activi \u00een sistemul energetic<\/li><li>Ofer\u0103 cadrul legal pentru cet\u0103\u021beni \u0219i comunit\u0103\u021bi s\u0103 investeasc\u0103 \u00een energie regenerabil\u0103, s\u0103 produc\u0103, s\u0103 consume, s\u0103 de\u021bin\u0103 \u0219i s\u0103 v\u00e2nd\u0103 propria energie din surse regenerabile<\/li><li>Este baza pentru dezvoltarea unor cadre de facilitare na\u021bionale, care s\u0103 sprijine proiectele cet\u0103\u021benilor \u0219i comunit\u0103\u021bilor<\/li><li>Cere guvernelor s\u0103 simplifice birocra\u021bia pentru proiectele dezvoltate de cet\u0103\u021beni \u0219i de c\u0103tre comunit\u0103\u021bi. <\/li><\/ul>\n\n<p>  <\/p>\n\n<p>Descarc\u0103 <a href=\"https:\/\/www.greenpeace.org\/static\/planet4-romania-stateless\/2019\/12\/146cf154-bro\u0219ura-greenpeace-energie-f\u0103r\u0103-limite.pdf\" target=\"_blank\" rel=\"noreferrer noopener\" aria-label=\"bro\u0219ura Energie f\u0103r\u0103 limite (se deschide \u00eentr-o fil\u0103 nou\u0103)\">bro\u0219ura <strong>Energie f\u0103r\u0103 limite<\/strong><\/a>.<\/p>\n\n<p><em>Publica\u021bia ofer\u0103 exemple din \u00eentreaga Europ\u0103, explic\u0103 drepturile &#8211; de a genera, a folosi \u0219i vinde energie &#8211; c\u00e2\u0219tigate de cet\u0103\u021beni, comunit\u0103\u021bi, autorit\u0103\u021bi locale prin noua directiv\u0103 european\u0103 pentru energie regenerabil\u0103. Noile reglement\u0103ri ajut\u0103 la eliminarea barierelor \u00eent\u00e2lnite de prosumatori \u0219i cooperative \u0219i ofer\u0103 pa\u0219i concre\u021bi de a ac\u021biona.<\/em><\/p>\n\n<p><\/p>\n","protected":false},"excerpt":{"rendered":"<p>Noua directiv\u0103 european\u0103 privind promovarea utiliz\u0103rii energiei din surse regenerabile (RED2) acord\u0103 drepturi noi prosumatorilor \u0219i comunit\u0103\u021bilor de energie din surse regenerabile. Rom\u00e2nia trebuie s\u0103 transpun\u0103 \u00een legisla\u021bie na\u021bional\u0103 aceste&hellip;<\/p>\n","protected":false},"author":35,"featured_media":2415,"comment_status":"open","ping_status":"closed","sticky":false,"template":"","format":"standard","meta":{"ep_exclude_from_search":false,"p4_og_title":"","p4_og_description":"","p4_og_image":"","p4_og_image_id":"","p4_seo_canonical_url":"","p4_campaign_name":"not set","p4_local_project":"","p4_basket_name":"not set","p4_department":"","footnotes":""},"categories":[2,31],"tags":[6,7],"p4-page-type":[],"class_list":["post-2403","post","type-post","status-publish","format-standard","has-post-thumbnail","hentry","category-clima-si-energie","category-greenpeace","tag-prosumatori-1","tag-energie-regenerabila"],"_links":{"self":[{"href":"https:\/\/www.greenpeace.org\/romania\/wp-json\/wp\/v2\/posts\/2403","targetHints":{"allow":["GET"]}}],"collection":[{"href":"https:\/\/www.greenpeace.org\/romania\/wp-json\/wp\/v2\/posts"}],"about":[{"href":"https:\/\/www.greenpeace.org\/romania\/wp-json\/wp\/v2\/types\/post"}],"author":[{"embeddable":true,"href":"https:\/\/www.greenpeace.org\/romania\/wp-json\/wp\/v2\/users\/35"}],"replies":[{"embeddable":true,"href":"https:\/\/www.greenpeace.org\/romania\/wp-json\/wp\/v2\/comments?post=2403"}],"version-history":[{"count":4,"href":"https:\/\/www.greenpeace.org\/romania\/wp-json\/wp\/v2\/posts\/2403\/revisions"}],"predecessor-version":[{"id":2414,"href":"https:\/\/www.greenpeace.org\/romania\/wp-json\/wp\/v2\/posts\/2403\/revisions\/2414"}],"wp:featuredmedia":[{"embeddable":true,"href":"https:\/\/www.greenpeace.org\/romania\/wp-json\/wp\/v2\/media\/2415"}],"wp:attachment":[{"href":"https:\/\/www.greenpeace.org\/romania\/wp-json\/wp\/v2\/media?parent=2403"}],"wp:term":[{"taxonomy":"category","embeddable":true,"href":"https:\/\/www.greenpeace.org\/romania\/wp-json\/wp\/v2\/categories?post=2403"},{"taxonomy":"post_tag","embeddable":true,"href":"https:\/\/www.greenpeace.org\/romania\/wp-json\/wp\/v2\/tags?post=2403"},{"taxonomy":"p4-page-type","embeddable":true,"href":"https:\/\/www.greenpeace.org\/romania\/wp-json\/wp\/v2\/p4-page-type?post=2403"}],"curies":[{"name":"wp","href":"https:\/\/api.w.org\/{rel}","templated":true}]}}