{"id":2418,"date":"2019-12-11T17:58:16","date_gmt":"2019-12-11T14:58:16","guid":{"rendered":"https:\/\/www.greenpeace.org\/romania\/?p=2418"},"modified":"2021-03-01T10:50:33","modified_gmt":"2021-03-01T07:50:33","slug":"strategia-green-deal-rateaza-startul","status":"publish","type":"post","link":"https:\/\/www.greenpeace.org\/romania\/articol\/2418\/strategia-green-deal-rateaza-startul\/","title":{"rendered":"Strategia \u201cGreen Deal\u201d rateaz\u0103 startul"},"content":{"rendered":"\n<p><strong>Bruxelles, 11 decembrie 2019 &#8211; Comisia European\u0103 \u0219i-a prezentat oficial ast\u0103zi planul pentru un Acord Verde european. Greenpeace a avertizat c\u0103, de\u0219i volumul politicilor este impresionant \u0219i promisiunile sunt mult mai semnificative dec\u00e2t cele ale comisiilor anterioare, politicile \u00een sine sunt fie prea slabe, fie trebuie s\u0103 fie definite precis.<\/strong> <\/p>\n\n<figure class=\"wp-block-image  caption-style-blue-overlay caption-alignment-center\"><img alt=\"\"\/><\/figure>\n\n<p><strong>Purt\u0103torul de cuv\u00e2nt al Greenpeace, Franziska Achterberg<\/strong>, a declarat: \u201eUrsula von der Leyen promite c\u0103 Acordul Verde european va aborda criza climatic\u0103 sc\u0103pat\u0103 de sub control \u0219i distrugerea masiv\u0103 a naturii. Dar obiectivele climatice pe care \u0219i le propune ar fi prea pu\u021bin, prea t\u00e2rziu. \u00cen ceea ce prive\u0219te protejarea naturii, multe propuneri sunt aspira\u021bionale \u0219i trebuie definite punctual. M\u0103surile detaliate care vor urma trebuie s\u0103 abordeze modelele de produc\u021bie \u0219i consum care ne-au adus aici, la limit\u0103. Crizele climatice, ecologice \u0219i de inegalitate necesit\u0103 o reg\u00e2ndire fundamental\u0103 a sistemului economic care, de zeci de ani, a r\u0103spl\u0103tit poluarea, distrugerea mediului \u0219i exploatarea uman\u0103. Solicit\u0103m pre\u0219edintelui Comisiei, doamna von der Leyen \u0219i echipei sale, s\u0103 prezinte o legisla\u021bie care s\u0103 fie pe deplin \u00een acord cu aceast\u0103 sarcin\u0103.\u201d <\/p>\n\n<div class=\"wp-block-image  caption-style-blue-overlay caption-alignment-center\"><figure class=\"aligncenter size-large is-resized\"><img loading=\"lazy\" decoding=\"async\" src=\"https:\/\/www.greenpeace.org\/static\/planet4-romania-stateless\/2019\/12\/7b5e7618-d4672185-gp0stq3lp_web_size_with_credit_line-768x512.jpg\" alt=\"\" class=\"wp-image-2427\" width=\"868\" height=\"576\"\/><figcaption>Greenpeace volunteers document timber logging operations in F\u0103g\u0103ra\u0219 Mountains, Romania, to draw attention on immoral and illegal logging occurring in the last ancient forests in Romania.<\/figcaption><\/figure><\/div>\n\n<p>\u00cen ceea ce prive\u0219te obiectivul UE de reducere a emisiilor p\u00e2n\u0103 \u00een 2030, <strong>purt\u0103torul de cuv\u00e2nt al Greenpeace, Franziska Achterberg<\/strong>, a declarat: \u201eO reducere de 50-55 la sut\u0103 a emisiilor p\u00e2n\u0103 \u00een 2030 nu este suficient\u0103. Natura nu negociaz\u0103. Cu c\u00e2t a\u0219tept\u0103m mai mult s\u0103 facem schimb\u0103rile necesare \u00een economia noastr\u0103, cu at\u00e2t vor fi provocate mai multe daune \u0219i cu at\u00e2t va fi mai dificil \u0219i mai scump. Prin \u00eent\u00e2rzierea propunerii p\u00e2n\u0103 \u00een vara 2020, Comisia risc\u0103 s\u0103 submineze acordul de la Paris \u0219i orice speran\u021b\u0103 pentru UE ca leader \u00een combaterea crizei climatice.&#8221;<\/p>\n\n<p>Comisia a declarat c\u0103 va propune o nou\u0103 \u021bint\u0103 pentru 2030 p\u00e2n\u0103 \u00een vara anului 2020. Acest lucru nu ar l\u0103sa suficient timp pentru ca guvernele UE s\u0103 ajung\u0103 la un acord prin Summitul ONU pentru clim\u0103 de la Glasgow, \u00een care toate p\u0103r\u021bile semnatare ale Acordului de la Paris trebuie s\u0103 prezinte noi \u021binte climatice pentru 2030, mai ambi\u021bioase. Aceasta ar costa UE leadershipul pe combaterea crizei climatice interna\u021bionale \u0219i ar da o scuz\u0103 \u0219i altor juc\u0103tori la nivel mondial s\u0103 \u00eent\u00e2rzie aplicarea unor m\u0103suri esen\u021biale.<\/p>\n\n<p>Potrivit <a href=\"https:\/\/www.greenpeace.org\/eu-unit\/issues\/climate-energy\/2505\/eu-report-warns-pursuit-of-growth-is-incompatible-with-environmental-protection\/\" target=\"_blank\" rel=\"noreferrer noopener\" aria-label=\"Agen\u021biei Europene pentru Mediu (se deschide \u00eentr-o fil\u0103 nou\u0103)\">Agen\u021biei Europene pentru Mediu<\/a>, UE nu va reu\u0219i s\u0103 devin\u0103 sustenabil\u0103 \u201econtinu\u00e2nd s\u0103 promoveze cre\u0219terea economic\u0103 \u0219i c\u0103ut\u00e2nd s\u0103 gestioneze impactul social \u0219i asupra mediului\u201d. Trebuie s\u0103 reg\u00e2ndeasc\u0103 \u201enu doar tehnologiile \u0219i procesele de produc\u021bie, ci \u0219i modelele de consum \u0219i modurile de via\u021b\u0103.\u201c Depinde de Comisia European\u0103 s\u0103 revizuiasc\u0103 fundamental politicilor care fac profitabile produsele distructive. <\/p>\n\n<p>Analiz\u0103 detaliat\u0103, \u00een cur\u00e2nd. <\/p>\n\n<p><strong>Persoane de contact:<\/strong><br><strong>Franziska Achterberg \u2013 purt\u0103tor de cuv\u00e2nt al Greenpeace pentru Acordul Verde european<\/strong>: +32 (0) 498 36 24 03,\u00a0<a rel=\"noreferrer noopener\" href=\"mailto:franziska.achterberg@greenpeace.org\" target=\"_blank\">franziska.achterberg@greenpeace.org<\/a><br><strong>Sebastian Mang\u00a0 \u2013 <\/strong> <strong>consultant politici climatice din partea Greenpeace<\/strong> <strong>EU<\/strong>:\u00a0 +32 (0)479 601289,\u00a0<a rel=\"noreferrer noopener\" href=\"mailto:sebastian.mang@greenpeace.org\" target=\"_blank\">sebastian.mang@greenpeace.org<\/a><br><strong>Birou pres\u0103<\/strong> <strong>Greenpeace EU<\/strong>: +32 2 274 1911,\u00a0<a rel=\"noreferrer noopener\" href=\"mailto:pressdesk.eu@greenpeace.org\" target=\"_blank\">pressdesk.eu@greenpeace.org<\/a><\/p>\n\n<p>Pentru cele mai recente \u0219tiri \u0219i comentarii \u00een domeniul chestiunilor UE:&nbsp;<a rel=\"noreferrer noopener\" href=\"http:\/\/www.twitter.com\/GreenpeaceEU\" target=\"_blank\">www.twitter.com\/GreenpeaceEU<\/a><\/p>\n","protected":false},"excerpt":{"rendered":"<p>Bruxelles, 11 decembrie 2019 &#8211; Comisia European\u0103 \u0219i-a prezentat oficial ast\u0103zi planul pentru un Acord Verde european. Greenpeace a avertizat c\u0103, de\u0219i volumul politicilor este impresionant \u0219i promisiunile sunt mult&hellip;<\/p>\n","protected":false},"author":35,"featured_media":2419,"comment_status":"open","ping_status":"closed","sticky":false,"template":"","format":"standard","meta":{"ep_exclude_from_search":false,"p4_og_title":"","p4_og_description":"","p4_og_image":"","p4_og_image_id":"","p4_seo_canonical_url":"","p4_campaign_name":"not set","p4_local_project":"","p4_basket_name":"not set","p4_department":"","footnotes":""},"categories":[2,31],"tags":[36],"p4-page-type":[],"class_list":["post-2418","post","type-post","status-publish","format-standard","has-post-thumbnail","hentry","category-clima-si-energie","category-greenpeace","tag-criza-climatica"],"_links":{"self":[{"href":"https:\/\/www.greenpeace.org\/romania\/wp-json\/wp\/v2\/posts\/2418","targetHints":{"allow":["GET"]}}],"collection":[{"href":"https:\/\/www.greenpeace.org\/romania\/wp-json\/wp\/v2\/posts"}],"about":[{"href":"https:\/\/www.greenpeace.org\/romania\/wp-json\/wp\/v2\/types\/post"}],"author":[{"embeddable":true,"href":"https:\/\/www.greenpeace.org\/romania\/wp-json\/wp\/v2\/users\/35"}],"replies":[{"embeddable":true,"href":"https:\/\/www.greenpeace.org\/romania\/wp-json\/wp\/v2\/comments?post=2418"}],"version-history":[{"count":12,"href":"https:\/\/www.greenpeace.org\/romania\/wp-json\/wp\/v2\/posts\/2418\/revisions"}],"predecessor-version":[{"id":2463,"href":"https:\/\/www.greenpeace.org\/romania\/wp-json\/wp\/v2\/posts\/2418\/revisions\/2463"}],"wp:featuredmedia":[{"embeddable":true,"href":"https:\/\/www.greenpeace.org\/romania\/wp-json\/wp\/v2\/media\/2419"}],"wp:attachment":[{"href":"https:\/\/www.greenpeace.org\/romania\/wp-json\/wp\/v2\/media?parent=2418"}],"wp:term":[{"taxonomy":"category","embeddable":true,"href":"https:\/\/www.greenpeace.org\/romania\/wp-json\/wp\/v2\/categories?post=2418"},{"taxonomy":"post_tag","embeddable":true,"href":"https:\/\/www.greenpeace.org\/romania\/wp-json\/wp\/v2\/tags?post=2418"},{"taxonomy":"p4-page-type","embeddable":true,"href":"https:\/\/www.greenpeace.org\/romania\/wp-json\/wp\/v2\/p4-page-type?post=2418"}],"curies":[{"name":"wp","href":"https:\/\/api.w.org\/{rel}","templated":true}]}}