{"id":2432,"date":"2019-12-13T15:08:57","date_gmt":"2019-12-13T12:08:57","guid":{"rendered":"https:\/\/www.greenpeace.org\/romania\/?p=2432"},"modified":"2021-03-01T10:07:55","modified_gmt":"2021-03-01T07:07:55","slug":"consensul-ue-asupra-neutralitatii-climatice-nu-justifica-amanarea-actiunilor-climatice-urgente","status":"publish","type":"post","link":"https:\/\/www.greenpeace.org\/romania\/articol\/2432\/consensul-ue-asupra-neutralitatii-climatice-nu-justifica-amanarea-actiunilor-climatice-urgente\/","title":{"rendered":"Consensul UE asupra neutralit\u0103\u021bii climatice nu justific\u0103 am\u00e2narea ac\u021biunilor climatice urgente"},"content":{"rendered":"\n<p><strong>Bruxelles, 13 decembrie 2019<\/strong>&nbsp;\u2013 Dup\u0103 o serie de dezbateri \u00een cadrul Summit-ului de la Bruxelles, 27 din 28 de guverne europene au ajuns la un acord de a atinge obiectivul neutralit\u0103\u021bii climatice p\u00e2n\u0103 \u00een 2050, cre\u00e2nd spa\u021biu pentru viitoare discu\u021bii referitoare la ac\u021biuni imediate din partea UE. <\/p>\n\n<p>Totodat\u0103, guvernele au ajuns la un consens conform c\u0103ruia Comisia European\u0103 va propune o \u021bint\u0103 de reducere a emisiilor pentru 2030 revizuit\u0103 \u201c\u00een timp util\u201d&nbsp; pentru urm\u0103toarea conferin\u021b\u0103 climatic\u0103 global\u0103 care va avea loc \u00een noiembrie 2020.  <\/p>\n\n<p>\u00cen ciuda opozi\u021biei continue din partea Poloniei, Comisia va continua, la \u00eenceputul anului 2020, cu un plan de a legifera \u021binta pentru 2050. Acest lucru nu ar necesita sprijin unanim din partea guvernelor \u0219i nu ar putea fi blocat de guvernul polonez.  <\/p>\n\n<p>Joi, 12 decembrie, zeci de activi\u0219ti Greenpeace Belgia au organizat un <a rel=\"noreferrer noopener\" aria-label=\"protest impresionat (se deschide \u00eentr-o fil\u0103 nou\u0103)\" href=\"https:\/\/www.greenpeace.org\/eu-unit\/issues\/climate-energy\/2523\/activists-take-climate-emergency-to-eu-summit\/\" target=\"_blank\">protest impresionant<\/a> la locul summit-ului pentru a avertiza asupra faptului c\u0103 \u021binta pe termen lung trebuie s\u0103 fie al\u0103turat\u0103 ac\u021biunilor imediate pentru combaterea urgen\u021bei climatice.<\/p>\n\n<div class=\"wp-block-image  caption-style-blue-overlay caption-alignment-center\"><figure class=\"aligncenter size-large\"><img loading=\"lazy\" decoding=\"async\" width=\"768\" height=\"512\" src=\"https:\/\/www.greenpeace.org\/static\/planet4-romania-stateless\/2019\/12\/f67d513d-20191212-eu-summit-climate-emergency-768x512.jpg\" alt=\"\" class=\"wp-image-2434\"\/><figcaption>Greenpeace activists wrap the EU summit venue in Brussels with images of giant flames, setting off clouds of smoke, flares and sounding a fire alarm to urge European government leaders to take immediate action to respond to the climate emergency.<\/figcaption><\/figure><\/div>\n\n<p><strong>Sebastian Mang, consultant politici climatice din partea Greenpeace<\/strong> <strong>EU<\/strong>:&nbsp;<em>\u201cEuropa nu \u00ee\u0219i permite s\u0103 se blocheze. Urgenta climatic\u0103 nu poate s\u0103 a\u0219tepte \u0219i nici s\u0103 negocieze. Guvernele europene trebuie s\u0103-\u0219i canalizeze aten\u021bia spre ac\u021biuni climatice concrete \u0219i urgente. Discu\u021biile trebuie s\u0103 aib\u0103 loc din timp pentru a aduce actualul obiectiv al UE de reducere a nivelului emisiilor pentru 2030 \u00een linie cu avertismentele comunit\u0103\u021bii oamenilor de \u0219tiin\u021b\u0103. E\u0219ecul de a realiza acest lucru va face mult mai dificil \u0219i mai costisitor \u00eentregul obiectiv de a atinge neutralitate climatic\u0103 \u0219i va pune \u00een pericol Acordul climatic de la Paris cu care UE se m\u00e2ndre\u0219te at\u00e2t de mult.\u201d<\/em><\/p>\n\n<p>Greenpeace Polonia a proiectat o imagine a premierului polonez Mateusz Morawiecki alaturi de exclama\u021bia retoric\u0103 \u201eSERIOS ?!\u201d (\u201eSRSLY\u201d \u00een englez\u0103) pe cea mai mare si poluant\u0103 termocentral\u0103 pe c\u0103rbune din Europa, Be\u0142chat\u00f3w, pentru a protesta \u00eempotriva \u00eencerc\u0103rilor sale de a \u00eempiedica ac\u021biunile climatice ale UE.<\/p>\n\n<div class=\"wp-block-image  caption-style-blue-overlay caption-alignment-center\"><figure class=\"aligncenter size-large is-resized\"><img loading=\"lazy\" decoding=\"async\" src=\"https:\/\/www.greenpeace.org\/static\/planet4-romania-stateless\/2019\/12\/0cde3387-pasted-image-0.png\" alt=\"\" class=\"wp-image-2433\" width=\"670\" height=\"446\"\/><\/figure><\/div>\n\n<p><strong>Mang&nbsp;<\/strong>a ad\u0103ugat:&nbsp;<em>\u201cAnumite guverne au \u0219antajat lideri europeni s\u0103 \u00ee\u0219i protejeze interesele financiare ale unei industrii compromise. Dac\u0103 ar lua \u00een serios combaterea urgen\u021bei climatice, ace\u0219tia ar admite public c\u0103 energia nuclear\u0103 reprezint\u0103 o distragere periculoas\u0103 \u0219i costisitoare care obstruc\u021bioneaz\u0103 dezvoltarea solu\u021biilor reale precum energia regenerabil\u0103. \u00cen loc s\u0103 piard\u0103 timp pre\u021bios \u0219i resurse financiare, guvernele ar trebui s\u0103 ia m\u0103suri urgente care s\u0103 reduc\u0103 \u00een mod real nivelul emisiilor, \u00een acord cu cerin\u021bele \u0219i avertismentele \u0219tiin\u021bifice.\u201d<\/em><\/p>\n\n<p>Conform Acordului climatic de la Paris, guvernele trebuie s\u0103 propun\u0103 planuri climatice noi sau actualizate pentru 2030 \u00eenainte de Summitul climatic global COP26 din noiembrie 2020, la Glasgow. Aceste planuri sunt menite s\u0103 oblige guvernele s\u0103 ia m\u0103suri pentru a limita \u00eenc\u0103lzirea global\u0103 c\u00e2t mai aproape de 1.5\u00b0C, pentru a evita o catastrof\u0103 climatic\u0103. Un nou raport ONU arat\u0103 c\u0103 propunerile climatice globale actuale vor contribui la o \u00eenc\u0103lzire global\u0103 de 3.2\u00b0C, \u00een timp ce \u021bintele actuale ale UE ar duce la o \u00eenc\u0103lzire de p\u00e2n\u0103 la 3\u00b0C.  <\/p>\n\n<p>Pentru a spori \u0219ansele limit\u0103rii \u00eenc\u0103lzirii globale la 1.5\u00b0C , Greenpeace solicit\u0103 Uniunii Europene s\u0103 \u00ee\u0219i actualizeze \u021binta de reducere a nivelului emisiilor cu cel pu\u021bin 65% p\u00e2n\u0103 \u00een 2030 (\u00een compara\u021bie cu nivelurile propuse \u00een 1990).  <\/p>\n\n<p>Persoane de contact:<\/p>\n\n<p><strong>Sebastian Mang&nbsp; \u2013&nbsp;consultant politici climatice din partea Greenpeace<\/strong> <strong>EU<\/strong>:&nbsp; +32 (0)479 601289,&nbsp;<a rel=\"noreferrer noopener\" href=\"mailto:sebastian.mang@greenpeace.org\" target=\"_blank\">sebastian.mang@greenpeace.org<\/a><br><strong>Birou pres\u0103 Greenpeace EU<\/strong>: +32 2 274 1911,&nbsp;<a rel=\"noreferrer noopener\" href=\"mailto:pressdesk.eu@greenpeace.org\" target=\"_blank\">pressdesk.eu@greenpeace.org<\/a><\/p>\n\n<p> <a rel=\"noreferrer noopener\" href=\"http:\/\/www.greenpeace.eu\/\" target=\"_blank\">www.greenpeace.eu<\/a> <\/p>\n","protected":false},"excerpt":{"rendered":"<p>Bruxelles, 13 decembrie 2019\u00a0\u2013 Dup\u0103 o serie de dezbateri \u00een cadrul Summit-ului de la Bruxelles, 27 din 28 de guverne europene au ajuns la un acord de a atinge obiectivul&hellip;<\/p>\n","protected":false},"author":35,"featured_media":2435,"comment_status":"open","ping_status":"closed","sticky":false,"template":"","format":"standard","meta":{"ep_exclude_from_search":false,"p4_og_title":"","p4_og_description":"","p4_og_image":"","p4_og_image_id":"","p4_seo_canonical_url":"","p4_campaign_name":"not set","p4_local_project":"","p4_basket_name":"not set","p4_department":"","footnotes":""},"categories":[2,31],"tags":[7,18,36],"p4-page-type":[30],"class_list":["post-2432","post","type-post","status-publish","format-standard","has-post-thumbnail","hentry","category-clima-si-energie","category-greenpeace","tag-energie-regenerabila","tag-carbune","tag-criza-climatica","p4-page-type-articol"],"_links":{"self":[{"href":"https:\/\/www.greenpeace.org\/romania\/wp-json\/wp\/v2\/posts\/2432","targetHints":{"allow":["GET"]}}],"collection":[{"href":"https:\/\/www.greenpeace.org\/romania\/wp-json\/wp\/v2\/posts"}],"about":[{"href":"https:\/\/www.greenpeace.org\/romania\/wp-json\/wp\/v2\/types\/post"}],"author":[{"embeddable":true,"href":"https:\/\/www.greenpeace.org\/romania\/wp-json\/wp\/v2\/users\/35"}],"replies":[{"embeddable":true,"href":"https:\/\/www.greenpeace.org\/romania\/wp-json\/wp\/v2\/comments?post=2432"}],"version-history":[{"count":11,"href":"https:\/\/www.greenpeace.org\/romania\/wp-json\/wp\/v2\/posts\/2432\/revisions"}],"predecessor-version":[{"id":2529,"href":"https:\/\/www.greenpeace.org\/romania\/wp-json\/wp\/v2\/posts\/2432\/revisions\/2529"}],"wp:featuredmedia":[{"embeddable":true,"href":"https:\/\/www.greenpeace.org\/romania\/wp-json\/wp\/v2\/media\/2435"}],"wp:attachment":[{"href":"https:\/\/www.greenpeace.org\/romania\/wp-json\/wp\/v2\/media?parent=2432"}],"wp:term":[{"taxonomy":"category","embeddable":true,"href":"https:\/\/www.greenpeace.org\/romania\/wp-json\/wp\/v2\/categories?post=2432"},{"taxonomy":"post_tag","embeddable":true,"href":"https:\/\/www.greenpeace.org\/romania\/wp-json\/wp\/v2\/tags?post=2432"},{"taxonomy":"p4-page-type","embeddable":true,"href":"https:\/\/www.greenpeace.org\/romania\/wp-json\/wp\/v2\/p4-page-type?post=2432"}],"curies":[{"name":"wp","href":"https:\/\/api.w.org\/{rel}","templated":true}]}}