{"id":2592,"date":"2020-02-28T12:47:55","date_gmt":"2020-02-28T09:47:55","guid":{"rendered":"https:\/\/www.greenpeace.org\/romania\/?p=2592"},"modified":"2025-07-02T10:36:18","modified_gmt":"2025-07-02T07:36:18","slug":"greenpeace-romania-cere-inaltei-curti-de-casatie-si-justitie-sa-permita-ongurilor-sa-protejeze-interesele-cetatenilor-prin-actiuni-in-instanta","status":"publish","type":"post","link":"https:\/\/www.greenpeace.org\/romania\/articol\/2592\/greenpeace-romania-cere-inaltei-curti-de-casatie-si-justitie-sa-permita-ongurilor-sa-protejeze-interesele-cetatenilor-prin-actiuni-in-instanta\/","title":{"rendered":"Greenpeace Rom\u00e2nia cere \u00cenaltei Cur\u021bi de Casa\u021bie \u0219i Justi\u021bie s\u0103 permit\u0103 ONGurilor s\u0103 protejeze interesele cet\u0103\u021benilor prin ac\u021biuni \u00een instan\u021b\u0103"},"content":{"rendered":"\n<p>\u00cenalta Curte de Casa\u021bie \u0219i Justi\u021bie urmeaz\u0103 s\u0103 se pronun\u021be \u00eentr-un recurs esen\u021bial pentru accesul la justi\u021bie al ONG-urilor!<\/p>\n\n<p>Curtea urmeaz\u0103 s\u0103 stabileasc\u0103 dac\u0103 ONG-urile \u0219i alte organisme sociale interesate pot chema \u00een judecat\u0103 autorit\u0103\u021bi publice pentru a le cere s\u0103 anuleze sau s\u0103 emit\u0103 un anumit act sau s\u0103-\u0219i \u00eendeplineasc\u0103 o anumit\u0103 obliga\u021bie pentru protejarea unui interes public, f\u0103r\u0103 a mai fi necesar s\u0103 fac\u0103 dovada v\u0103t\u0103m\u0103rii unui interes propriu, privat.&nbsp;<\/p>\n\n<p>Reamintim c\u0103 recent, la 13 noiembrie 2019, Curtea de Apel Bucure\u0219ti a stabilit c\u0103 Funda\u021bia Greenpeace Rom\u00e2nia nu are dreptul s\u0103 solicite Ministerului Mediului s\u0103 se conformeze Legii privind emisiile industriale. Cererea noastr\u0103 a fost respins\u0103, Curtea concluzion\u00e2nd c\u0103 Greenpeace nu justific\u0103 un interes propriu \u00een ac\u021biunea \u00eendreptat\u0103 \u00eempotriva Ministerului Mediului, de\u0219i ac\u021bion\u0103m \u00een&nbsp; interesul general al tuturor cet\u0103\u021benilor pentru a limita poluarea \u0219i cerem Ministerului Mediului doar s\u0103-\u0219i fac\u0103 treaba. <br><\/p>\n\n<p>Noi, precum \u0219i multe alte ONG-uri, \u00eencerc\u0103m s\u0103 convingem autorit\u0103\u021bile statului s\u0103 lucreze \u00een beneficiul cet\u0103\u021benilor. Vrem s\u0103 putem face asta \u00een continuare \u0219i prin ac\u021biuni \u00een instan\u021b\u0103 \u0219i, \u00een acest scop, am decis s\u0103 depunem un amicus \u00een acest dosar. Cerem astfel instan\u021bei supreme s\u0103 \u021bin\u0103 cont de legisla\u021bia interna\u021bional\u0103 aplicabil\u0103 \u00een domeniu, care ne d\u0103 posibilitatea s\u0103 apel\u0103m la instan\u021be pentru a proteja interese generale.&nbsp;<\/p>\n\n<div class=\"wp-block-file\"><a href=\"https:\/\/www.greenpeace.org\/static\/planet4-romania-stateless\/2020\/02\/1d0cbf21-memoriu-gp-ril.pdf\"> Documentul poate fi consultat aici <br> 1d0cbf21-memoriu-gp-ril<\/a><\/div>\n\n<figure class=\"wp-block-image size-large  caption-style-blue-overlay caption-alignment-center\"><img loading=\"lazy\" decoding=\"async\" width=\"800\" height=\"450\" src=\"https:\/\/www.greenpeace.org\/static\/planet4-romania-stateless\/2020\/02\/eba2e80e-88228597_10157929401424194_8722227161039110144_n.jpg\" alt=\"\" class=\"wp-image-2598\"\/><\/figure>\n","protected":false},"excerpt":{"rendered":"<p>\u00cenalta Curte de Casa\u021bie \u0219i Justi\u021bie urmeaz\u0103 s\u0103 se pronun\u021be \u00eentr-un recurs \u00een interesul legii esen\u021bial privind accesul la justi\u021bie al ONG-urilor! Curtea urmeaz\u0103 s\u0103 stabileasc\u0103 dac\u0103 ONG-urile \u0219i alte&hellip;<\/p>\n","protected":false},"author":25,"featured_media":2594,"comment_status":"open","ping_status":"closed","sticky":false,"template":"","format":"standard","meta":{"ep_exclude_from_search":false,"p4_og_title":"","p4_og_description":"","p4_og_image":"","p4_og_image_id":"","p4_seo_canonical_url":"","p4_campaign_name":"not set","p4_local_project":"","p4_basket_name":"not set","p4_department":"","footnotes":""},"categories":[31],"tags":[],"p4-page-type":[],"class_list":["post-2592","post","type-post","status-publish","format-standard","has-post-thumbnail","hentry","category-greenpeace"],"_links":{"self":[{"href":"https:\/\/www.greenpeace.org\/romania\/wp-json\/wp\/v2\/posts\/2592","targetHints":{"allow":["GET"]}}],"collection":[{"href":"https:\/\/www.greenpeace.org\/romania\/wp-json\/wp\/v2\/posts"}],"about":[{"href":"https:\/\/www.greenpeace.org\/romania\/wp-json\/wp\/v2\/types\/post"}],"author":[{"embeddable":true,"href":"https:\/\/www.greenpeace.org\/romania\/wp-json\/wp\/v2\/users\/25"}],"replies":[{"embeddable":true,"href":"https:\/\/www.greenpeace.org\/romania\/wp-json\/wp\/v2\/comments?post=2592"}],"version-history":[{"count":11,"href":"https:\/\/www.greenpeace.org\/romania\/wp-json\/wp\/v2\/posts\/2592\/revisions"}],"predecessor-version":[{"id":11253,"href":"https:\/\/www.greenpeace.org\/romania\/wp-json\/wp\/v2\/posts\/2592\/revisions\/11253"}],"wp:featuredmedia":[{"embeddable":true,"href":"https:\/\/www.greenpeace.org\/romania\/wp-json\/wp\/v2\/media\/2594"}],"wp:attachment":[{"href":"https:\/\/www.greenpeace.org\/romania\/wp-json\/wp\/v2\/media?parent=2592"}],"wp:term":[{"taxonomy":"category","embeddable":true,"href":"https:\/\/www.greenpeace.org\/romania\/wp-json\/wp\/v2\/categories?post=2592"},{"taxonomy":"post_tag","embeddable":true,"href":"https:\/\/www.greenpeace.org\/romania\/wp-json\/wp\/v2\/tags?post=2592"},{"taxonomy":"p4-page-type","embeddable":true,"href":"https:\/\/www.greenpeace.org\/romania\/wp-json\/wp\/v2\/p4-page-type?post=2592"}],"curies":[{"name":"wp","href":"https:\/\/api.w.org\/{rel}","templated":true}]}}