{"id":2602,"date":"2020-02-20T19:15:00","date_gmt":"2020-02-20T16:15:00","guid":{"rendered":"https:\/\/www.greenpeace.org\/romania\/?p=2602"},"modified":"2021-03-01T10:07:53","modified_gmt":"2021-03-01T07:07:53","slug":"ce-a-cerut-greenpeace-romania-in-cadrul-evenimentului-green-deal-romania-finantare-strategie-provocari-si-solutii","status":"publish","type":"post","link":"https:\/\/www.greenpeace.org\/romania\/articol\/2602\/ce-a-cerut-greenpeace-romania-in-cadrul-evenimentului-green-deal-romania-finantare-strategie-provocari-si-solutii\/","title":{"rendered":"Ce a cerut Greenpeace Rom\u00e2nia \u00een cadrul evenimentului &#8222;Green Deal Rom\u00e2nia. Finan\u021bare, Strategie, Provoc\u0103ri \u0219i Solu\u021bii&#8221;"},"content":{"rendered":"\n<p>Joi, 20 februarie, \u00een cadrul evenimentului &#8222;Green Deal Rom\u00e2nia. Finan\u021bare, Strategie, Provoc\u0103ri \u0219i Solu\u021bii&#8221;, am cerut prim-ministrului Rom\u00e2niei, Ludovic Orban, \u0219i Ministrului Energiei, Virgil Popescu, urm\u0103toarele:<\/p>\n\n<figure class=\"wp-block-image size-large  caption-style-blue-overlay caption-alignment-center\"><img loading=\"lazy\" decoding=\"async\" width=\"960\" height=\"540\" src=\"https:\/\/www.greenpeace.org\/static\/planet4-romania-stateless\/2020\/02\/e97d7f7c-comert.jpg\" alt=\"\" class=\"wp-image-2604\"\/><\/figure>\n\n<p>\ud83d\udccc&nbsp;eliminarea c\u0103rbunelui din mixul energetic p\u00e2n\u0103 \u00een 2030 pentru a limita efectele dezastruoase schimb\u0103rilor climatice<br>\ud83d\udccc&nbsp;tranzi\u021bie just\u0103 pentru comunit\u0103\u021bile miniere \u0219i transparentizarea procesului de alocare a fondurilor<br>\ud83d\udccc&nbsp;\u021binte mai ambi\u021bioase pentru produc\u021bia de energie verde din surse regenerabile<\/p>\n\n<p>Uniunea European\u0103 \u0219i-a asumat rolul de lider \u00een combaterea schimb\u0103rilor climatice \u0219i \u00ee\u0219i propune s\u0103 furnizeze energie curat\u0103 \u00een \u00eentreaga Europ\u0103 p\u00e2n\u0103 \u00een 2050. <\/p>\n\n<p>Autorit\u0103\u021bile din Rom\u00e2nia nu contribuie la stoparea polu\u0103rii \u0219i nici nu ajut\u0103 la \u00eendeplinirea obiectivelor asumate de U.E. pentru a proteja s\u0103n\u0103tatea cet\u0103\u021benilor ei, Rom\u00e2nia\u00a0f\u0103c\u00e2nd parte din grupul \u021b\u0103rilor cu ambi\u021bii sc\u0103zute \u00een ceea ce prive\u0219te politicile pentru combaterea \u0219i adaptarea la schimb\u0103rile climatice. <\/p>\n\n<p>Rom\u00e2nia are un poten\u021bial natural fantastic pentru a produce energie din surse curate, regenerabile \u0219i vrem s\u0103 fie o voce european\u0103 puternic\u0103 \u0219i progresist\u0103 \u00een lupta \u00eempotriva polu\u0103rii, pentru a combate schimb\u0103rile climatice! <\/p>\n","protected":false},"excerpt":{"rendered":"<p>Joi, 20 februarie, \u00een cadrul evenimentului &#8222;Green Deal Rom\u00e2nia. Finan\u021bare, Strategie, Provoc\u0103ri \u0219i Solu\u021bii&#8221;, am cerut prim-ministrului Rom\u00e2niei, Ludovic Orban, \u0219i Ministrului Energiei, Virgil Popescu, urm\u0103toarele: \ud83d\udccc&nbsp;eliminarea c\u0103rbunelui din mixul&hellip;<\/p>\n","protected":false},"author":34,"featured_media":2605,"comment_status":"open","ping_status":"closed","sticky":false,"template":"","format":"standard","meta":{"ep_exclude_from_search":false,"p4_og_title":"","p4_og_description":"","p4_og_image":"","p4_og_image_id":"","p4_seo_canonical_url":"","p4_campaign_name":"not set","p4_local_project":"","p4_basket_name":"not set","p4_department":"","footnotes":""},"categories":[2,31],"tags":[7,18,68],"p4-page-type":[],"class_list":["post-2602","post","type-post","status-publish","format-standard","has-post-thumbnail","hentry","category-clima-si-energie","category-greenpeace","tag-energie-regenerabila","tag-carbune","tag-energie"],"_links":{"self":[{"href":"https:\/\/www.greenpeace.org\/romania\/wp-json\/wp\/v2\/posts\/2602","targetHints":{"allow":["GET"]}}],"collection":[{"href":"https:\/\/www.greenpeace.org\/romania\/wp-json\/wp\/v2\/posts"}],"about":[{"href":"https:\/\/www.greenpeace.org\/romania\/wp-json\/wp\/v2\/types\/post"}],"author":[{"embeddable":true,"href":"https:\/\/www.greenpeace.org\/romania\/wp-json\/wp\/v2\/users\/34"}],"replies":[{"embeddable":true,"href":"https:\/\/www.greenpeace.org\/romania\/wp-json\/wp\/v2\/comments?post=2602"}],"version-history":[{"count":2,"href":"https:\/\/www.greenpeace.org\/romania\/wp-json\/wp\/v2\/posts\/2602\/revisions"}],"predecessor-version":[{"id":2607,"href":"https:\/\/www.greenpeace.org\/romania\/wp-json\/wp\/v2\/posts\/2602\/revisions\/2607"}],"wp:featuredmedia":[{"embeddable":true,"href":"https:\/\/www.greenpeace.org\/romania\/wp-json\/wp\/v2\/media\/2605"}],"wp:attachment":[{"href":"https:\/\/www.greenpeace.org\/romania\/wp-json\/wp\/v2\/media?parent=2602"}],"wp:term":[{"taxonomy":"category","embeddable":true,"href":"https:\/\/www.greenpeace.org\/romania\/wp-json\/wp\/v2\/categories?post=2602"},{"taxonomy":"post_tag","embeddable":true,"href":"https:\/\/www.greenpeace.org\/romania\/wp-json\/wp\/v2\/tags?post=2602"},{"taxonomy":"p4-page-type","embeddable":true,"href":"https:\/\/www.greenpeace.org\/romania\/wp-json\/wp\/v2\/p4-page-type?post=2602"}],"curies":[{"name":"wp","href":"https:\/\/api.w.org\/{rel}","templated":true}]}}