{"id":2631,"date":"2020-03-25T19:13:42","date_gmt":"2020-03-25T16:13:42","guid":{"rendered":"https:\/\/www.greenpeace.org\/romania\/?p=2631"},"modified":"2021-03-01T10:50:32","modified_gmt":"2021-03-01T07:50:32","slug":"pericolul-narativelor-populiste-impotriva-green-deal-in-contextul-crizei-coronavirus","status":"publish","type":"post","link":"https:\/\/www.greenpeace.org\/romania\/articol\/2631\/pericolul-narativelor-populiste-impotriva-green-deal-in-contextul-crizei-coronavirus\/","title":{"rendered":"Pericolul narativelor populiste \u00eempotriva Green Deal \u00een contextul crizei coronavirus."},"content":{"rendered":"\n<p>Unii politicieni, at\u00e2t din Rom\u00e2nia, c\u00e2t \u0219i din alte \u021b\u0103ri europene, reac\u021bioneaz\u0103 ru\u0219inos la criza coronavirusului \u0219i exploateaz\u0103 situa\u021bia actual\u0103 pentru a ataca Pactul Verde European (European Green Deal). Acest narativ este extrem de populist \u0219i periculos. De fapt, Pactul Verde European poate ajuta economiile europene deteriorate s\u0103 recupereze \u0219i s\u0103 sprijine industrii inovatoare \u0219i moderne, f\u0103r\u0103 emisii.<\/p>\n\n<p>Suntem cu to\u021bii de acord, lupta \u00eempotriva coronavirusului este prioritatea zero acum. Trebuie s\u0103 lu\u0103m toate m\u0103surile necesare pentru a opri aceast\u0103 pandemie. Este vorba despre vie\u021bi omene\u0219ti.<\/p>\n\n<p>\u00cen acela\u0219i timp, trebuie s\u0103 prevenim ca aceast\u0103 criz\u0103 coronavirus s\u0103 devin\u0103 \u0219i o criz\u0103 uria\u0219\u0103 a pie\u021bei muncii \u0219i economic\u0103.<\/p>\n\n<p>Acum lupt\u0103m \u00eempotriva coronavirus. Dar trebuie s\u0103 lupt\u0103m \u0219i \u00eempotriva crizei economice iminente. \u00cen primul r\u00e2nd, securitatea locurilor de munc\u0103 trebuie s\u0103 fie prioritatea, nu profitul ac\u021bionarilor. De asemenea, trebuie s\u0103 combatem criza economic\u0103 \u0219i ca o lupt\u0103 \u00eempotriva crizei climatice.<\/p>\n\n<p>O agricultura curat\u0103 \u0219i puternic\u0103, o re\u021bea de transport public na\u021bional \u00eembun\u0103t\u0103\u021bit \u0219i modern, un sector energetic cu 100% energie regenerabil\u0103 &#8211; toate acestea creeaz\u0103 locuri de munc\u0103 pe termen lung. \u00cen plus, ne ajut\u0103 s\u0103 protej\u0103m \u0219i clima.<\/p>\n\n<p>Politica responsabil\u0103 \u00eenseamn\u0103 \u00een aceste momente, \u00een primul r\u00e2nd, lupta \u00eempotriva crizei coronavirus. Apoi, rezolvarea crizei economice \u0219i climatice \u00eempreun\u0103.<\/p>\n\n<p>\u00cen aceste vremuri extraordinare, luciditatea, imagina\u021bia \u0219i creativitatea \u00een dezvoltarea unui viitor durabil sunt esen\u021biale \u0219i trebuie prioritizare solu\u021biile curate, pe termen lung.<\/p>\n","protected":false},"excerpt":{"rendered":"<p>Suntem cu to\u021bii de acord, lupta \u00eempotriva coronavirusului este prioritatea zero acum. Trebuie s\u0103 lu\u0103m toate m\u0103surile necesare pentru a opri aceast\u0103 pandemie. Este vorba despre vie\u021bi omene\u0219ti. \u00cen acela\u0219i&hellip;<\/p>\n","protected":false},"author":28,"featured_media":2434,"comment_status":"open","ping_status":"closed","sticky":false,"template":"","format":"standard","meta":{"ep_exclude_from_search":false,"p4_og_title":"","p4_og_description":"","p4_og_image":"","p4_og_image_id":"","p4_seo_canonical_url":"","p4_campaign_name":"not set","p4_local_project":"","p4_basket_name":"not set","p4_department":"","footnotes":""},"categories":[2],"tags":[7,35,36,68],"p4-page-type":[30],"class_list":["post-2631","post","type-post","status-publish","format-standard","has-post-thumbnail","hentry","category-clima-si-energie","tag-energie-regenerabila","tag-poluare","tag-criza-climatica","tag-energie","p4-page-type-articol"],"_links":{"self":[{"href":"https:\/\/www.greenpeace.org\/romania\/wp-json\/wp\/v2\/posts\/2631","targetHints":{"allow":["GET"]}}],"collection":[{"href":"https:\/\/www.greenpeace.org\/romania\/wp-json\/wp\/v2\/posts"}],"about":[{"href":"https:\/\/www.greenpeace.org\/romania\/wp-json\/wp\/v2\/types\/post"}],"author":[{"embeddable":true,"href":"https:\/\/www.greenpeace.org\/romania\/wp-json\/wp\/v2\/users\/28"}],"replies":[{"embeddable":true,"href":"https:\/\/www.greenpeace.org\/romania\/wp-json\/wp\/v2\/comments?post=2631"}],"version-history":[{"count":6,"href":"https:\/\/www.greenpeace.org\/romania\/wp-json\/wp\/v2\/posts\/2631\/revisions"}],"predecessor-version":[{"id":2637,"href":"https:\/\/www.greenpeace.org\/romania\/wp-json\/wp\/v2\/posts\/2631\/revisions\/2637"}],"wp:featuredmedia":[{"embeddable":true,"href":"https:\/\/www.greenpeace.org\/romania\/wp-json\/wp\/v2\/media\/2434"}],"wp:attachment":[{"href":"https:\/\/www.greenpeace.org\/romania\/wp-json\/wp\/v2\/media?parent=2631"}],"wp:term":[{"taxonomy":"category","embeddable":true,"href":"https:\/\/www.greenpeace.org\/romania\/wp-json\/wp\/v2\/categories?post=2631"},{"taxonomy":"post_tag","embeddable":true,"href":"https:\/\/www.greenpeace.org\/romania\/wp-json\/wp\/v2\/tags?post=2631"},{"taxonomy":"p4-page-type","embeddable":true,"href":"https:\/\/www.greenpeace.org\/romania\/wp-json\/wp\/v2\/p4-page-type?post=2631"}],"curies":[{"name":"wp","href":"https:\/\/api.w.org\/{rel}","templated":true}]}}