{"id":2647,"date":"2020-03-26T17:45:05","date_gmt":"2020-03-26T14:45:05","guid":{"rendered":"https:\/\/www.greenpeace.org\/romania\/?p=2647"},"modified":"2021-03-01T10:30:09","modified_gmt":"2021-03-01T07:30:09","slug":"plantari-vs-paduri","status":"publish","type":"post","link":"https:\/\/www.greenpeace.org\/romania\/articol\/2647\/plantari-vs-paduri\/","title":{"rendered":"Plant\u0103rile, fie ele \u0219i &#8222;record&#8221;, nu \u00eenlocuiesc p\u0103durea natural\u0103"},"content":{"rendered":"\n<figure class=\"wp-block-image size-large  caption-style-blue-overlay caption-alignment-center\"><a href=\"https:\/\/www.greenpeace.org\/static\/planet4-romania-stateless\/2020\/03\/40b1cce8-monoculturi-vs-pa\u0306duri.pdf\"><img loading=\"lazy\" decoding=\"async\" width=\"1700\" height=\"2200\" src=\"https:\/\/www.greenpeace.org\/static\/planet4-romania-stateless\/2020\/03\/47c71b0c-monoculturi-vs-pa\u0306duri_page_01.jpg\" alt=\"\" class=\"wp-image-2654\"\/><\/a><\/figure>\n\n<blockquote class=\"wp-block-quote is-style-large is-layout-flow wp-block-quote-is-layout-flow\"><p>Fermele de copaci distrug habitate naturale \u0219i submineaz\u0103 lupta \u00eempotriva crizei climatice.<\/p><\/blockquote>\n\n<div class=\"wp-block-file\"><a href=\"https:\/\/www.greenpeace.org\/static\/planet4-romania-stateless\/2020\/03\/40b1cce8-monoculturi-vs-pa\u0306duri.pdf\" target=\"_blank\" rel=\"noreferrer noopener\"><strong>PDF: Planta\u021bii vs. P\u0103duri<\/strong><\/a><\/div>\n\n<p>Milioane, sute de milioane de puie\u021bi! Politicienii \u0219i corpora\u021biile se \u00eentrec \u00een a ne asigura c\u0103 planteaz\u0103 vaste p\u0103duri, ca urmare vom vedea multe fotografii cu sapa \u00een m\u00e2n\u0103 \u0219i z\u00e2mbete bine exersate. <br><br>Dincolo de exerci\u021biile de imagine, fie c\u0103 sunt electorale sau de <em>greenwashing<\/em>, un lucru e clar: ce plant\u0103m acum va cre\u0219te \u00een sute de ani; ce t\u0103iem acum ne distruge secole de rezilien\u021b\u0103 \u0219i ne las\u0103 descoperi\u021bi \u00een fa\u021ba crizelor de tot felul. <br><br>Unii consider\u0103 c\u0103 dac\u0103 planteaz\u0103 ni\u0219te arbori au m\u00e2n\u0103 liber\u0103 s\u0103 taie p\u0103duri sau s\u0103 polueze la greu. Asta se cheam\u0103, \u00een limbaj lobbyist-guvernamental &#8222;offsetting&#8221; sau &#8222;neutralitate net\u0103&#8221;. <strong>Cumperi ni\u0219te certificate de poluare \u0219i po\u021bi s\u0103 distrugi \u00een continuare, e at\u00e2t de simplu!<\/strong> Cu toate c\u0103 am trecut de mult de punctul \u00een care mai putem s\u0103 ne batem joc de planet\u0103, consider\u00e2nd &#8222;externalit\u0103\u021bi&#8221; toate de\u0219eurile noastre, mai ales pe cele mai pu\u021bin vizibile (gaze de ser\u0103, noxe, devers\u0103ri, arderi de gunoaie, t\u0103ieri neconforme).<br><br><em>O planta\u021bie nu poate \u00eenlocui o p\u0103dure, a\u0219a cum un zoo nu poate fi o jungl\u0103<\/em>, <a href=\"https:\/\/www.scena9.ro\/article\/paduri-taieri-arbori\">scria jurnalista Luiza Vasiliu<\/a>, care ne-a \u00eenso\u021bit \u00een p\u0103duri virgine \u0219i seculare.\u00a0Monoculturile \u0219i agricultura cu copaci submineaz\u0103 grav lupta climatic\u0103 \u0219i devasteaz\u0103 biodiversitatea. Uneori, <a href=\"https:\/\/www.theguardian.com\/environment\/2020\/mar\/18\/tip-of-the-iceberg-is-our-destruction-of-nature-responsible-for-covid-19-aoe\">via\u021ba s\u0103lbatic\u0103 al c\u0103rei habitat \u00eel distrugem constant<\/a> \u0219i speciile pe care le facem s\u0103 dispar\u0103 prin ac\u021biuni nes\u0103buite <a href=\"https:\/\/www.nytimes.com\/2012\/07\/15\/sunday-review\/the-ecology-of-disease.html\">ne pot preg\u0103ti surprize de propor\u021bii<\/a>, precum cea pe care o tr\u0103im acum.<br><br><a href=\"https:\/\/www.greenpeace.org\/static\/planet4-romania-stateless\/2020\/03\/40b1cce8-monoculturi-vs-pa\u0306duri.pdf\"><strong>Cite\u0219te mai mult!<\/strong><\/a><\/p>\n","protected":false},"excerpt":{"rendered":"<p>Fermele de copaci distrug habitate naturale \u0219i submineaz\u0103 lupta \u00eempotriva crizei climatice.<\/p>\n","protected":false},"author":33,"featured_media":2654,"comment_status":"open","ping_status":"open","sticky":false,"template":"","format":"standard","meta":{"ep_exclude_from_search":false,"p4_og_title":"","p4_og_description":"","p4_og_image":"","p4_og_image_id":"","p4_seo_canonical_url":"","p4_campaign_name":"not set","p4_local_project":"","p4_basket_name":"not set","p4_department":"","footnotes":""},"categories":[31,3],"tags":[19,36,45],"p4-page-type":[],"class_list":["post-2647","post","type-post","status-publish","format-standard","has-post-thumbnail","hentry","category-greenpeace","category-paduri","tag-biodiversitate","tag-criza-climatica","tag-paduri"],"_links":{"self":[{"href":"https:\/\/www.greenpeace.org\/romania\/wp-json\/wp\/v2\/posts\/2647","targetHints":{"allow":["GET"]}}],"collection":[{"href":"https:\/\/www.greenpeace.org\/romania\/wp-json\/wp\/v2\/posts"}],"about":[{"href":"https:\/\/www.greenpeace.org\/romania\/wp-json\/wp\/v2\/types\/post"}],"author":[{"embeddable":true,"href":"https:\/\/www.greenpeace.org\/romania\/wp-json\/wp\/v2\/users\/33"}],"replies":[{"embeddable":true,"href":"https:\/\/www.greenpeace.org\/romania\/wp-json\/wp\/v2\/comments?post=2647"}],"version-history":[{"count":6,"href":"https:\/\/www.greenpeace.org\/romania\/wp-json\/wp\/v2\/posts\/2647\/revisions"}],"predecessor-version":[{"id":2657,"href":"https:\/\/www.greenpeace.org\/romania\/wp-json\/wp\/v2\/posts\/2647\/revisions\/2657"}],"wp:featuredmedia":[{"embeddable":true,"href":"https:\/\/www.greenpeace.org\/romania\/wp-json\/wp\/v2\/media\/2654"}],"wp:attachment":[{"href":"https:\/\/www.greenpeace.org\/romania\/wp-json\/wp\/v2\/media?parent=2647"}],"wp:term":[{"taxonomy":"category","embeddable":true,"href":"https:\/\/www.greenpeace.org\/romania\/wp-json\/wp\/v2\/categories?post=2647"},{"taxonomy":"post_tag","embeddable":true,"href":"https:\/\/www.greenpeace.org\/romania\/wp-json\/wp\/v2\/tags?post=2647"},{"taxonomy":"p4-page-type","embeddable":true,"href":"https:\/\/www.greenpeace.org\/romania\/wp-json\/wp\/v2\/p4-page-type?post=2647"}],"curies":[{"name":"wp","href":"https:\/\/api.w.org\/{rel}","templated":true}]}}