{"id":2826,"date":"2020-04-21T17:17:00","date_gmt":"2020-04-21T14:17:00","guid":{"rendered":"https:\/\/www.greenpeace.org\/romania\/?p=2826"},"modified":"2021-12-01T15:26:26","modified_gmt":"2021-12-01T12:26:26","slug":"greenpeace-romania-si-ecopolis-solicita-ministrului-mediului-informatii-de-interes-public-legate-de-episoadele-de-poluare-masiva-inregistrate-in-bucuresti","status":"publish","type":"post","link":"https:\/\/www.greenpeace.org\/romania\/articol\/2826\/greenpeace-romania-si-ecopolis-solicita-ministrului-mediului-informatii-de-interes-public-legate-de-episoadele-de-poluare-masiva-inregistrate-in-bucuresti\/","title":{"rendered":"Greenpeace Rom\u00e2nia \u0219i Ecopolis solicit\u0103 Ministrului Mediului informa\u021bii de interes public legate de episoadele de poluare masiv\u0103 \u00eenregistrate \u00een Bucure\u0219ti"},"content":{"rendered":"\n<p><strong>Ast\u0103zi, 21 aprilie, am trimis, \u00eempreun\u0103 cu Ecopolis, o scrisoare Ministrului Mediului Costel Alexe, prin care am solicitat un raport al controalelor efectuate de Garda Na\u0163ional\u0103 de Mediu \u0219i al sanc\u021biunilor aplicate \u00een ceea ce prive\u0219te episoadele de poluare masiv\u0103 cu particule de praf \u00eenregistrate \u00een Bucure\u0219ti \u00een ultima perioad\u0103.<\/strong><\/p>\n\n<p><strong>\u00cenc\u0103 de la \u00eenceputul anului \u0219i p\u00e2n\u0103 acum au fost f\u0103cute o serie de promisiuni privind \u00eembun\u0103t\u0103\u021birea monitoriz\u0103rii calit\u0103\u021bii aerului \u00een Rom\u00e2nia tocmai pentru a-i informa eficient pe cet\u0103\u021beni \u0219i a limita pe c\u00e2t posibil expunerea lor la niveluri nes\u0103n\u0103toase de poluare. Din p\u0103cate, m\u0103surile promise se las\u0103 a\u0219teptate \u00een timp ce noi, chiar \u0219i \u00een timpul izol\u0103rii, asist\u0103m tot mai des la diverse episoade de poluare a aerului cu surse misterioase.<\/strong><\/p>\n\n<p class=\"has-text-align-center\"><strong>Stimate Domnule Ministru,<\/strong><\/p>\n\n<p>Centrul pentru Politici Durabile Ecopolis, cu sediul \u00een str. Ion Brezoianu, nr. 23-25, corp A, etaj 2 \u0219i Funda\u021bia Greenpeace CEE Rom\u00e2nia, cu sediul \u00een Strada Louis Blanc, nr. 16, Sector 1, Bucure\u0219ti, \u00een temeiul Legii 544\/2001 privind liberul acces la informa\u021bii de interes public, precum \u0219i \u00een temeiul Legii 86\/2000 privind ratificarea Conven\u021biei de la Aarhus, \u00een contextul constituirii grupului de lucru privind crearea unei re\u0163ele comune de monitorizare a calit\u0103\u0163ii aerului \u00een care s\u0103 fie luate \u00een calcul at\u00e2t datele din re\u021beaua na\u0163ional\u0103 de monitorizare, c\u00e2t \u0219i din re\u021beaua independent\u0103 de senzori, v\u0103 solicit\u0103m s\u0103 ne comunica\u021bi, de preferin\u021b\u0103 prin email la adresele <a href=\"mailto:oana@ecopolis.org.ro\">oana@ecopolis.org.ro<\/a>&nbsp;\u0219i <a href=\"mailto:alin.tanase@greenpeace.org\">alin.tanase@greenpeace.org<\/a>, urm\u0103toarele informa\u021bii:<\/p>\n\n<p>\u00cen cadrul celei mai recente \u00eent\u00e2lniri a grupului de lucru din 09.03.2020, au fost anun\u021bate mai multe m\u0103suri despre care consider\u0103m c\u0103&nbsp;sunt benefice, eficiente \u0219i ar ajuta la atingerea unei monitoriz\u0103ri&nbsp;adecvate a calit\u0103\u021bii aerului:<\/p>\n\n<ol class=\"wp-block-list\"><li><strong><em>Una dintre m\u0103suri vorbe\u0219te despre decizia Ministerului Mediului de a crea o re\u021bea independent\u0103 de monitorizare a calit\u0103\u021bii aerului prin senzori. \u00cen acest scop a fost anun\u021bat\u0103 inten\u021bia de a achizitiona 50 de senzori pentru Bucure\u0219ti. \u00cen ce stadiu este procedura de achizi\u021bie, c\u00e2nd se va finaliza \u0219i c\u00e2nd vor fi instala\u021bi cei 50 de senzori \u00een Bucure\u0219ti?<\/em><\/strong><\/li><li><strong><em>O alt\u0103 m\u0103sur\u0103 vorbe\u0219te despre achizi\u021bia a \u00eenc\u0103 21 de sta\u021bii oficiale de monitorizare a calit\u0103\u021bii aerului pentru extinderea Re\u021belei Na\u021bionale de Monitorizare a Calit\u0103\u021bii Aerului (RNMCA). \u00cen contextul urgen\u021bei date de Comisia European\u0103 care a \u00eenceput, \u00een 2017, o nou\u0103 procedur\u0103 de infringement cu privire la monitorizarea defectuoas\u0103 a calit\u0103\u021bii aerului din Rom\u00e2nia, iar \u00een 25.07.2019<a href=\"#_ftn1\"><sup>[1]<\/sup><\/a>&nbsp;a fost trimis\u0103 o scrisoare de punere \u00een \u00eent\u00e2rziere suplimentar\u0103 cu termen de dou\u0103 luni pentru un r\u0103spuns, \u00een ce stadiu este procedura de achizitie, c\u00e2nd se va finaliza \u0219i c\u00e2nd vor fi instalate cele 21 de sta\u021bii oficiale suplimentare? Care este stadiul reorganiz\u0103rii RNMCA pentru atingerea standardelor europene privind amplasarea, num\u0103rul \u0219i tipul de sta\u021bii de prelevare necesare?<\/em><\/strong><\/li><li><strong><em>\u00cen contextul inform\u0103rii popula\u021biei \u00een timp real cu privire la gradul de poluare la care se expun, platforma calitateaer.ro este un instrument necesar care trebuie \u00eembun\u0103t\u0103\u021bit. Care este stadiul eficientiz\u0103rii site-ului calitateaer.ro &#8211; plata serviciului Google Maps, dezvoltarea unui sistem eficient de alerte de calitate a aerului, dezvoltarea unui sistem de prognoz\u0103 a calit\u0103\u021bii aerului?<\/em><\/strong><\/li><li><strong><em>V\u0103 rug\u0103m s\u0103 ne furniza\u021bi un raport al controalelor efectuate de Garda de Mediu \u0219i a sanc\u021biunilor aplicate \u00een ceea ce prive\u0219te episoadele de poluare masiv\u0103 cu particule de PM2.5 \u0219i PM10 \u00eenregistrate \u00een Capital\u0103, \u00een perioada 1 martie- 15 aprilie 2020.<\/em><\/strong><\/li><\/ol>\n\n<hr class=\"wp-block-separator\"\/>\n\n<p>Scrisoarea integral\u0103 poate fi consultat\u0103 <a rel=\"noreferrer noopener\" href=\"https:\/\/www.greenpeace.org\/static\/planet4-romania-stateless\/2020\/04\/ccc0cd29-adres\u0103-greenpeace-\u0219i-ecopolis-nr.-13-din-21.04.2020.pdf\" target=\"_blank\">aici<\/a>.<br><\/p>\n\n<p><a href=\"https:\/\/www.greenpeace.org\/romania\/wp-admin\/post.php?post=2826&amp;action=edit#_ftnref1\">[1]<\/a> Infringement nr. 20172024 privind monitorizarea defectuas\u0103 a calit\u0103\u021bii aerului \u00een Rom\u00e2nia <a href=\"https:\/\/ec.europa.eu\/atwork\/applying-eu-law\/infringements-proceedings\/infringement_decisions\/?typeOfSearch=true&amp;active_only=0&amp;noncom=0&amp;r_dossier=20172024&amp;decision_date_from=&amp;decision_date_to=&amp;EM=RO&amp;DG=ENVI&amp;title=&amp;submit=Search&amp;lang_code=ro\">https:\/\/ec.europa.eu\/atwork\/applying-eu-law\/infringements-proceedings\/infringement_decisions\/?typeOfSearch=true&amp;active_only=0&amp;noncom=0&amp;r_dossier=20172024&amp;decision_date_from=&amp;decision_date_to=&amp;EM=RO&amp;DG=ENVI&amp;title=&amp;submit=Search&amp;lang_code=ro<\/a><\/p>\n\t\t\t<section\n\t\t\tclass=\"boxout post-2111 \"\n\t\t\t\n\t\t>\n\t\t\t<a\n\t\t\t\tdata-ga-category=\"Take Action Boxout\"\n\t\t\t\tdata-ga-action=\"Image\"\n\t\t\t\tdata-ga-label=\"n\/a\"\n\t\t\t\tclass=\"cover-card-overlay\"\n\t\t\t\thref=\"https:\/\/www.greenpeace.org\/romania\/alatura-te-miscarii-pentru-aer-curat\/\" \n\t\t\t><\/a>\n\t\t\t\t\t\t\t<img\n\t\t\t\t\t\tsrc=\"https:\/\/www.greenpeace.org\/static\/planet4-romania-stateless\/2019\/10\/20850288-gp01dws-1024x674.jpg\"\n\t\t\t\t\t\tsrcset=\"https:\/\/www.greenpeace.org\/static\/planet4-romania-stateless\/2019\/10\/20850288-gp01dws-300x198.jpg 300w, https:\/\/www.greenpeace.org\/static\/planet4-romania-stateless\/2019\/10\/20850288-gp01dws-768x506.jpg 768w, https:\/\/www.greenpeace.org\/static\/planet4-romania-stateless\/2019\/10\/20850288-gp01dws-1024x674.jpg 1024w, https:\/\/www.greenpeace.org\/static\/planet4-romania-stateless\/2019\/10\/20850288-gp01dws-510x336.jpg 510w, https:\/\/www.greenpeace.org\/static\/planet4-romania-stateless\/2019\/10\/20850288-gp01dws.jpg 1200w\"\n\t\t\t\t\t\tsizes=\"(min-width: 1000px) 358px, (min-width: 780px) 313px, 88px\"\n\t\t\t\t\t\talt=\"Car exhaust fumes, London. \u00a9 Greenpeace \/ Maggie Gowan\" title=\"Car exhaust fumes, London. \u00a9 Greenpeace \/ Maggie Gowan\"\n\t\t\t\t\/>\n            \t\t\t<div class=\"boxout-content\">\n\t\t\t\t\t\t\t\t\t<a\n\t\t\t\t\t\tclass=\"boxout-heading medium\"\n\t\t\t\t\t\tdata-ga-category=\"Take Action Boxout\"\n\t\t\t\t\t\tdata-ga-action=\"Title\"\n\t\t\t\t\t\tdata-ga-label=\"n\/a\"\n\t\t\t\t\t\thref=\"https:\/\/www.greenpeace.org\/romania\/alatura-te-miscarii-pentru-aer-curat\/\"\n\t\t\t\t\t\t\n\t\t\t\t\t>\n\t\t\t\t\t\tAl\u0103tur\u0103-te mi\u0219c\u0103rii pentru aer curat!\n\t\t\t\t\t<\/a>\n\t\t\t\t\t\t\t\t                                    <a\n                        class=\"btn btn-primary\"\n                        data-ga-category=\"Take Action Boxout\"\n                        data-ga-action=\"Call to Action\"\n                        data-ga-label=\"n\/a\"\n                        href=\"https:\/\/www.greenpeace.org\/romania\/alatura-te-miscarii-pentru-aer-curat\/\"\n                        \n                    >\n                        Implic\u0103-te\n                    <\/a>\n                \t\t\t<\/div>\n\t\t\t\t\t<\/section>\n\t","protected":false},"excerpt":{"rendered":"<p>Epidemia de COVID-19 i-a f\u0103cut pe mul\u021bi dintre noi s\u0103 se \u00eengrijoreze c\u0103 pot aduce bacterii \u0219i virusuri \u00een cas\u0103 f\u0103r\u0103 ca m\u0103car s\u0103-\u0219i dea seama. Dar ce facem cu mediul?<\/p>\n","protected":false},"author":28,"featured_media":2832,"comment_status":"open","ping_status":"closed","sticky":false,"template":"","format":"standard","meta":{"ep_exclude_from_search":false,"p4_og_title":"","p4_og_description":"","p4_og_image":"","p4_og_image_id":"","p4_seo_canonical_url":"","p4_campaign_name":"not set","p4_local_project":"not set","p4_basket_name":"not set","p4_department":"","footnotes":""},"categories":[2,31],"tags":[35],"p4-page-type":[30],"class_list":["post-2826","post","type-post","status-publish","format-standard","has-post-thumbnail","hentry","category-clima-si-energie","category-greenpeace","tag-poluare","p4-page-type-articol"],"_links":{"self":[{"href":"https:\/\/www.greenpeace.org\/romania\/wp-json\/wp\/v2\/posts\/2826","targetHints":{"allow":["GET"]}}],"collection":[{"href":"https:\/\/www.greenpeace.org\/romania\/wp-json\/wp\/v2\/posts"}],"about":[{"href":"https:\/\/www.greenpeace.org\/romania\/wp-json\/wp\/v2\/types\/post"}],"author":[{"embeddable":true,"href":"https:\/\/www.greenpeace.org\/romania\/wp-json\/wp\/v2\/users\/28"}],"replies":[{"embeddable":true,"href":"https:\/\/www.greenpeace.org\/romania\/wp-json\/wp\/v2\/comments?post=2826"}],"version-history":[{"count":10,"href":"https:\/\/www.greenpeace.org\/romania\/wp-json\/wp\/v2\/posts\/2826\/revisions"}],"predecessor-version":[{"id":7013,"href":"https:\/\/www.greenpeace.org\/romania\/wp-json\/wp\/v2\/posts\/2826\/revisions\/7013"}],"wp:featuredmedia":[{"embeddable":true,"href":"https:\/\/www.greenpeace.org\/romania\/wp-json\/wp\/v2\/media\/2832"}],"wp:attachment":[{"href":"https:\/\/www.greenpeace.org\/romania\/wp-json\/wp\/v2\/media?parent=2826"}],"wp:term":[{"taxonomy":"category","embeddable":true,"href":"https:\/\/www.greenpeace.org\/romania\/wp-json\/wp\/v2\/categories?post=2826"},{"taxonomy":"post_tag","embeddable":true,"href":"https:\/\/www.greenpeace.org\/romania\/wp-json\/wp\/v2\/tags?post=2826"},{"taxonomy":"p4-page-type","embeddable":true,"href":"https:\/\/www.greenpeace.org\/romania\/wp-json\/wp\/v2\/p4-page-type?post=2826"}],"curies":[{"name":"wp","href":"https:\/\/api.w.org\/{rel}","templated":true}]}}