{"id":4307,"date":"2020-05-13T09:41:03","date_gmt":"2020-05-13T06:41:03","guid":{"rendered":"https:\/\/www.greenpeace.org\/romania\/?p=4307"},"modified":"2026-04-02T14:36:23","modified_gmt":"2026-04-02T11:36:23","slug":"maine-se-decide-azi-pentru-o-recuperare-verde-si-echitabila","status":"publish","type":"post","link":"https:\/\/www.greenpeace.org\/romania\/articol\/4307\/maine-se-decide-azi-pentru-o-recuperare-verde-si-echitabila\/","title":{"rendered":"\u201cM\u00e2ine se decide azi\u201d, pentru o recuperare verde \u0219i echitabil\u0103"},"content":{"rendered":"\n<p><strong>Organiza\u021bii din societatea civil\u0103 vor s\u0103 fie parte a solu\u021bion\u0103rii crizelor cu care se confrunt\u0103 acum Rom\u00e2nia &#8211;\u00a0 de s\u0103n\u0103tate, economic\u0103, climatic\u0103, ecologic\u0103. <\/strong><br><strong>\u201e<a href=\"http:\/\/mainesedecideazi.ro\/\">M\u00e2ine se decide azi<\/a>\u201d este alternativa propus\u0103 deciden\u021bilor \u0219i partidelor politice, \u00een urma consult\u0103rilor dintre peste 10 organiza\u021bii neguvernamentale \u0219i speciali\u0219ti din zonele de mediu, economie, s\u0103n\u0103tate, educa\u021bie \u0219i democra\u021bie. M\u0103surile propuse ar trebui implementate rapid, pentru ca Rom\u00e2nia s\u0103 \u00eenceap\u0103 s\u0103 se fac\u0103 bine.<\/strong><\/p>\n\n<p>Pandemia prin care trecem e, f\u0103r\u0103 \u00eendoial\u0103, o surs\u0103 imens\u0103 de suferin\u021b\u0103 \u0219i un punct de cotitur\u0103 \u00een istoria omenirii. \u00cens\u0103 aceast\u0103 criz\u0103 deschide o fereastr\u0103 prin care putem privi cu aten\u021bie la lucrurile care conteaz\u0103 \u0219i ne d\u0103 ocazia unic\u0103 de a repara ce am f\u0103cut gre\u0219it \u00een trecut.<\/p>\n\n<figure class=\"wp-block-image size-large  caption-style-blue-overlay caption-alignment-center\"><img loading=\"lazy\" decoding=\"async\" width=\"1024\" height=\"576\" src=\"https:\/\/www.greenpeace.org\/static\/planet4-romania-stateless\/2020\/05\/c691152f-msda_facebook-1024x576.jpg\" alt=\"\" class=\"wp-image-4314\" srcset=\"https:\/\/www.greenpeace.org\/static\/planet4-romania-stateless\/2020\/05\/c691152f-msda_facebook-1024x576.jpg 1024w, https:\/\/www.greenpeace.org\/static\/planet4-romania-stateless\/2020\/05\/c691152f-msda_facebook-300x169.jpg 300w, https:\/\/www.greenpeace.org\/static\/planet4-romania-stateless\/2020\/05\/c691152f-msda_facebook-768x432.jpg 768w, https:\/\/www.greenpeace.org\/static\/planet4-romania-stateless\/2020\/05\/c691152f-msda_facebook-1536x864.jpg 1536w, https:\/\/www.greenpeace.org\/static\/planet4-romania-stateless\/2020\/05\/c691152f-msda_facebook-2048x1152.jpg 2048w, https:\/\/www.greenpeace.org\/static\/planet4-romania-stateless\/2020\/05\/c691152f-msda_facebook-510x287.jpg 510w\" sizes=\"auto, (max-width: 1024px) 100vw, 1024px\" \/><\/figure>\n\n<p>Alegerile pe care autorit\u0103\u021bile le fac acum pentru a lupta \u00eempotriva pandemiei, \u00een efortul de a rezolva criza sistemului de s\u0103n\u0103tate \u0219i de a diminua \u0219ocurile din economie, vor avea un impact profund asupra viitorului nostru. E momentul ca deciden\u021bii s\u0103 ac\u021bioneze vizionar \u0219i transparent, pentru a dep\u0103\u0219i acest punct critic \u0219i a fi preg\u0103ti\u021bi \u00een fa\u021ba oric\u0103rui tip de criz\u0103 viitoare: economic\u0103, climatic\u0103, ecologic\u0103, de s\u0103n\u0103tate. Prin urmare, orice m\u0103sur\u0103 luat\u0103 ast\u0103zi trebuie s\u0103 a\u0219eze funda\u021bia pentru o tranzi\u021bie c\u0103tre o altfel de societate: s\u0103n\u0103toas\u0103, echitabil\u0103, construit\u0103 \u00een jurul binelui comun \u0219i cu grij\u0103 pentru natur\u0103. M\u0103surile cheie pe care le propunem sunt disponibile pe <a href=\"http:\/\/www.mainesedecideazi.ro\" target=\"_blank\" rel=\"noreferrer noopener\">mainesedecideazi.ro<\/a>, sub forma unei petitii. Pentru a sprijini \u0219i gr\u0103bi implementarea acestora, \u00eendemn\u0103m cet\u0103\u021beni, oameni de \u0219tiin\u021b\u0103, arti\u0219ti, organiza\u021bii, autorit\u0103\u021bi, lideri de opinie, pe to\u021bi cei care se implic\u0103 \u00een bunul mers al societ\u0103\u021bii s\u0103 se al\u0103ture acestui demers.<\/p>\n","protected":false},"excerpt":{"rendered":"<p>Organiza\u021bii din societatea civil\u0103 vor s\u0103 fie parte a solu\u021bion\u0103rii crizelor cu care se confrunt\u0103 acum Rom\u00e2nia &#8211;&nbsp; de s\u0103n\u0103tate, economic\u0103, climatic\u0103, ecologic\u0103. \u201eM\u00e2ine se decide azi\u201d este alternativa propus\u0103&hellip;<\/p>\n","protected":false},"author":34,"featured_media":4308,"comment_status":"open","ping_status":"closed","sticky":false,"template":"","format":"standard","meta":{"ep_exclude_from_search":false,"p4_og_title":"","p4_og_description":"","p4_og_image":"","p4_og_image_id":"","p4_seo_canonical_url":"","p4_campaign_name":"not set","p4_local_project":"not set","p4_basket_name":"not set","p4_department":"","footnotes":""},"categories":[138],"tags":[],"p4-page-type":[],"class_list":["post-4307","post","type-post","status-publish","format-standard","has-post-thumbnail","hentry","category-democratie-energetica"],"_links":{"self":[{"href":"https:\/\/www.greenpeace.org\/romania\/wp-json\/wp\/v2\/posts\/4307","targetHints":{"allow":["GET"]}}],"collection":[{"href":"https:\/\/www.greenpeace.org\/romania\/wp-json\/wp\/v2\/posts"}],"about":[{"href":"https:\/\/www.greenpeace.org\/romania\/wp-json\/wp\/v2\/types\/post"}],"author":[{"embeddable":true,"href":"https:\/\/www.greenpeace.org\/romania\/wp-json\/wp\/v2\/users\/34"}],"replies":[{"embeddable":true,"href":"https:\/\/www.greenpeace.org\/romania\/wp-json\/wp\/v2\/comments?post=4307"}],"version-history":[{"count":6,"href":"https:\/\/www.greenpeace.org\/romania\/wp-json\/wp\/v2\/posts\/4307\/revisions"}],"predecessor-version":[{"id":4316,"href":"https:\/\/www.greenpeace.org\/romania\/wp-json\/wp\/v2\/posts\/4307\/revisions\/4316"}],"wp:featuredmedia":[{"embeddable":true,"href":"https:\/\/www.greenpeace.org\/romania\/wp-json\/wp\/v2\/media\/4308"}],"wp:attachment":[{"href":"https:\/\/www.greenpeace.org\/romania\/wp-json\/wp\/v2\/media?parent=4307"}],"wp:term":[{"taxonomy":"category","embeddable":true,"href":"https:\/\/www.greenpeace.org\/romania\/wp-json\/wp\/v2\/categories?post=4307"},{"taxonomy":"post_tag","embeddable":true,"href":"https:\/\/www.greenpeace.org\/romania\/wp-json\/wp\/v2\/tags?post=4307"},{"taxonomy":"p4-page-type","embeddable":true,"href":"https:\/\/www.greenpeace.org\/romania\/wp-json\/wp\/v2\/p4-page-type?post=4307"}],"curies":[{"name":"wp","href":"https:\/\/api.w.org\/{rel}","templated":true}]}}