{"id":4317,"date":"2020-05-15T12:47:35","date_gmt":"2020-05-15T09:47:35","guid":{"rendered":"https:\/\/www.greenpeace.org\/romania\/?p=4317"},"modified":"2021-12-01T15:26:24","modified_gmt":"2021-12-01T12:26:24","slug":"romania-subiectul-unei-noi-proceduri-de-sanctiune-pentru-poluarea-aerului-din-bucuresti-brasov-iasi-cluj-napoca-si-timisoara-iata-ce-trebuie-sa-faca","status":"publish","type":"post","link":"https:\/\/www.greenpeace.org\/romania\/articol\/4317\/romania-subiectul-unei-noi-proceduri-de-sanctiune-pentru-poluarea-aerului-din-bucuresti-brasov-iasi-cluj-napoca-si-timisoara-iata-ce-trebuie-sa-faca\/","title":{"rendered":"Rom\u00e2nia, subiectul unei noi proceduri de sanc\u021biune pentru poluarea aerului din Bucure\u0219ti, Bra\u0219ov, Ia\u0219i, Cluj-Napoca \u0219i Timi\u0219oara. Iat\u0103 ce trebuie s\u0103 fac\u0103"},"content":{"rendered":"\n<p>Rom\u00e2nia nu a respectat valorile limit\u0103 pentru protec\u021bia s\u0103n\u0103t\u0103\u021bii umane pentru dioxidul de azot (NO2) \u0219i nu a luat m\u0103surile adecvate pentru a men\u021bine perioadele de dep\u0103\u0219ire c\u00e2t mai scurte.<\/p>\n\n<p>Prin urmare, Comisia European\u0103 a decis sa \u00eenceap\u0103 <a href=\"https:\/\/ec.europa.eu\/commission\/presscorner\/detail\/ro\/inf_20_859\">o nou\u0103 procedur\u0103 de infringement<\/a> similar\u0103 cu cea \u00een care Rom\u00e2nia a fost <a href=\"https:\/\/www.greenpeace.org\/romania\/articol\/4295\/romania-condamnata-de-curtea-de-justitie-a-ue-pentru-esecul-sistematic-de-a-reduce-poluarea-din-bucuresti\/\">condamnata<\/a> recent de CJUE pentru aerul poluat cu praf (PM10) din Bucure\u0219ti.\u00a0<\/p>\n\n<p>Mai mult, Comisia European\u0103 semnaleaz\u0103 unele deficien\u021be \u00een monitorizarea concentra\u021biilor de dioxid de azot (NO2) din Bucure\u0219ti. \u201cComisia solicit\u0103 de asemenea clarific\u0103ri cu privire la monitorizarea corespunz\u0103toare a concentra\u021biilor de dioxid de azot (NO2) \u00eentr-una dintre aglomer\u0103ri (Bucure\u0219ti). Prezen\u021ba unor <strong>concentra\u021bii ridicate de NO2 implic\u0103 riscuri pentru s\u0103n\u0103tatea uman\u0103.\u201d&nbsp;<\/strong><\/p>\n\n<p>Deficien\u021bele \u00een monitorizarea concentra\u021biilor de dioxid de azot din Bucure\u0219ti au fost prezentate \u00eenc\u0103 din 2019, atunci cand mai mul\u021bi voluntari Greenpeace au <a href=\"https:\/\/www.greenpeace.org\/romania\/articol\/2466\/poluarea-aerului-subestimata-in-bucuresti\/\">monitorizat <\/a>timp de 3 zile, nivelul polu\u0103rii aerului cu dioxid de azot (NO\u2082) la sta\u021bia de autobuz Pia\u021ba Roman\u0103.<strong> <\/strong>M\u0103sur\u0103torile au ar\u0103tat ca nivelul polu\u0103rii cu dioxid de azot (NO\u2082) \u00een sta\u021bia de autobuz din Pia\u021ba Roman\u0103 este de aproximativ dou\u0103 ori mai mare dec\u00e2t cel \u00eenregistrat \u00een acela\u0219i timp la cele mai apropiate sta\u021bii oficiale de monitorizare a calit\u0103\u021bii aerului din trafic. Acest fapt sugereaz\u0103 <strong>o amplasare defectuoas\u0103 a sta\u021biilor de monitorizare a calit\u0103\u021bii aerului din trafic.<\/strong><\/p>\n\n<p>\u00cen Bucure\u0219ti sunt dou\u0103 sta\u021bii oficiale de tip trafic care monitorizeaz\u0103 concentra\u021biile de dioxid de azot (NO2). Sta\u021bia oficial\u0103 B6 Cercul Militar a func\u021bionat la parametri optimi \u0219i a oferit date pentru intervalul respectiv, \u00eens\u0103, \u00een acela\u0219i timp, cealalt\u0103 sta\u021bie oficial\u0103 de tip trafic \u2013 B3 Mihai Bravu \u2013 nu a \u00eenregistrat date, aceasta fiind nefunc\u021bional\u0103 pentru o lung\u0103 perioad\u0103 de timp \u00een 2019. Aceast\u0103 \u00eentrerupere la sta\u021bia B3 Mihai Bravu a dus la o lips\u0103 de date pentru informarea populatiei \u0219i, la final de an, la imposibilitatea calcul\u0103rii mediei anuale pentru 2019 \u0219i compararea ei cu limita existent\u0103 pentru protec\u021bia s\u0103n\u0103t\u0103\u021bii umane &#8211; fapt confirmat \u0219i de Comisia European\u0103 prin aceast\u0103 procedur\u0103 de sanc\u021bionare.<\/p>\n\n<p><strong>Dioxidul de azot<\/strong> este cunoscut ca fiind un <strong>gaz foarte toxic<\/strong> at\u00e2t pentru oameni c\u00e2t \u0219i pentru animale (gradul de toxicitate al dioxidului de azot este de 4 ori mai mare dec\u00e2t cel al monoxidului de azot). Expunerea la concentra\u021bii ridicate poate fi fatal\u0103, iar la concentra\u021bii reduse afecteaz\u0103 \u021besutul pulmonar. Popula\u021bia expus\u0103 la acest tip de poluan\u021bi poate avea dificult\u0103\u021bi respiratorii, irita\u021bii ale c\u0103ilor respiratorii, disfunc\u021bii ale pl\u0103m\u00e2nilor. Expunerea pe termen lung la o concentra\u021bie redus\u0103 poate distruge \u021besuturile pulmonare duc\u00e2nd la emfizem pulmonar. Persoanele cele mai afectate de expunerea la acest poluant sunt copiii.<\/p>\n\n<p>Rom\u00e2nia a primit un termen de 4 luni pentru a lua m\u0103surile necesare \u00een vederea remedierii deficien\u021belor identificate de Comisie. Concret, \u00een urm\u0103toarele 4 luni, Rom\u00e2nia trebuie s\u0103:<\/p>\n\n<p><strong>A) s\u0103 ia m\u0103suri <\/strong>privind \u00eembun\u0103t\u0103\u021birea calit\u0103\u021bii aerului \u00eenconjur\u0103tor prin reducerea traficului auto. Aceasta masura se poate realiza prin eficientizarea mijloacelor de transport public, prin dezvoltarea unei re\u021bele de piste de biciclete sau prin instituirea unor zone restric\u021bionate sau interzise traficului auto.<\/p>\n\n<p><strong>B) s\u0103 m\u0103soare<\/strong> concentra\u021biile de dioxid de azot (NO2) \u00eentr-un mod corespunz\u0103tor \u0219i \u00een locul potrivit. Aceasta masura sa poate realiza prin extinderea re\u021belei oficiale de monitorizare a calit\u0103\u021bii aerului, prin amplasarea unor noi sta\u021bii de tip trafic \u00een zone relevante din Bucure\u0219ti, dar \u0219i prin relocarea unor sta\u021bii existente care a c\u0103ror amplasare a devenit irelevanta intre timp.<\/p>\n\n<p><strong>C) s\u0103 informeze publicul<\/strong> \u00een timp real cu privire la nivelul polu\u0103rii din trafic \u0219i s\u0103 raporteze despre gravitatea polu\u0103rii. In acest moment informarea se face pe <a href=\"http:\/\/www.calitateaer.ro\">www.calitateaer.ro<\/a>, \u00eens\u0103 platforma nu prevede un sistem eficient de alertare. \u00cen acest sens mai multe ONG-uri au dezvoltat re\u021bele independente de monitorizare a calit\u0103\u021bii aerului, tocmai pentru a informa publicul eficace cu privire la nivelul de poluare la care se expun. Aceasta direc\u021bie trebuie urmat\u0103 \u0219i de c\u0103tre Ministerul Mediului prin dezvoltarea unei re\u021bele oficiale de monitorizare a calit\u0103\u021bii aerului cu acoperire extins\u0103 prin senzori.<\/p>\n\t\t\t<section\n\t\t\tclass=\"boxout post-2111 \"\n\t\t\t\n\t\t>\n\t\t\t<a\n\t\t\t\tdata-ga-category=\"Take Action Boxout\"\n\t\t\t\tdata-ga-action=\"Image\"\n\t\t\t\tdata-ga-label=\"n\/a\"\n\t\t\t\tclass=\"cover-card-overlay\"\n\t\t\t\thref=\"https:\/\/www.greenpeace.org\/romania\/alatura-te-miscarii-pentru-aer-curat\/\" \n\t\t\t><\/a>\n\t\t\t\t\t\t\t<img\n\t\t\t\t\t\tsrc=\"https:\/\/www.greenpeace.org\/static\/planet4-romania-stateless\/2019\/10\/20850288-gp01dws-1024x674.jpg\"\n\t\t\t\t\t\tsrcset=\"https:\/\/www.greenpeace.org\/static\/planet4-romania-stateless\/2019\/10\/20850288-gp01dws-300x198.jpg 300w, https:\/\/www.greenpeace.org\/static\/planet4-romania-stateless\/2019\/10\/20850288-gp01dws-768x506.jpg 768w, https:\/\/www.greenpeace.org\/static\/planet4-romania-stateless\/2019\/10\/20850288-gp01dws-1024x674.jpg 1024w, https:\/\/www.greenpeace.org\/static\/planet4-romania-stateless\/2019\/10\/20850288-gp01dws-510x336.jpg 510w, https:\/\/www.greenpeace.org\/static\/planet4-romania-stateless\/2019\/10\/20850288-gp01dws.jpg 1200w\"\n\t\t\t\t\t\tsizes=\"(min-width: 1000px) 358px, (min-width: 780px) 313px, 88px\"\n\t\t\t\t\t\talt=\"Car exhaust fumes, London. \u00a9 Greenpeace \/ Maggie Gowan\" title=\"Car exhaust fumes, London. \u00a9 Greenpeace \/ Maggie Gowan\"\n\t\t\t\t\/>\n            \t\t\t<div class=\"boxout-content\">\n\t\t\t\t\t\t\t\t\t<a\n\t\t\t\t\t\tclass=\"boxout-heading medium\"\n\t\t\t\t\t\tdata-ga-category=\"Take Action Boxout\"\n\t\t\t\t\t\tdata-ga-action=\"Title\"\n\t\t\t\t\t\tdata-ga-label=\"n\/a\"\n\t\t\t\t\t\thref=\"https:\/\/www.greenpeace.org\/romania\/alatura-te-miscarii-pentru-aer-curat\/\"\n\t\t\t\t\t\t\n\t\t\t\t\t>\n\t\t\t\t\t\tAl\u0103tur\u0103-te mi\u0219c\u0103rii pentru aer curat!\n\t\t\t\t\t<\/a>\n\t\t\t\t\t\t\t\t                                    <a\n                        class=\"btn btn-primary\"\n                        data-ga-category=\"Take Action Boxout\"\n                        data-ga-action=\"Call to Action\"\n                        data-ga-label=\"n\/a\"\n                        href=\"https:\/\/www.greenpeace.org\/romania\/alatura-te-miscarii-pentru-aer-curat\/\"\n                        \n                    >\n                        Implic\u0103-te\n                    <\/a>\n                \t\t\t<\/div>\n\t\t\t\t\t<\/section>\n\t","protected":false},"excerpt":{"rendered":"<p>Rom\u00e2nia nu a respectat valorile limit\u0103 pentru protec\u021bia s\u0103n\u0103t\u0103\u021bii umane pentru dioxidul de azot (NO2) \u0219i nu a luat m\u0103surile adecvate pentru a men\u021bine perioadele de dep\u0103\u0219ire c\u00e2t mai scurte.<\/p>\n","protected":false},"author":28,"featured_media":2821,"comment_status":"open","ping_status":"closed","sticky":false,"template":"","format":"standard","meta":{"ep_exclude_from_search":false,"p4_og_title":"","p4_og_description":"","p4_og_image":"","p4_og_image_id":"","p4_seo_canonical_url":"","p4_campaign_name":"not set","p4_local_project":"not set","p4_basket_name":"not set","p4_department":"","footnotes":""},"categories":[2],"tags":[35],"p4-page-type":[30],"class_list":["post-4317","post","type-post","status-publish","format-standard","has-post-thumbnail","hentry","category-clima-si-energie","tag-poluare","p4-page-type-articol"],"_links":{"self":[{"href":"https:\/\/www.greenpeace.org\/romania\/wp-json\/wp\/v2\/posts\/4317","targetHints":{"allow":["GET"]}}],"collection":[{"href":"https:\/\/www.greenpeace.org\/romania\/wp-json\/wp\/v2\/posts"}],"about":[{"href":"https:\/\/www.greenpeace.org\/romania\/wp-json\/wp\/v2\/types\/post"}],"author":[{"embeddable":true,"href":"https:\/\/www.greenpeace.org\/romania\/wp-json\/wp\/v2\/users\/28"}],"replies":[{"embeddable":true,"href":"https:\/\/www.greenpeace.org\/romania\/wp-json\/wp\/v2\/comments?post=4317"}],"version-history":[{"count":6,"href":"https:\/\/www.greenpeace.org\/romania\/wp-json\/wp\/v2\/posts\/4317\/revisions"}],"predecessor-version":[{"id":7011,"href":"https:\/\/www.greenpeace.org\/romania\/wp-json\/wp\/v2\/posts\/4317\/revisions\/7011"}],"wp:featuredmedia":[{"embeddable":true,"href":"https:\/\/www.greenpeace.org\/romania\/wp-json\/wp\/v2\/media\/2821"}],"wp:attachment":[{"href":"https:\/\/www.greenpeace.org\/romania\/wp-json\/wp\/v2\/media?parent=4317"}],"wp:term":[{"taxonomy":"category","embeddable":true,"href":"https:\/\/www.greenpeace.org\/romania\/wp-json\/wp\/v2\/categories?post=4317"},{"taxonomy":"post_tag","embeddable":true,"href":"https:\/\/www.greenpeace.org\/romania\/wp-json\/wp\/v2\/tags?post=4317"},{"taxonomy":"p4-page-type","embeddable":true,"href":"https:\/\/www.greenpeace.org\/romania\/wp-json\/wp\/v2\/p4-page-type?post=4317"}],"curies":[{"name":"wp","href":"https:\/\/api.w.org\/{rel}","templated":true}]}}