{"id":4536,"date":"2020-08-18T13:06:54","date_gmt":"2020-08-18T10:06:54","guid":{"rendered":"https:\/\/www.greenpeace.org\/romania\/?p=4536"},"modified":"2025-07-02T10:36:11","modified_gmt":"2025-07-02T07:36:11","slug":"bilant-sumbru-al-programului-afm-casa-verde-fotovoltaice","status":"publish","type":"post","link":"https:\/\/www.greenpeace.org\/romania\/articol\/4536\/bilant-sumbru-al-programului-afm-casa-verde-fotovoltaice\/","title":{"rendered":"Bilan\u021b sumbru al programului AFM Casa Verde Fotovoltaice"},"content":{"rendered":"\n<p><strong>Administra\u021bia Fondului pentru Mediu (AFM) a blocat timp de doi ani instal\u0103rile de sisteme fotovoltaice din Rom\u00e2nia. Programul Casa Verde Fotovoltaice s-a \u00eencheiat cu respingerea definitiv\u0103 a aproape 9.000 de cet\u0103\u021beni, cei mai mul\u021bi respin\u0219i dintr-un motiv care \u00eei este, de fapt, imputabil AFM. P\u00e2n\u0103 \u00een prezent, nici m\u0103car un panou nu a fost montat cu ajutorul programului.&nbsp;<\/strong><\/p>\n\n<p><strong>Luni, 17 august, Greenpeace a organizat o sesiune pentru cet\u0103\u021benii care se consider\u0103 \u00een\u0219ela\u021bi de declara\u021biile AFM. Un avocat a prezentat o opinie legal\u0103 pentru aceast\u0103 situa\u021bie \u0219i a r\u0103spuns \u00eentreb\u0103rilor cet\u0103\u021benilor.&nbsp;<\/strong><\/p>\n\n<p>Administra\u021bia Fondului pentru Mediu a tergiversat constant derularea programului. Casa Verde Fotovoltaice a fost oprit \u00een urma unei fraude informatice nedovedite, apoi au urmat mai multe am\u00e2n\u0103ri de luni de zile \u00een evaluarea dosarelor \u0219i publicarea rezultatelor contesta\u021biilor. Dup\u0103 un an \u0219i jum\u0103tate de la \u00eenceperea oficial\u0103 a programului, scopul declarat \u00een ghidul de finan\u021bare &#8211; \u201ecre\u015fterea eficien\u0163ei energetice, \u00eembun\u0103t\u0103\u0163irea calit\u0103\u0163ii aerului \u015fi reducerea emisiilor de gaze cu efect de ser\u0103\u201d &#8211; a fost \u00een totalitate ratat.<\/p>\n\n<div class=\"wp-block-image  caption-style-blue-overlay caption-alignment-center\"><figure class=\"aligncenter size-large\"><img loading=\"lazy\" decoding=\"async\" width=\"834\" height=\"450\" src=\"https:\/\/www.greenpeace.org\/static\/planet4-romania-stateless\/2020\/08\/09be4da5-fotovoltaice-diagrama.jpg\" alt=\"\" class=\"wp-image-4537\" srcset=\"https:\/\/www.greenpeace.org\/static\/planet4-romania-stateless\/2020\/08\/09be4da5-fotovoltaice-diagrama.jpg 834w, https:\/\/www.greenpeace.org\/static\/planet4-romania-stateless\/2020\/08\/09be4da5-fotovoltaice-diagrama-300x162.jpg 300w, https:\/\/www.greenpeace.org\/static\/planet4-romania-stateless\/2020\/08\/09be4da5-fotovoltaice-diagrama-768x414.jpg 768w, https:\/\/www.greenpeace.org\/static\/planet4-romania-stateless\/2020\/08\/09be4da5-fotovoltaice-diagrama-510x275.jpg 510w\" sizes=\"auto, (max-width: 834px) 100vw, 834px\" \/><\/figure><\/div>\n\n<p><em>\u201e\u00cen octombrie 2019, la \u00eenceputul mandatului de ministru al mediului, domnul <\/em><a href=\"https:\/\/www.g4media.ro\/live-costel-alexe-ministrul-propus-al-mediului-este-audiat-in-comisiile-parlamentare-voi-fi-cel-mai-tanar-ministru-din-cabinetul-orban.html\"><em>Costel Alexe a promis<\/em><\/a><em> c\u0103 va realiza un audit al AFM. Nici p\u00e2n\u0103 azi nu cunoa\u0219tem rezultatele acestui control \u0219i iat\u0103 c\u0103 urm\u0103rile au fost dezastruoase pentru cet\u0103\u021benii care au aplicat \u0219i pentru instalatori.\u00a0\u00cen iulie 2020, Greenpeace a cerut <\/em><a href=\"https:\/\/www.greenpeace.org\/romania\/articol\/4517\/10-motive-pentru-care-ministrul-costel-alexe-trebuie-sa-demita-actuala-conducere-a-afm-si-sa-reformeze-institutia-care-implementeaza-proiecte-de-mediu-in-romania\/\"><em>demiterea conducerii AFM<\/em><\/a><em> \u0219i reformarea acestei institu\u021bii \u00eentr-o scrisoare deschis\u0103 semnat\u0103 de peste 700 de cet\u0103\u021beni. \u00cens\u0103, ministrul mediului a continuat s\u0103 gireze tacit neregulile \u0219i comportamentul AFM fa\u021b\u0103 de cet\u0103\u021beni.\u00a0Din p\u0103cate, incompeten\u021ba administrativ\u0103 las\u0103 urme ad\u00e2nci. De\u0219i se anun\u021ba a fi un program multianual, \u00een loc s\u0103 fie atrase alte fonduri \u0219i s\u0103 fie ajuta\u021bi mai mul\u021bi cet\u0103\u021beni, Casa Verde Fotovoltaice va folosi \u00een a doua sesiune fondurile r\u0103mase din prima sesiune.\u201d <\/em>a declarat Marian M\u00e2ndru, coordonator de campanii la Greenpeace Rom\u00e2nia \u0219i administrator al comunit\u0103\u021bii online <a href=\"https:\/\/www.facebook.com\/groups\/ProtectiaProsumatorului\/\">Protec\u021bia Prosumatorului<\/a>.\u00a0<\/p>\n\n<p><strong>Nu doar cet\u0103\u021benii au fost afecta\u021bi, ci \u0219i firmele care s-au implicat \u00een proiect ca instalatori valida\u021bi. Acestea au investit timp \u0219i bani \u00eenc\u0103 de la \u00eenceputul lui 2019 \u0219i sunt acum \u00een pragul falimentului.&nbsp;<\/strong><\/p>\n\n<p>\u201e<em>Am promovat programul, am discutat&nbsp; cu zeci de clien\u021bi, am preg\u0103tit dosarele (multe scan\u0103ri, \u00eenc\u0103rc\u0103ri de fi\u0219iere, verific\u0103ri etc.). Din 2019 p\u00e2n\u0103 azi nu am \u00eencasat nici m\u0103car un leu pentru toate eforturile depuse \u0219i aproape am intrat \u00een faliment! Nu s-a dorit acest program \u0219i nimeni din AFM nu a fost al\u0103turi de instalatori \u0219i de viitorii prosumatori pentru a ob\u021bine aceste fonduri europene. Fonduri europene nerambursabile pe care AFM nu a fost \u00een stare s\u0103 le pun\u0103 la dispozi\u021bia rom\u00e2nilor!<\/em>\u201d spune Ionu\u021b Chiriac, proprietarul unei mici firme de instala\u021bii electrice din Ia\u0219i.<\/p>\n\n<p>Greenpeace Rom\u00e2nia a mediat recent prezentarea unei opinii legale de c\u0103tre un avocat,&nbsp; pentru c\u0103 zeci de oameni \u0219i-au anun\u021bat anterior inten\u021bia de a da \u00een judecat\u0103 AFM. Administra\u021bia Fondului pentru Mediu a anun\u021bat o nou\u0103 sesiune de \u00eenscrieri pentru toamna acestui an.&nbsp;<\/p>\n\n<p><em>\u201eNivelul de \u00eencredere \u00een capacitatea AFM de a derula programe de mediu este probabil la un minim istoric. Tenta\u021bi de fondurile generoase, mul\u021bi dintre cei respin\u0219i \u00een prima sesiune vor aplica din nou \u00een toamn\u0103, \u00eens\u0103 sunt destui care prefer\u0103 s\u0103 investeasc\u0103 din buzunarul propriu pentru a deveni prosumatori. Sau au anun\u021bat c\u0103 vor ataca \u00een instan\u021b\u0103 deciziile AFM.\u201d<\/em> a mai spus Marian M\u00e2ndru.<\/p>\n\n<p class=\"has-background has-text-align-center has-inch-worm-background-color\"><strong>Greenpeace \u0219i programul Casa Verde Fotovoltaice<\/strong><\/p>\n\n<p>Greenpeace Rom\u00e2nia s-a implicat activ \u00een demararea \u0219i monitorizarea programului Casa Verde Fotovoltaice. A explicat publicului printr-o <a href=\"http:\/\/fiiprosumator.ro\/\">campanie de comunicare<\/a> ce \u00eenseamn\u0103 s\u0103 fii prosumator \u0219i a format o comunitate online de informare pentru cet\u0103\u021benii interesa\u021bi. A infirmat ipoteza <a href=\"https:\/\/www.greenpeace.org\/romania\/articol\/2136\/administratia-fondului-pentru-mediu-afm-blocheaza-33-000-de-potentiali-prosumatori\/\">\u201efraudei informatice\u201d<\/a>, vehiculat\u0103 de AFM, ob\u021bin\u00e2nd un r\u0103spuns din partea Parchetului. A contribuit la re-eliminarea autoriza\u021biei de construire necesare pentru instalarea panouri, trimi\u021b\u00e2nd sute de mesaje parlamentarilor. A analizat bugetul programului \u0219i ar\u0103tat c\u00e2\u021bi bani folose\u0219te AFM pentru <a href=\"https:\/\/www.greenpeace.org\/romania\/articol\/2522\/programul-casa-verde-fotovoltaice-al-afm-cheltuieli-mari-rezultate-zero\/\">salarii \u0219i cheltuieli diverse: 13 milioane de euro<\/a>. A sesizat al\u0103turi de 3.000 de cet\u0103\u021beni Ministerul Mediului \u0219i guvernul despre tergivers\u0103rile AFM. <a href=\"https:\/\/www.greenpeace.org\/romania\/articol\/4397\/greenpeace-romania-sesizeaza-avocatul-poporului-referitor-la-grave-incalcari-ale-unor-drepturi-constitutionale-de-catre-administratia-fondului-pentru-mediu\/\">A sesizat Avocatul Poporului<\/a> referitor la inducerea \u00een eroare a cet\u0103\u021benilor de c\u0103tre AFM. A cerut printr-o <a href=\"https:\/\/www.greenpeace.org\/romania\/articol\/4517\/10-motive-pentru-care-ministrul-costel-alexe-trebuie-sa-demita-actuala-conducere-a-afm-si-sa-reformeze-institutia-care-implementeaza-proiecte-de-mediu-in-romania\/\">scrisoare deschisa, co-semnat\u0103 de 700 de cet\u0103\u021beni<\/a>, demisia conducerii AFM \u0219i reformarea institu\u021biei care \u201esus\u021bine\u201d proiecte de mediu \u00een Rom\u00e2nia.<\/p>\n","protected":false},"excerpt":{"rendered":"<p>Administra\u021bia Fondului pentru Mediu (AFM) a blocat timp de doi ani instal\u0103rile de sisteme fotovoltaice din Rom\u00e2nia. Programul Casa Verde Fotovoltaice s-a \u00eencheiat cu respingerea definitiv\u0103 a aproape 9.000 de&hellip;<\/p>\n","protected":false},"author":34,"featured_media":4538,"comment_status":"open","ping_status":"closed","sticky":false,"template":"","format":"standard","meta":{"ep_exclude_from_search":false,"p4_og_title":"","p4_og_description":"","p4_og_image":"","p4_og_image_id":"","p4_seo_canonical_url":"","p4_campaign_name":"not set","p4_local_project":"not set","p4_basket_name":"not set","p4_department":"","footnotes":""},"categories":[2,31],"tags":[6,7,36],"p4-page-type":[],"class_list":["post-4536","post","type-post","status-publish","format-standard","has-post-thumbnail","hentry","category-clima-si-energie","category-greenpeace","tag-prosumatori-1","tag-energie-regenerabila","tag-criza-climatica"],"_links":{"self":[{"href":"https:\/\/www.greenpeace.org\/romania\/wp-json\/wp\/v2\/posts\/4536","targetHints":{"allow":["GET"]}}],"collection":[{"href":"https:\/\/www.greenpeace.org\/romania\/wp-json\/wp\/v2\/posts"}],"about":[{"href":"https:\/\/www.greenpeace.org\/romania\/wp-json\/wp\/v2\/types\/post"}],"author":[{"embeddable":true,"href":"https:\/\/www.greenpeace.org\/romania\/wp-json\/wp\/v2\/users\/34"}],"replies":[{"embeddable":true,"href":"https:\/\/www.greenpeace.org\/romania\/wp-json\/wp\/v2\/comments?post=4536"}],"version-history":[{"count":3,"href":"https:\/\/www.greenpeace.org\/romania\/wp-json\/wp\/v2\/posts\/4536\/revisions"}],"predecessor-version":[{"id":11242,"href":"https:\/\/www.greenpeace.org\/romania\/wp-json\/wp\/v2\/posts\/4536\/revisions\/11242"}],"wp:featuredmedia":[{"embeddable":true,"href":"https:\/\/www.greenpeace.org\/romania\/wp-json\/wp\/v2\/media\/4538"}],"wp:attachment":[{"href":"https:\/\/www.greenpeace.org\/romania\/wp-json\/wp\/v2\/media?parent=4536"}],"wp:term":[{"taxonomy":"category","embeddable":true,"href":"https:\/\/www.greenpeace.org\/romania\/wp-json\/wp\/v2\/categories?post=4536"},{"taxonomy":"post_tag","embeddable":true,"href":"https:\/\/www.greenpeace.org\/romania\/wp-json\/wp\/v2\/tags?post=4536"},{"taxonomy":"p4-page-type","embeddable":true,"href":"https:\/\/www.greenpeace.org\/romania\/wp-json\/wp\/v2\/p4-page-type?post=4536"}],"curies":[{"name":"wp","href":"https:\/\/api.w.org\/{rel}","templated":true}]}}