{"id":4551,"date":"2020-09-01T12:27:08","date_gmt":"2020-09-01T09:27:08","guid":{"rendered":"https:\/\/www.greenpeace.org\/romania\/?p=4551"},"modified":"2021-03-01T11:31:52","modified_gmt":"2021-03-01T08:31:52","slug":"toamna-asta-luptam-pentru-un-viitor-in-siguranta","status":"publish","type":"post","link":"https:\/\/www.greenpeace.org\/romania\/articol\/4551\/toamna-asta-luptam-pentru-un-viitor-in-siguranta\/","title":{"rendered":"Toamna asta lupt\u0103m pentru un viitor \u00een siguran\u021b\u0103"},"content":{"rendered":"\n<figure class=\"wp-block-table\"><table><tbody><tr><td><br>Toamna aceasta, institu\u021biile europene se reunesc pentru a decide viitorul Europei.&nbsp; Vor alege un viitor sumbru, cu fenomene meteo extreme \u0219i imprevizibile sau un viitor unde s\u0103n\u0103tatea, prosperitatea oamenilor \u0219i a naturii sunt pe primul loc? Este \u0219i \u00een puterea noastr\u0103 s\u0103 convingem Europa s\u0103 aleag\u0103 un viitor verde, unde combustibilii fosili (petrolul, gazele, c\u0103rbunele) r\u0103m\u00e2n \u00een p\u0103m\u00e2nt \u0219i sunt \u00eenlocui\u021bi cu energie regenerabil\u0103, iar p\u0103durile sunt conservate \u0219i extinse.<\/td><\/tr><\/tbody><\/table><\/figure>\n\n<figure class=\"wp-block-image size-large  caption-style-blue-overlay caption-alignment-center\"><img loading=\"lazy\" decoding=\"async\" width=\"807\" height=\"309\" src=\"https:\/\/www.greenpeace.org\/static\/planet4-romania-stateless\/2020\/09\/aecca436-t.jpg\" alt=\"\" class=\"wp-image-4552\" srcset=\"https:\/\/www.greenpeace.org\/static\/planet4-romania-stateless\/2020\/09\/aecca436-t.jpg 807w, https:\/\/www.greenpeace.org\/static\/planet4-romania-stateless\/2020\/09\/aecca436-t-300x115.jpg 300w, https:\/\/www.greenpeace.org\/static\/planet4-romania-stateless\/2020\/09\/aecca436-t-768x294.jpg 768w, https:\/\/www.greenpeace.org\/static\/planet4-romania-stateless\/2020\/09\/aecca436-t-510x195.jpg 510w\" sizes=\"auto, (max-width: 807px) 100vw, 807px\" \/><\/figure>\n\n<p>Mesajul comunit\u0103\u021bii oamenilor de \u0219tiin\u021b\u0103 este foarte clar.&nbsp;<strong>Va veni focul!<\/strong><\/p>\n\n<p>Dac\u0103 nu reducem emisiile de dioxid de carbon cu 65% p\u00e2n\u0103 \u00een 2030 (raportate la nivelul emisiilor din 1990) pentru a putea limita cre\u0219terea \u00eenc\u0103lzirii globale p\u00e2n\u0103 la 1.5 C, atunci vom resim\u021bi puternic efectele schimb\u0103rilor climatice. Unii dintre noi sunt deja afecta\u021bi, fie c\u0103 vorbim de culturi agricole compromise, de secarea surselor de ap\u0103, de incendii de p\u0103dure sau de valuri de c\u0103ldur\u0103 care p\u00e2rjolesc ora\u0219ele.&nbsp;<\/p>\n\n<p>Dar focul poate fi stins! Toamna aceasta este un moment esen\u021bial. \u00centr-un fel, e&nbsp;<strong>\u201cb\u0103t\u0103lia final\u0103\u201d<\/strong>&nbsp;pe care o d\u0103m cu noi \u00een\u0219ine pentru a ne proteja pe noi \u0219i singura Planet\u0103 Albastr\u0103 pe care o avem.<\/p>\n\n<figure class=\"wp-block-image size-large  caption-style-blue-overlay caption-alignment-center\"><img loading=\"lazy\" decoding=\"async\" width=\"940\" height=\"788\" src=\"https:\/\/www.greenpeace.org\/static\/planet4-romania-stateless\/2020\/09\/5110c1e3-unnamed.png\" alt=\"\" class=\"wp-image-4553\" srcset=\"https:\/\/www.greenpeace.org\/static\/planet4-romania-stateless\/2020\/09\/5110c1e3-unnamed.png 940w, https:\/\/www.greenpeace.org\/static\/planet4-romania-stateless\/2020\/09\/5110c1e3-unnamed-300x251.png 300w, https:\/\/www.greenpeace.org\/static\/planet4-romania-stateless\/2020\/09\/5110c1e3-unnamed-768x644.png 768w, https:\/\/www.greenpeace.org\/static\/planet4-romania-stateless\/2020\/09\/5110c1e3-unnamed-406x340.png 406w\" sizes=\"auto, (max-width: 940px) 100vw, 940px\" \/><\/figure>\n\n<p>Pe 10 septembrie se d\u0103 startul. Membrii Comitetului de Mediu din cadrul Parlamentului European se reunesc pentru a finaliza propunerea pentru Legea European\u0103 a Climei, lege care s\u0103 sus\u021bin\u0103 m\u0103suri eficiente pentru succesul ac\u021biunilor climatice, m\u0103suri care s\u0103 duc\u0103 la \u00eendeplinirea obiectivelor Acordului de Clim\u0103 de la Paris.&nbsp;Dac\u0103 vrem ca iarna s\u0103 nu fie ca vara, este extrem de important ca membrii Comisiei ENVI (de mediu) s\u0103 voteze pentru o reducere a emisiilor de carbon cu 65% p\u00e2n\u0103 \u00een 2030.<\/p>\n\n<p><strong>Ce po\u021bi s\u0103 faci TU? Ai \u00eencredere \u00een \u0219tiin\u021b\u0103, ac\u021bioneaz\u0103 acum!<\/strong><\/p>\n\n<p>Intr\u0103 acum pe pagina de facebook a&nbsp; europarlamentarilor rom\u00e2ni membri \u00een Comisia ENVI \u0219i cere-le s\u0103 voteze pentru o reducere a emisiilor cu 65%. Trimite mesajul de mai jos:<\/p>\n\n<blockquote class=\"wp-block-quote is-layout-flow wp-block-quote-is-layout-flow\"><p><em><strong>&#8222;Sus\u021bine\u021bi \u0219i vota\u021bi \u00een acord cu ce spune \u0219tiin\u021ba: reducerea emisiilor de dioxid de carbon cu 65% p\u00e2n\u0103 \u00een 2030. M\u0103 a\u0219tept s\u0103 ave\u021bi \u00eencredere \u00een \u0219tiin\u021b\u0103 \u0219i s\u0103 lua\u021bi deciziile de interes public \u00een cadrul \u00eent\u00e2lnirii din 10 septembrie, \u00een Comisia ENVI!&#8221;<\/strong><\/em><\/p><\/blockquote>\n\n<p><strong><a href=\"https:\/\/www.facebook.com\/PresedinteleTraianBasescu\/\" target=\"_blank\" rel=\"noreferrer noopener\">Traian B\u0103sescu, (PMP, Grupul PPE)<\/a>&nbsp;<\/strong><\/p>\n\n<p><strong><a href=\"https:\/\/www.facebook.com\/NicuStefanutaMEP\/\" target=\"_blank\" rel=\"noreferrer noopener\">Nicolae Stef\u0103nu\u021b\u0103 (USR &#8211; Grupul Renew)<\/a><\/strong><\/p>\n\n<p><strong><a href=\"https:\/\/www.facebook.com\/danstefan.motreanu\/\" target=\"_blank\" rel=\"noreferrer noopener\">Dan Motreanu (PNL, Grupul PPE)<\/a>&nbsp;<\/strong><\/p>\n\n<p><strong><a href=\"https:\/\/www.facebook.com\/TudorCiuhodaru\/\" target=\"_blank\" rel=\"noreferrer noopener\">Tudor Ciuhodaru (PSD, Grupul S&amp;D)<\/a><\/strong><\/p>\n\n<p>Dar b\u0103t\u0103lia nu se opre\u0219te aici! Este abia la \u00eenceput. Propunerea Comisiei ENVI va fi votat\u0103 \u00een plenul Parlamentului European \u00een luna octombrie. Apoi, \u0219efii de state se \u00eent\u00e2lnesc \u00een cadrul Consiliului European unde vor discuta at\u00e2t despre pachetul de recuperare economic\u0103, c\u00e2t \u0219i despre \u021bintele climatice.<\/p>\n\n<p>\u00cen final, mini\u0219trii de mediu din \u021b\u0103rile europene vor veni si ei cu un set de amendamente la Legea European\u0103 a Climei . \u00cen fiecare din aceste momente vom ac\u021biona pentru a-i convinge c\u0103&nbsp;<strong>s\u0103n\u0103tatea oamenilor \u0219i a naturii sunt&nbsp;de nepre\u021buit.<\/strong><\/p>\n\n<p><strong>#trustscience&nbsp;&amp;&nbsp;#actnow<\/strong><\/p>\n\n<p>Vestea bun\u0103 este c\u0103 nu suntem singuri. Europeni de toate v\u00e2rstele se mobilizeaz\u0103 \u00een aceast\u0103 toamn\u0103 pentru a cere un viitor mai bun, o societate s\u0103n\u0103toas\u0103, echitabil\u0103, construit\u0103 \u00een jurul binelui comun \u0219i cu grij\u0103 pentru natur\u0103.<\/p>\n\n<p>Fii \u0219i tu al\u0103turi de ei \u0219i de noi!<\/p>\n","protected":false},"excerpt":{"rendered":"<p>Toamna aceasta, institu\u021biile europene se reunesc pentru a decide viitorul Europei.&nbsp; Vor alege un viitor sumbru, cu fenomene meteo extreme \u0219i imprevizibile sau un viitor unde s\u0103n\u0103tatea, prosperitatea oamenilor \u0219i&hellip;<\/p>\n","protected":false},"author":30,"featured_media":4552,"comment_status":"open","ping_status":"closed","sticky":false,"template":"","format":"standard","meta":{"ep_exclude_from_search":false,"p4_og_title":"","p4_og_description":"","p4_og_image":"","p4_og_image_id":"","p4_seo_canonical_url":"","p4_campaign_name":"not set","p4_local_project":"not set","p4_basket_name":"not set","p4_department":"","footnotes":""},"categories":[31],"tags":[7,36,68,73],"p4-page-type":[],"class_list":["post-4551","post","type-post","status-publish","format-standard","has-post-thumbnail","hentry","category-greenpeace","tag-energie-regenerabila","tag-criza-climatica","tag-energie","tag-tranzitie-justa-1"],"_links":{"self":[{"href":"https:\/\/www.greenpeace.org\/romania\/wp-json\/wp\/v2\/posts\/4551","targetHints":{"allow":["GET"]}}],"collection":[{"href":"https:\/\/www.greenpeace.org\/romania\/wp-json\/wp\/v2\/posts"}],"about":[{"href":"https:\/\/www.greenpeace.org\/romania\/wp-json\/wp\/v2\/types\/post"}],"author":[{"embeddable":true,"href":"https:\/\/www.greenpeace.org\/romania\/wp-json\/wp\/v2\/users\/30"}],"replies":[{"embeddable":true,"href":"https:\/\/www.greenpeace.org\/romania\/wp-json\/wp\/v2\/comments?post=4551"}],"version-history":[{"count":4,"href":"https:\/\/www.greenpeace.org\/romania\/wp-json\/wp\/v2\/posts\/4551\/revisions"}],"predecessor-version":[{"id":4734,"href":"https:\/\/www.greenpeace.org\/romania\/wp-json\/wp\/v2\/posts\/4551\/revisions\/4734"}],"wp:featuredmedia":[{"embeddable":true,"href":"https:\/\/www.greenpeace.org\/romania\/wp-json\/wp\/v2\/media\/4552"}],"wp:attachment":[{"href":"https:\/\/www.greenpeace.org\/romania\/wp-json\/wp\/v2\/media?parent=4551"}],"wp:term":[{"taxonomy":"category","embeddable":true,"href":"https:\/\/www.greenpeace.org\/romania\/wp-json\/wp\/v2\/categories?post=4551"},{"taxonomy":"post_tag","embeddable":true,"href":"https:\/\/www.greenpeace.org\/romania\/wp-json\/wp\/v2\/tags?post=4551"},{"taxonomy":"p4-page-type","embeddable":true,"href":"https:\/\/www.greenpeace.org\/romania\/wp-json\/wp\/v2\/p4-page-type?post=4551"}],"curies":[{"name":"wp","href":"https:\/\/api.w.org\/{rel}","templated":true}]}}