{"id":4597,"date":"2020-09-08T12:12:33","date_gmt":"2020-09-08T09:12:33","guid":{"rendered":"https:\/\/www.greenpeace.org\/romania\/?p=4597"},"modified":"2021-03-01T10:47:35","modified_gmt":"2021-03-01T07:47:35","slug":"scrisoare-deschisa-adresata-domnului-dan-catalin-vatamanu-noul-presedinte-al-administratiei-fondului-pentru-mediu","status":"publish","type":"post","link":"https:\/\/www.greenpeace.org\/romania\/articol\/4597\/scrisoare-deschisa-adresata-domnului-dan-catalin-vatamanu-noul-presedinte-al-administratiei-fondului-pentru-mediu\/","title":{"rendered":"Scrisoare deschis\u0103 adresat\u0103 domnului Dan-C\u0103t\u0103lin Vatamanu, noul pre\u0219edinte al Administra\u021biei Fondului pentru Mediu"},"content":{"rendered":"\n<p>Domnule pre\u0219edinte, <\/p>\n\n<p>V\u0103 ur\u0103m bun venit la conducerea Administra\u021biei Fondului pentru Mediu!&nbsp;<\/p>\n\n<p>Greenpeace Rom\u00e2nia urm\u0103re\u0219te activitatea acestei institu\u021bii \u0219i cu prec\u0103dere, \u00een ultimii doi ani, monitorizeaz\u0103 implementarea programului de finan\u021bare destinat cet\u0103\u021benilor care doresc s\u0103 devin\u0103 prosumatori, Casa Verde Fotovoltaice.<\/p>\n\n<p>De la deschiderea acestui program a trecut mai bine de un an \u0219i jum\u0103tate, iar de la anun\u021barea lui sunt doi ani. Rezultatele sunt dezam\u0103gitoare. Aproape jum\u0103tate dintre cet\u0103\u021benii care au aplicat la Casa Verde Fotovoltaice au fost respin\u0219i, cei mai mul\u021bi pe motive incorecte, dup\u0103 ce au fost indu\u0219i \u00een eroare de institu\u021bia pe care acum o coordona\u021bi. Pia\u021ba de fotovoltaice a fost blocat\u0103 de acest program \u0219i multe firme de profil, validate \u00een program, sunt \u00een pragul falimentului. Au fost luni \u00eentregi de am\u00e2n\u0103ri, multe minciuni spuse cu non\u0219alan\u021b\u0103 c\u0103tre mass-media de c\u0103tre reprezentan\u021bii institu\u021biei \u0219i lips\u0103 de comunicare tocmai atunci c\u00e2nd oamenii aveau nevoie de ajutor \u0219i l\u0103muriri. Acesta este \u0219i motivul pentru care Greenpeace a cerut <a href=\"https:\/\/www.greenpeace.org\/romania\/articol\/4517\/10-motive-pentru-care-ministrul-costel-alexe-trebuie-sa-demita-actuala-conducere-a-afm-si-sa-reformeze-institutia-care-implementeaza-proiecte-de-mediu-in-romania\/\">demiterea conducerii \u0219i reformarea AFM<\/a>.<\/p>\n\n<figure class=\"wp-block-image size-large  caption-style-blue-overlay caption-alignment-center\"><img loading=\"lazy\" decoding=\"async\" width=\"800\" height=\"533\" src=\"https:\/\/www.greenpeace.org\/static\/planet4-romania-stateless\/2020\/09\/e44cf005-gp0stpogx_web_size.jpg\" alt=\"\" class=\"wp-image-4598\" srcset=\"https:\/\/www.greenpeace.org\/static\/planet4-romania-stateless\/2020\/09\/e44cf005-gp0stpogx_web_size.jpg 800w, https:\/\/www.greenpeace.org\/static\/planet4-romania-stateless\/2020\/09\/e44cf005-gp0stpogx_web_size-300x200.jpg 300w, https:\/\/www.greenpeace.org\/static\/planet4-romania-stateless\/2020\/09\/e44cf005-gp0stpogx_web_size-768x512.jpg 768w, https:\/\/www.greenpeace.org\/static\/planet4-romania-stateless\/2020\/09\/e44cf005-gp0stpogx_web_size-510x340.jpg 510w\" sizes=\"auto, (max-width: 800px) 100vw, 800px\" \/><\/figure>\n\n<p>Nu ave\u021bi un mandat u\u0219or. Sunte\u021bi al patrulea pre\u0219edinte al AFM de la \u00eenceperea programului Casa Verde Fotovoltaice \u0219i al treilea \u00een 2020. Sper\u0103m s\u0103 v\u0103 asuma\u021bi o transformare \u00een bine a acestei institu\u021bii. Este nevoie de o schimbare imediat\u0103 de atitudine fa\u021b\u0103 de cet\u0103\u021beni.<\/p>\n\n<p>\u00cen acest context, v\u0103 adres\u0103m c\u00e2teva \u00eentreb\u0103ri pentru a \u00een\u021belege mai bine abordarea dumneavoastr\u0103:&nbsp;<\/p>\n\n<ol class=\"wp-block-list\"><li>Ce considera\u021bi c\u0103 v\u0103 recomand\u0103 pentru pozi\u021bia de pre\u0219edinte al Administra\u021biei Fondului pentru Mediu?<\/li><li>Cum ve\u021bi gestiona conflictul dintre rolurile de candidat la prim\u0103ria Baia de Aram\u0103 (\u0219i poten\u021bial primar) \u0219i de pre\u0219edinte al Administra\u021biei Fondului pentru Mediu? De ce a\u021bi ales s\u0103 juca\u021bi acest dublu-rol?<\/li><li>Cum ve\u021bi rezolva problema celor respin\u0219i, pe nedrept, \u00een programul Casa Verde Fotovoltaice, mai ales cei respin\u0219i din motivul documentelor \u201eexpirate\u201d?<\/li><li>Cum ve\u021bi continua s\u0103 derula\u021bi programul Casa Verde Fotovoltaice, av\u00e2nd \u00een vedere angajamentele publice luate de fostul pre\u0219edinte, doamna Andreea Kohalmi-Szabo?&nbsp; (lansarea unui nou ghid de finan\u021bare \u00een august 2020 &#8211; dezbatere public\u0103 pe acest ghid \u00een septembrie 2020 &#8211; lansarea unei noi sesiuni de finan\u021bare \u00een octombrie 2020)<\/li><li>Ce demersuri concrete pentru reformarea AFM ve\u021bi \u00eentreprinde?<\/li><\/ol>\n\n<p>V\u0103 mul\u021bumim \u0219i v\u0103 ur\u0103m mult succes!<\/p>\n","protected":false},"excerpt":{"rendered":"<p>Domnule pre\u0219edinte,<\/p>\n","protected":false},"author":29,"featured_media":4598,"comment_status":"open","ping_status":"closed","sticky":false,"template":"","format":"standard","meta":{"ep_exclude_from_search":false,"p4_og_title":"","p4_og_description":"","p4_og_image":"","p4_og_image_id":"","p4_seo_canonical_url":"","p4_campaign_name":"not set","p4_local_project":"not set","p4_basket_name":"not set","p4_department":"","footnotes":""},"categories":[31],"tags":[6,7],"p4-page-type":[],"class_list":["post-4597","post","type-post","status-publish","format-standard","has-post-thumbnail","hentry","category-greenpeace","tag-prosumatori-1","tag-energie-regenerabila"],"_links":{"self":[{"href":"https:\/\/www.greenpeace.org\/romania\/wp-json\/wp\/v2\/posts\/4597","targetHints":{"allow":["GET"]}}],"collection":[{"href":"https:\/\/www.greenpeace.org\/romania\/wp-json\/wp\/v2\/posts"}],"about":[{"href":"https:\/\/www.greenpeace.org\/romania\/wp-json\/wp\/v2\/types\/post"}],"author":[{"embeddable":true,"href":"https:\/\/www.greenpeace.org\/romania\/wp-json\/wp\/v2\/users\/29"}],"replies":[{"embeddable":true,"href":"https:\/\/www.greenpeace.org\/romania\/wp-json\/wp\/v2\/comments?post=4597"}],"version-history":[{"count":5,"href":"https:\/\/www.greenpeace.org\/romania\/wp-json\/wp\/v2\/posts\/4597\/revisions"}],"predecessor-version":[{"id":4733,"href":"https:\/\/www.greenpeace.org\/romania\/wp-json\/wp\/v2\/posts\/4597\/revisions\/4733"}],"wp:featuredmedia":[{"embeddable":true,"href":"https:\/\/www.greenpeace.org\/romania\/wp-json\/wp\/v2\/media\/4598"}],"wp:attachment":[{"href":"https:\/\/www.greenpeace.org\/romania\/wp-json\/wp\/v2\/media?parent=4597"}],"wp:term":[{"taxonomy":"category","embeddable":true,"href":"https:\/\/www.greenpeace.org\/romania\/wp-json\/wp\/v2\/categories?post=4597"},{"taxonomy":"post_tag","embeddable":true,"href":"https:\/\/www.greenpeace.org\/romania\/wp-json\/wp\/v2\/tags?post=4597"},{"taxonomy":"p4-page-type","embeddable":true,"href":"https:\/\/www.greenpeace.org\/romania\/wp-json\/wp\/v2\/p4-page-type?post=4597"}],"curies":[{"name":"wp","href":"https:\/\/api.w.org\/{rel}","templated":true}]}}