{"id":4603,"date":"2020-09-10T17:53:36","date_gmt":"2020-09-10T14:53:36","guid":{"rendered":"https:\/\/www.greenpeace.org\/romania\/?p=4603"},"modified":"2021-03-01T10:32:59","modified_gmt":"2021-03-01T07:32:59","slug":"fondul-pentru-tranzitie-justa-deturnat-de-doi-europarlamentari-romani-dar-mai-avem-o-sansa","status":"publish","type":"post","link":"https:\/\/www.greenpeace.org\/romania\/articol\/4603\/fondul-pentru-tranzitie-justa-deturnat-de-doi-europarlamentari-romani-dar-mai-avem-o-sansa\/","title":{"rendered":"Fondul pentru Tranzi\u021bie Just\u0103 deturnat de doi europarlamentari rom\u00e2ni &#8211; dar mai avem o \u0219ans\u0103"},"content":{"rendered":"\n<p>\u00cen 14 septembrie Parlamentul European va decide dac\u0103 va permite deturnarea Fondului pentru Tranzi\u021bie Just\u0103, un fond \u00een valoare de 17,5 miliarde de euro menit s\u0103 ajute comunit\u0103\u021bile din Europa dependente de combustibili fosili s\u0103 realizeze tranzi\u021bia c\u0103tre o economie diversificat\u0103 \u0219i echitabil\u0103, cu zero emisii de carbon.<\/p>\n\n<figure class=\"wp-block-image size-large caption-style-blue-overlay caption-alignment-center\"><img loading=\"lazy\" decoding=\"async\" width=\"1024\" height=\"577\" src=\"https:\/\/www.greenpeace.org\/static\/planet4-romania-stateless\/2020\/09\/6e2e34ee-whatsapp-image-2020-09-10-at-17.33.58-1024x577.jpeg\" alt=\"\" class=\"wp-image-4604\" srcset=\"https:\/\/www.greenpeace.org\/static\/planet4-romania-stateless\/2020\/09\/6e2e34ee-whatsapp-image-2020-09-10-at-17.33.58-1024x577.jpeg 1024w, https:\/\/www.greenpeace.org\/static\/planet4-romania-stateless\/2020\/09\/6e2e34ee-whatsapp-image-2020-09-10-at-17.33.58-300x169.jpeg 300w, https:\/\/www.greenpeace.org\/static\/planet4-romania-stateless\/2020\/09\/6e2e34ee-whatsapp-image-2020-09-10-at-17.33.58-768x432.jpeg 768w, https:\/\/www.greenpeace.org\/static\/planet4-romania-stateless\/2020\/09\/6e2e34ee-whatsapp-image-2020-09-10-at-17.33.58-1536x865.jpeg 1536w, https:\/\/www.greenpeace.org\/static\/planet4-romania-stateless\/2020\/09\/6e2e34ee-whatsapp-image-2020-09-10-at-17.33.58-510x287.jpeg 510w, https:\/\/www.greenpeace.org\/static\/planet4-romania-stateless\/2020\/09\/6e2e34ee-whatsapp-image-2020-09-10-at-17.33.58.jpeg 1600w\" sizes=\"auto, (max-width: 1024px) 100vw, 1024px\" \/><\/figure>\n\n<p>Situa\u021bia a devenit problematic\u0103 \u0219i risc\u0103 s\u0103 blocheze decarbonizarea continentului, odat\u0103 cu adoptarea unor amendamente de c\u0103tre Comisia REGI (Dezvoltare Regional\u0103) \u00een data de 8 iulie, amendamente care permit finan\u021barea proiectelor pe baz\u0103 de gaze fosile. La nivel european, <a href=\"https:\/\/www.digi24.ro\/stiri\/economie\/digi-economic\/reuters-marii-jucatori-din-energie-fac-lobby-la-bruxelles-sa-nu-fie-exclusi-de-pe-lista-verde-miza-miliarde-de-euro-1358215\">presa a vorbit<\/a> de un lobby puternic din partea industriei gazelor naturale pentru a nu fi exclu\u0219i de a finan\u021b\u0103ri.&nbsp;<\/p>\n\n<p>Ini\u021biatorii amendamentului \u00een cadrul Comisiei REGI sunt europarlamentarii rom\u00e2ni Cristian Ghinea \u0219i Vlad Boto\u0219. Pozi\u021bia Comisiei REGI vine \u00een contradic\u021bie cu obiectivele Comisiei Europene \u0219i ale Consiliului UE, care nu sus\u021bin finan\u021barea gazului cu bani din Fondul pentru Tranzi\u021bie Just\u0103.&nbsp;<\/p>\n\n<p>Membrii Parlamentului European au posibilitatea s\u0103 rectifice situa\u021bia pe 14 septembrie, prin eliminarea acestor amendamente care permit finan\u021barea gazelor fosile din fonduri destinate \u00een mod firesc pentru implementarea tehnologiei \u0219i infrastructurii pentru energie verde \u0219i accesibil\u0103, pentru reducerea emisiilor de gaze cu efect de ser\u0103, bani care s\u0103 ne ajute s\u0103 cre\u0219tem eficien\u021ba energetic\u0103 \u0219i mai ales s\u0103 cre\u0219tem procentul de energie din surse regenerabile.&nbsp;<\/p>\n\n<p>Pentru a fi cu adev\u0103rat eficient, Mecanismul pentru Tranzi\u021bie Just\u0103 ar trebui s\u0103 \u00eendeplineasc\u0103 trei condi\u021bii:&nbsp;<\/p>\n\n<ul class=\"wp-block-list\"><li>s\u0103 elimine finan\u021barea gazelor \u0219i a altor combustibili fosili &#8211;&nbsp; s\u0103 finan\u021beze doar proiecte&nbsp; \u00een conformitate cu o Europ\u0103 durabil\u0103 \u0219i neutr\u0103 din punct de vedere climatic p\u00e2n\u0103 \u00een 2040;<\/li><li>pentru accesarea fondurilor, planurile depuse trebuie aliniate la obiectivele UE privind schimb\u0103rile climatice; s\u0103 recompenseze ambi\u021bia climatic\u0103 \u0219i s\u0103 includ\u0103 date de eliminare treptat\u0103 a c\u0103rbunelui p\u00e2n\u0103 \u00een 2030 \u0219i date de eliminare treptat\u0103 a gazelor p\u00e2n\u0103 \u00een&nbsp; 2035;&nbsp;<\/li><li>s\u0103 \u00eencurajeze \u0219i s\u0103 permit\u0103 parteneriate eficiente, sprijinind transparen\u021ba \u0219i implicarea, inclusiv din partea societ\u0103\u021bii civile, a administra\u021biilor locale \u0219i a sindicatelor.<\/li><\/ul>\n\n<h2 class=\"wp-block-heading\">De ce nu gaz fosil?&nbsp;<\/h2>\n\n<p>Gazul natural a fost prezentat ca fiind \u201ecombustibilul de tranzi\u021bie\u201d (bridge fuel), care s\u0103 ne &#8222;ajute&#8221; sa facem trecerea de la c\u0103rbune la energii regenerabile. Dar \u00een realitate gazul fosil este o alt\u0103 surs\u0103 de energie care accelereaz\u0103 schimb\u0103rile climatice, prin emisiile extrem de ridicate de metan, av\u00e2nd efecte catastrofale asupra oamenilor \u0219i a naturii \u00een general, a\u0219a cum reiese din<a href=\"http:\/\/energywatchgroup.org\/wp-content\/uploads\/EWG_Natural_Gas_Study_September_2019.pdf\"> studiu<\/a>l realizat de Energy Watch Group. Acest aspect intr\u0103 \u00een contradic\u021bie total\u0103 cu obiectivele Fondului pentru Tranzi\u021bie Just\u0103, care urm\u0103resc o tranzi\u021bie energetic\u0103 c\u0103tre o economie cu zero emisii de carbon, pentru a evita un colaps ecologic. Gazul fosil nu poate fi privit ca un combustibil de tranzi\u021bie at\u00e2ta timp c\u00e2t \u00eempiedic\u0103 \u00eendeplinirea obiectivelor asumate prin semnarea Acordului de Clim\u0103 de la Paris. Dac\u0103 vrem s\u0103 ascult\u0103m comunitatea oamenilor de \u0219tiin\u021b\u0103 \u0219i s\u0103 limit\u0103m cre\u0219terea temperaturii globale la 1.5 C, suntem nevoi\u021bi s\u0103 renun\u021b\u0103m la gazele naturale. Referitor la locurile de munc\u0103 \u201emulte \u0219i decente\u201d create de industria gazului, sunt cifre care ne demonstreaz\u0103 <a href=\"https:\/\/irena.org\/publications\/2020\/Jun\/Post-COVID-Recovery\">contrariul<\/a>. Fiecare milion de euro investit \u00een energii regenerabile creeaz\u0103 de trei ori mai multe locuri de munc\u0103 dec\u00e2t industria combustibililor fosili.&nbsp;<\/p>\n\n<p>25 de organiza\u021bii au trimis o <a href=\"https:\/\/wwfeu.awsassets.panda.org\/downloads\/0920_coalition_letter_keep_the_just_transition_fund_fossil_free.pdf\">scrisoare<\/a> mar\u021bi, 8 septembrie, \u0219efilor grupurilor politice, solicit\u00e2nd Parlamentului s\u0103 resping\u0103 orice deschidere pentru gazele naturale \u0219i s\u0103 se asigure c\u0103 Fondul pentru Tranzi\u021bie Just\u0103 va sprijini statele membre care \u00ee\u0219i propun o tranzi\u021bie energetic\u0103 ambi\u021bioas\u0103.&nbsp;<\/p>\n\n<p>Faptul c\u0103 doi europarlamentari rom\u00e2ni au fost printre cei mai vocali sus\u021bin\u0103tori ai gazului ne pozi\u021bioneaz\u0103 din nou la nivel european ca o \u021bar\u0103 r\u0103mas\u0103 \u00een urm\u0103, tem\u0103toare fa\u021b\u0103 de viitor \u0219i insuficient atent\u0103 la interesul cet\u0103\u021benilor pe termen lung.&nbsp;<\/p>\n\n<p>S\u0103 sper\u0103m c\u0103 restul europarlamentarilor vor fi suficient de aler\u021bi pentru a respinge amendamentele-problem\u0103, \u00een 14 septembrie.<\/p>\n","protected":false},"excerpt":{"rendered":"<p>\u00cen 14 septembrie Parlamentul European va decide dac\u0103 va permite deturnarea Fondului pentru Tranzi\u021bie Just\u0103,<\/p>\n","protected":false},"author":30,"featured_media":4604,"comment_status":"open","ping_status":"closed","sticky":false,"template":"","format":"standard","meta":{"ep_exclude_from_search":false,"p4_og_title":"","p4_og_description":"","p4_og_image":"","p4_og_image_id":"","p4_seo_canonical_url":"","p4_campaign_name":"not set","p4_local_project":"not set","p4_basket_name":"not set","p4_department":"","footnotes":""},"categories":[2],"tags":[7,35,36,68,73],"p4-page-type":[],"class_list":["post-4603","post","type-post","status-publish","format-standard","has-post-thumbnail","hentry","category-clima-si-energie","tag-energie-regenerabila","tag-poluare","tag-criza-climatica","tag-energie","tag-tranzitie-justa-1"],"_links":{"self":[{"href":"https:\/\/www.greenpeace.org\/romania\/wp-json\/wp\/v2\/posts\/4603","targetHints":{"allow":["GET"]}}],"collection":[{"href":"https:\/\/www.greenpeace.org\/romania\/wp-json\/wp\/v2\/posts"}],"about":[{"href":"https:\/\/www.greenpeace.org\/romania\/wp-json\/wp\/v2\/types\/post"}],"author":[{"embeddable":true,"href":"https:\/\/www.greenpeace.org\/romania\/wp-json\/wp\/v2\/users\/30"}],"replies":[{"embeddable":true,"href":"https:\/\/www.greenpeace.org\/romania\/wp-json\/wp\/v2\/comments?post=4603"}],"version-history":[{"count":3,"href":"https:\/\/www.greenpeace.org\/romania\/wp-json\/wp\/v2\/posts\/4603\/revisions"}],"predecessor-version":[{"id":4607,"href":"https:\/\/www.greenpeace.org\/romania\/wp-json\/wp\/v2\/posts\/4603\/revisions\/4607"}],"wp:featuredmedia":[{"embeddable":true,"href":"https:\/\/www.greenpeace.org\/romania\/wp-json\/wp\/v2\/media\/4604"}],"wp:attachment":[{"href":"https:\/\/www.greenpeace.org\/romania\/wp-json\/wp\/v2\/media?parent=4603"}],"wp:term":[{"taxonomy":"category","embeddable":true,"href":"https:\/\/www.greenpeace.org\/romania\/wp-json\/wp\/v2\/categories?post=4603"},{"taxonomy":"post_tag","embeddable":true,"href":"https:\/\/www.greenpeace.org\/romania\/wp-json\/wp\/v2\/tags?post=4603"},{"taxonomy":"p4-page-type","embeddable":true,"href":"https:\/\/www.greenpeace.org\/romania\/wp-json\/wp\/v2\/p4-page-type?post=4603"}],"curies":[{"name":"wp","href":"https:\/\/api.w.org\/{rel}","templated":true}]}}