{"id":4618,"date":"2020-09-16T15:22:09","date_gmt":"2020-09-16T12:22:09","guid":{"rendered":"https:\/\/www.greenpeace.org\/romania\/?p=4618"},"modified":"2021-03-01T11:31:51","modified_gmt":"2021-03-01T08:31:51","slug":"parlamentul-european-a-votat-bani-publici-din-fondul-pentru-tranzitie-justa-investiti-in-gaze-naturale","status":"publish","type":"post","link":"https:\/\/www.greenpeace.org\/romania\/articol\/4618\/parlamentul-european-a-votat-bani-publici-din-fondul-pentru-tranzitie-justa-investiti-in-gaze-naturale\/","title":{"rendered":"Parlamentul european a votat: bani publici din Fondul pentru Tranzi\u021bie Just\u0103 investi\u021bi \u00een gaze naturale"},"content":{"rendered":"\n<p><\/p>\n\n<p>Parlamentarii europeni au votat amendamentul la Fondul pentru Tranzi\u021bie Just\u0103 care permite investi\u021biile \u00een gaze naturale din bani publici destina\u021bi dezvolt\u0103rii comunit\u0103\u021bilor dependente de industriile poluante.\u00a0<\/p>\n\n<p>Fondurile europene alocate noilor investi\u021bii, \u0219i a\u0219a insuficiente pe termen lung, ar fi trebuit s\u0103 vin\u0103 \u00een sprijinul acelor regiuni care se bazau puternic pe industria c\u0103rbunelui, dar care au un poten\u021bial natural fantastic pentru a face tranzi\u021bia spre o economie din surse regenerabile, curate.&nbsp;<\/p>\n\n<p>Acum \u0219ase luni, guvernele UE au agreat s\u0103 exclud\u0103 toate proiectele de combustibili fosili \u0219i energie nuclear\u0103 din poten\u021bialul fond al beneficiarilor, \u00een linie cu recomand\u0103rile Comisiei Europene. Totu\u0219i, \u00een ciuda numeroaselor avertismente din partea oamenilor de \u0219tiin\u021b\u0103, a nevoii de a accelera tranzi\u021bia direct\u0103 spre surse de energie f\u0103r\u0103 emisii poluante, f\u0103r\u0103 solu\u021bii intermediare ineficiente \u0219i extrem de costisitoare, deciden\u021bii politici ignor\u0103 \u00eenc\u0103 o dat\u0103 faptele \u0219i consecin\u021bele \u0219i dau und\u0103 verde actorilor din industria petrolului \u0219i gazelor, care, de altfel, ar fi singurii beneficiari reali.&nbsp;<\/p>\n\n<p>Amendamentul votat \u00eencalc\u0103 astfel at\u00e2t ra\u021bionamentul general al acestor investi\u021bii, c\u00e2t \u0219i angajamentele climatice la nivel european, compromi\u021b\u00e2nd major viitorul comunit\u0103\u021bilor direct afectate \u0219i \u0219ansa Rom\u00e2niei de a-\u0219i atinge obiectivele asumate prin semnarea Tratatului de Clim\u0103 de la Paris.<\/p>\n\n<p><em>\u201cEste ridicol s\u0103 vorbe\u0219ti despre tranzi\u021bie energetic\u0103 verde \u00een timp ce finan\u021bezi industria gazelor fosile. Singurii care vor beneficia de pe urma acestor bani publici vor fi industriile gazelor, \u00een detrimentul comunit\u0103\u021bilor care aveau mare nevoie de aceste finan\u021b\u0103ri pentru locuri de munc\u0103, infrastructura, diversificare economic\u0103 verde \u0219i \u00een general pentru proiecte care s\u0103 \u00eei fereasc\u0103 \u00een viitor de noi tranzi\u021bii. R\u0103m\u00e2ne de v\u0103zut cum va beneficia Valea Jiului, al\u0103turi de celelalte 5 regiuni din Rom\u00e2nia, de acest Fond care, \u00een forma actual\u0103, pare mai degrab\u0103 f\u0103cut cu dedica\u021bie pentru dezvoltarea industriilor poluante dec\u00e2t pentru dezvoltarea comunit\u0103\u021bilor.\u201d (Vlad C\u0103tun\u0103, Coordonator campanie Clim\u0103 &amp; Energie)<\/em><\/p>\n\n<p>64 de ONG-uri au cerut Parlamentului UE s\u0103 asigure c\u0103 Fondul pentru Tranzi\u021bie Just\u0103 nu va include investi\u021bii \u00een combustibili fosili \u0219i c\u0103 va fi \u00een acord cu angajamentele climatice europene.<\/p>\n","protected":false},"excerpt":{"rendered":"<p>Parlamentarii europeni au votat amendamentul la Fondul pentru Tranzi\u021bie Just\u0103 care permite investi\u021biile \u00een gaze naturale din bani publici destina\u021bi pentru dezvoltarea comunit\u0103\u021bilor dependente de industriile poluante.&nbsp;<\/p>\n","protected":false},"author":30,"featured_media":4619,"comment_status":"open","ping_status":"closed","sticky":false,"template":"","format":"standard","meta":{"ep_exclude_from_search":false,"p4_og_title":"","p4_og_description":"","p4_og_image":"","p4_og_image_id":"","p4_seo_canonical_url":"","p4_campaign_name":"not set","p4_local_project":"not set","p4_basket_name":"not set","p4_department":"","footnotes":""},"categories":[2,31],"tags":[7,36,68,73],"p4-page-type":[],"class_list":["post-4618","post","type-post","status-publish","format-standard","has-post-thumbnail","hentry","category-clima-si-energie","category-greenpeace","tag-energie-regenerabila","tag-criza-climatica","tag-energie","tag-tranzitie-justa-1"],"_links":{"self":[{"href":"https:\/\/www.greenpeace.org\/romania\/wp-json\/wp\/v2\/posts\/4618","targetHints":{"allow":["GET"]}}],"collection":[{"href":"https:\/\/www.greenpeace.org\/romania\/wp-json\/wp\/v2\/posts"}],"about":[{"href":"https:\/\/www.greenpeace.org\/romania\/wp-json\/wp\/v2\/types\/post"}],"author":[{"embeddable":true,"href":"https:\/\/www.greenpeace.org\/romania\/wp-json\/wp\/v2\/users\/30"}],"replies":[{"embeddable":true,"href":"https:\/\/www.greenpeace.org\/romania\/wp-json\/wp\/v2\/comments?post=4618"}],"version-history":[{"count":3,"href":"https:\/\/www.greenpeace.org\/romania\/wp-json\/wp\/v2\/posts\/4618\/revisions"}],"predecessor-version":[{"id":4622,"href":"https:\/\/www.greenpeace.org\/romania\/wp-json\/wp\/v2\/posts\/4618\/revisions\/4622"}],"wp:featuredmedia":[{"embeddable":true,"href":"https:\/\/www.greenpeace.org\/romania\/wp-json\/wp\/v2\/media\/4619"}],"wp:attachment":[{"href":"https:\/\/www.greenpeace.org\/romania\/wp-json\/wp\/v2\/media?parent=4618"}],"wp:term":[{"taxonomy":"category","embeddable":true,"href":"https:\/\/www.greenpeace.org\/romania\/wp-json\/wp\/v2\/categories?post=4618"},{"taxonomy":"post_tag","embeddable":true,"href":"https:\/\/www.greenpeace.org\/romania\/wp-json\/wp\/v2\/tags?post=4618"},{"taxonomy":"p4-page-type","embeddable":true,"href":"https:\/\/www.greenpeace.org\/romania\/wp-json\/wp\/v2\/p4-page-type?post=4618"}],"curies":[{"name":"wp","href":"https:\/\/api.w.org\/{rel}","templated":true}]}}