{"id":4902,"date":"2020-10-28T14:41:23","date_gmt":"2020-10-28T11:41:23","guid":{"rendered":"https:\/\/www.greenpeace.org\/romania\/?p=4902"},"modified":"2022-03-11T15:01:23","modified_gmt":"2022-03-11T12:01:23","slug":"romania-are-nevoie-urgent-de-o-bariera-verde-11-milioane-de-romani-in-pericol","status":"publish","type":"post","link":"https:\/\/www.greenpeace.org\/romania\/articol\/4902\/romania-are-nevoie-urgent-de-o-bariera-verde-11-milioane-de-romani-in-pericol\/","title":{"rendered":"Rom\u00e2nia are nevoie urgent de o Barier\u0103 Verde. 11 milioane de rom\u00e2ni \u00een pericol"},"content":{"rendered":"\n<p class=\"has-crimson-color has-text-color\" style=\"font-size:22px\"><strong><em>Greenpeace avertizeaz\u0103 c\u0103 dispari\u021bia p\u0103durilor \u0219i a perdelelor forestiere din zonele de c\u00e2mpie amenin\u021b\u0103 siguran\u021ba na\u021bional\u0103<\/em><\/strong><\/p>\n\n<figure class=\"wp-block-image size-large caption-style-medium caption-alignment-center\"><img loading=\"lazy\" decoding=\"async\" width=\"1024\" height=\"682\" src=\"https:\/\/www.greenpeace.org\/static\/planet4-romania-stateless\/2020\/10\/dc1dd764-2-ioana-moldovan-greenpeace-1024x682.jpg\" alt=\"\" class=\"wp-image-4903\" srcset=\"https:\/\/www.greenpeace.org\/static\/planet4-romania-stateless\/2020\/10\/dc1dd764-2-ioana-moldovan-greenpeace-1024x682.jpg 1024w, https:\/\/www.greenpeace.org\/static\/planet4-romania-stateless\/2020\/10\/dc1dd764-2-ioana-moldovan-greenpeace-300x200.jpg 300w, https:\/\/www.greenpeace.org\/static\/planet4-romania-stateless\/2020\/10\/dc1dd764-2-ioana-moldovan-greenpeace-768x512.jpg 768w, https:\/\/www.greenpeace.org\/static\/planet4-romania-stateless\/2020\/10\/dc1dd764-2-ioana-moldovan-greenpeace-1536x1024.jpg 1536w, https:\/\/www.greenpeace.org\/static\/planet4-romania-stateless\/2020\/10\/dc1dd764-2-ioana-moldovan-greenpeace-510x340.jpg 510w, https:\/\/www.greenpeace.org\/static\/planet4-romania-stateless\/2020\/10\/dc1dd764-2-ioana-moldovan-greenpeace.jpg 2000w\" sizes=\"auto, (max-width: 1024px) 100vw, 1024px\" \/><figcaption><em>Ferm\u0103 afectat\u0103 de secet\u0103, Dobrogea, 2020. Foto:&nbsp;<a rel=\"noreferrer noopener\" href=\"http:\/\/www.ioanamoldovan.com\/\" target=\"_blank\">Ioana Moldovan<\/a>&nbsp;\/&nbsp;<a rel=\"noreferrer noopener\" href=\"http:\/\/www.greenpeace.ro\/\" target=\"_blank\">Greenpeace Rom\u00e2nia<\/a><\/em><\/figcaption><\/figure>\n\n<p class=\"has-medium-font-size\"><strong>Greenpeace Rom\u00e2nia<\/strong>&nbsp;lanseaz\u0103 \u201e<a rel=\"noreferrer noopener\" href=\"https:\/\/greenpeace.barieraverde.ro\/\" target=\"_blank\"><strong>Bariera Verde<\/strong><\/a>\u201d, o campanie pentru replantarea perdelelor forestiere \u0219i a p\u0103durilor de protec\u021bie din zonele de c\u00e2mpie. Actorul&nbsp;<strong>Marcel Iure\u0219<\/strong>&nbsp;se al\u0103tur\u0103 acestui demers ca narator al unei anima\u021bii care explic\u0103 urgen\u021ba pe care milioane de rom\u00e2ni o resimt pe propria piele.<\/p>\n\n<figure class=\"wp-block-embed is-type-video is-provider-youtube wp-block-embed-youtube wp-embed-aspect-16-9 wp-has-aspect-ratio\"><div class=\"wp-block-embed__wrapper\">\n<lite-youtube style=\"background-image: url('https:\/\/i.ytimg.com\/vi\/VtS4AyjGV4I\/hqdefault.jpg');\" videoid=\"VtS4AyjGV4I\" params=\"rel=0\"><\/lite-youtube>\n<\/div><figcaption><em>Bariera Verde. Povestea lui Codru\u021b (narat\u0103 de&nbsp;<a rel=\"noreferrer noopener\" href=\"https:\/\/en.wikipedia.org\/wiki\/Marcel_Iure%C8%99\" target=\"_blank\">Marcel Iure\u0219<\/a>)<\/em><\/figcaption><\/figure>\n\n<p><\/p>\n\n<p>\u00cen urm\u0103torii 30 de ani, peste&nbsp;<strong>40% din teritoriul Rom\u00e2niei<\/strong>&nbsp;va deveni o&nbsp;<strong>step\u0103 arid\u0103<\/strong>. Model\u0103rile climatologilor indic\u0103, \u00eentr-un scenariu moderat, c\u0103 peste 11 milioane de rom\u00e2ni vor fi afecta\u021bi de cre\u0219terea temperaturilor, reducerea drastic\u0103 a&nbsp;rezervelor de ap\u0103 \u0219i&nbsp;de\u0219ertificare.&nbsp;<strong>Seceta va deveni noul normal.<\/strong><\/p>\n\n<p><a href=\"http:\/\/www.meteoromania.ro\/\" target=\"_blank\" rel=\"noreferrer noopener\">ANM<\/a> a emis&nbsp;<strong>132 de Coduri Ro\u0219ii<\/strong>&nbsp;\u00een vara lui 2020,&nbsp;<strong>cele mai multe din istoria meteorologiei<\/strong>. Criza climatic\u0103 nu ocole\u0219te Rom\u00e2nia. Mai avem pu\u021bin timp pentru a preg\u0103ti o defensiv\u0103. Nu e de ajuns s\u0103 protej\u0103m p\u0103durile care ne-au mai r\u0103mas \u00een mun\u021bi, \u0219i acestea afectate masiv de t\u0103ieri ilegale. Avem nevoie de o&nbsp;<strong>re\u021bea forestier\u0103 na\u021bional\u0103<\/strong>&nbsp;care s\u0103 protejeze ora\u0219ele,&nbsp;comunit\u0103\u021bile cele mai vulnerabile \u0219i terenurile agricole.<\/p>\n\n<figure class=\"wp-block-image size-large caption-style-medium caption-alignment-center\"><img loading=\"lazy\" decoding=\"async\" width=\"5906\" height=\"3668\" src=\"https:\/\/www.greenpeace.org\/static\/planet4-romania-stateless\/2020\/10\/62da5700-paula-rusu-greenpeace.png\" alt=\"\" class=\"wp-image-4904\" srcset=\"https:\/\/www.greenpeace.org\/static\/planet4-romania-stateless\/2020\/10\/62da5700-paula-rusu-greenpeace.png 5906w, https:\/\/www.greenpeace.org\/static\/planet4-romania-stateless\/2020\/10\/62da5700-paula-rusu-greenpeace-510x317.png 510w\" sizes=\"auto, (max-width: 5906px) 100vw, 5906px\" \/><figcaption><em>Ilustra\u021bie de&nbsp;<a rel=\"noreferrer noopener\" href=\"https:\/\/paularusu.com\/\" target=\"_blank\">Paula Rusu<\/a>&nbsp;pentru&nbsp;<a rel=\"noreferrer noopener\" href=\"http:\/\/www.greenpeace.ro\/\" target=\"_blank\">Greenpeace Rom\u00e2nia<\/a><\/em><\/figcaption><\/figure>\n\n<p><strong>Rom\u00e2nia a avut o re\u021bea de sute de mii de hectare de p\u0103duri \u0219i perdele forestiere \u00een sudul \u0219i sud-estul \u021b\u0103rii, parte dintr-un plan ambi\u021bios de protec\u021bie \u00eempotriva secetei.<\/strong>&nbsp;Acestea au fost defri\u0219ate \u00eencep\u00e2nd cu anii \u201860 \u00een numele unor politici agrare p\u0103guboase pentru sol \u0219i mediu. \u00cen anii \u201890 au fost distruse sistemele de iriga\u021bii, iar p\u00e2lcurile de arbori care mai protejau c\u00e2mpurile \u0219i drumurile au ajuns lemn de foc. T\u0103ierile ilegale din ultimii ani au dep\u0103\u0219it oficial cele mai sumbre estim\u0103ri:&nbsp;<strong>20 milioane metri cubi de lemn dispar anual f\u0103r\u0103 urm\u0103<\/strong>, inclusiv din zonele de c\u00e2mpie, cele mai afectate de deforestare.<\/p>\n\n<figure class=\"wp-block-image size-large caption-style-medium caption-alignment-center\"><img loading=\"lazy\" decoding=\"async\" width=\"8158\" height=\"6100\" src=\"https:\/\/www.greenpeace.org\/static\/planet4-romania-stateless\/2020\/10\/8d54dea9-grani\u021ba-ro-bg-greenpeace.jpg\" alt=\"\" class=\"wp-image-4905\" srcset=\"https:\/\/www.greenpeace.org\/static\/planet4-romania-stateless\/2020\/10\/8d54dea9-grani\u021ba-ro-bg-greenpeace.jpg 8158w, https:\/\/www.greenpeace.org\/static\/planet4-romania-stateless\/2020\/10\/8d54dea9-grani\u021ba-ro-bg-greenpeace-300x224.jpg 300w, https:\/\/www.greenpeace.org\/static\/planet4-romania-stateless\/2020\/10\/8d54dea9-grani\u021ba-ro-bg-greenpeace-768x574.jpg 768w, https:\/\/www.greenpeace.org\/static\/planet4-romania-stateless\/2020\/10\/8d54dea9-grani\u021ba-ro-bg-greenpeace-455x340.jpg 455w\" sizes=\"auto, (max-width: 8158px) 100vw, 8158px\" \/><figcaption><em>Perdele forestiere plantate de rom\u00e2ni \u00een fostul Cadrilater \u0219i p\u0103strate de vecinii bulgari. Re\u021beaua care se extindea \u00een sudul Rom\u00e2niei a fost ras\u0103. Grani\u021ba RO-BG, 2020. Foto:&nbsp;<a rel=\"noreferrer noopener\" href=\"http:\/\/www.greenpeace.ro\/\" target=\"_blank\">Greenpeace Rom\u00e2nia<\/a><\/em><\/figcaption><\/figure>\n\n<p><strong>Ciprian G\u0103lu\u0219c\u0103<\/strong>, campaigner Greenpeace Rom\u00e2nia pentru p\u0103duri, declar\u0103:<\/p>\n\n<p>\u201cSchimb\u0103rile climatice sunt deja aici. \u00cen lipsa p\u0103durilor, \u00eentreaga zon\u0103 de c\u00e2mpie a Rom\u00e2niei, Gr\u00e2narul Europei, se usuc\u0103 rapid. 11 milioane de rom\u00e2ni sunt direct afecta\u021bi. Doar \u00een ultimul deceniu, Rom\u00e2nia a pl\u0103tit desp\u0103gubiri de 330 de milioane de euro fermierilor afecta\u021bi de secet\u0103, c\u00e2t s\u0103 \u00eenconjur\u0103m planeta pe la Ecuator cu perdele forestiere.<\/p>\n\n<p>Avem nevoie urgent\u0103 de p\u0103dure \u00een zonele de c\u00e2mpie pentru a stopa eroziunea solului \u0219i a ne asigura hrana. \u00cen 2020, f\u00e2nt\u00e2nile oamenilor au secat \u00eenc\u0103 de la \u00eenceputul verii, iar spre final de august am \u00eenceput s\u0103 num\u0103r\u0103m lacurile evaporate.<\/p>\n\n<p><strong>Mai avem umbr\u0103 doar pe 6% din c\u00e2mpiile Rom\u00e2niei<\/strong>, iar marile ora\u0219e se&nbsp;sufoc\u0103 sub poluare \u0219i canicul\u0103. \u00cemp\u0103durirea acestor zone este un obiectiv prioritar pentru siguran\u021ba na\u021bional\u0103.&nbsp;<strong>Acum 100 de ani plantam primele bariere verzi de protec\u021bie. Acum 50 de ani \u00eencepeam s\u0103 le pierdem.<\/strong>&nbsp;E timpul s\u0103 reconstruim solu\u021bia natural\u0103 pe care o ofer\u0103 p\u0103durile, distrus\u0103 din ignoran\u021b\u0103, l\u0103comie \u0219i proast\u0103 administrare.<\/p>\n\n<p>\u00cempreun\u0103, punem presiune pe politicieni s\u0103 replanteze o re\u021bea na\u021bional\u0103 de perdele forestiere! Fiecare semn\u0103tur\u0103 \u00eenseamn\u0103 un arbore de protec\u021bie \u00een plus:&nbsp;<strong><a rel=\"noreferrer noopener\" href=\"https:\/\/greenpeace.barieraverde.ro\/\" target=\"_blank\">https:\/\/greenpeace.barieraverde.ro<\/a><\/strong>.\u201d<\/p>\n\n<figure class=\"wp-block-image size-large caption-style-medium caption-alignment-center\"><img loading=\"lazy\" decoding=\"async\" width=\"1024\" height=\"682\" src=\"https:\/\/www.greenpeace.org\/static\/planet4-romania-stateless\/2020\/10\/4b4b8ee5-mircea-topoleanu-vice-rom\u00e2nia-1024x682.jpg\" alt=\"\" class=\"wp-image-4906\" srcset=\"https:\/\/www.greenpeace.org\/static\/planet4-romania-stateless\/2020\/10\/4b4b8ee5-mircea-topoleanu-vice-rom\u00e2nia-1024x682.jpg 1024w, https:\/\/www.greenpeace.org\/static\/planet4-romania-stateless\/2020\/10\/4b4b8ee5-mircea-topoleanu-vice-rom\u00e2nia-300x200.jpg 300w, https:\/\/www.greenpeace.org\/static\/planet4-romania-stateless\/2020\/10\/4b4b8ee5-mircea-topoleanu-vice-rom\u00e2nia-768x512.jpg 768w, https:\/\/www.greenpeace.org\/static\/planet4-romania-stateless\/2020\/10\/4b4b8ee5-mircea-topoleanu-vice-rom\u00e2nia-1536x1024.jpg 1536w, https:\/\/www.greenpeace.org\/static\/planet4-romania-stateless\/2020\/10\/4b4b8ee5-mircea-topoleanu-vice-rom\u00e2nia-510x340.jpg 510w, https:\/\/www.greenpeace.org\/static\/planet4-romania-stateless\/2020\/10\/4b4b8ee5-mircea-topoleanu-vice-rom\u00e2nia.jpg 2000w\" sizes=\"auto, (max-width: 1024px) 100vw, 1024px\" \/><figcaption>De\u0219ertificare, Dolj, 2019. Foto: Mircea Topoleanu \/ <a href=\"https:\/\/www.vice.com\/ro\/article\/9ke3nz\/seceta-si-nisipul-au-cucerit-sudul-romaniei\" target=\"_blank\" rel=\"noreferrer noopener\">VICE Rom\u00e2nia<\/a><\/figcaption><\/figure>\n\n<figure class=\"wp-block-table\"><table><tbody><tr><td><a href=\"https:\/\/docs.google.com\/document\/d\/1iSJwo_oUPJefHJz2eV2clPKGp0q2qr7MJyVmlsb31lg\/edit?usp=sharing\" target=\"_blank\" rel=\"noreferrer noopener\">Comunicat de pres\u0103 (doar text)<\/a><\/td><\/tr><\/tbody><\/table><\/figure>\n\n<p>Pentru informa\u021bii suplimentare, v\u0103 rug\u0103m s\u0103 ne contacta\u021bi:<\/p>\n\n<p><strong>Ciprian G\u0103lu\u0219c\u0103<\/strong><br>Campaigner P\u0103duri &amp; Via\u021b\u0103 s\u0103lbatic\u0103<br>ciprian.gal@greenpeace.org<\/p>\n\n<p><strong>Cristian Neagoe<\/strong><br>PR P\u0103duri &amp; Via\u021b\u0103 s\u0103lbatic\u0103<br>0728-987-982<br>cristian.neagoe@greenpeace.org<\/p>\n","protected":false},"excerpt":{"rendered":"<p>Greenpeace avertizeaz\u0103 c\u0103 dispari\u021bia p\u0103durilor \u0219i a perdelelor forestiere din zonele de c\u00e2mpie amenin\u021b\u0103 siguran\u021ba na\u021bional\u0103<\/p>\n","protected":false},"author":33,"featured_media":4903,"comment_status":"open","ping_status":"closed","sticky":false,"template":"","format":"standard","meta":{"ep_exclude_from_search":false,"p4_og_title":"","p4_og_description":"","p4_og_image":"","p4_og_image_id":"","p4_seo_canonical_url":"","p4_campaign_name":"not set","p4_local_project":"not set","p4_basket_name":"not set","p4_department":"","footnotes":""},"categories":[31,3],"tags":[],"p4-page-type":[],"class_list":["post-4902","post","type-post","status-publish","format-standard","has-post-thumbnail","hentry","category-greenpeace","category-paduri"],"_links":{"self":[{"href":"https:\/\/www.greenpeace.org\/romania\/wp-json\/wp\/v2\/posts\/4902","targetHints":{"allow":["GET"]}}],"collection":[{"href":"https:\/\/www.greenpeace.org\/romania\/wp-json\/wp\/v2\/posts"}],"about":[{"href":"https:\/\/www.greenpeace.org\/romania\/wp-json\/wp\/v2\/types\/post"}],"author":[{"embeddable":true,"href":"https:\/\/www.greenpeace.org\/romania\/wp-json\/wp\/v2\/users\/33"}],"replies":[{"embeddable":true,"href":"https:\/\/www.greenpeace.org\/romania\/wp-json\/wp\/v2\/comments?post=4902"}],"version-history":[{"count":9,"href":"https:\/\/www.greenpeace.org\/romania\/wp-json\/wp\/v2\/posts\/4902\/revisions"}],"predecessor-version":[{"id":7274,"href":"https:\/\/www.greenpeace.org\/romania\/wp-json\/wp\/v2\/posts\/4902\/revisions\/7274"}],"wp:featuredmedia":[{"embeddable":true,"href":"https:\/\/www.greenpeace.org\/romania\/wp-json\/wp\/v2\/media\/4903"}],"wp:attachment":[{"href":"https:\/\/www.greenpeace.org\/romania\/wp-json\/wp\/v2\/media?parent=4902"}],"wp:term":[{"taxonomy":"category","embeddable":true,"href":"https:\/\/www.greenpeace.org\/romania\/wp-json\/wp\/v2\/categories?post=4902"},{"taxonomy":"post_tag","embeddable":true,"href":"https:\/\/www.greenpeace.org\/romania\/wp-json\/wp\/v2\/tags?post=4902"},{"taxonomy":"p4-page-type","embeddable":true,"href":"https:\/\/www.greenpeace.org\/romania\/wp-json\/wp\/v2\/p4-page-type?post=4902"}],"curies":[{"name":"wp","href":"https:\/\/api.w.org\/{rel}","templated":true}]}}