{"id":4913,"date":"2020-10-29T10:07:04","date_gmt":"2020-10-29T07:07:04","guid":{"rendered":"https:\/\/www.greenpeace.org\/romania\/?p=4913"},"modified":"2021-03-01T10:47:32","modified_gmt":"2021-03-01T07:47:32","slug":"instalatorii-se-tem-sa-monteze-in-programul-casa-verde-fotovoltaice-afm-nu-a-decontat-nicio-lucrare","status":"publish","type":"post","link":"https:\/\/www.greenpeace.org\/romania\/articol\/4913\/instalatorii-se-tem-sa-monteze-in-programul-casa-verde-fotovoltaice-afm-nu-a-decontat-nicio-lucrare\/","title":{"rendered":"Instalatorii se tem s\u0103 monteze \u00een programul Casa Verde Fotovoltaice. AFM nu a decontat nicio lucrare"},"content":{"rendered":"\n<p><strong>Programul Casa Verde Fotovoltaice s-a \u00eempotmolit din nou, chiar \u0219i pentru cei care au fost declara\u021bi admi\u0219i \u00een program. Conform informa\u021biilor primite de la instalatori, Administra\u021bia Fondului pentru Mediu (AFM) nu a f\u0103cut \u00eenc\u0103 nicio decontare. Acesta este principalul motiv pentru care montajul sistemelor fotovoltaice este oprit de c\u0103tre cei mai mul\u021bi dintre instalatori.<\/strong><\/p>\n\n<p><strong>Nici cei care au fost respin\u0219i \u00een program &#8211; aproape 50% din aplican\u021bi &#8211; nu primesc a doua \u0219ans\u0103 pentru a deveni prosumatori, a\u0219a cum promisese AFM.<\/strong><\/p>\n\n<figure class=\"wp-block-image size-large is-resized  caption-style-medium caption-alignment-center\"><img loading=\"lazy\" decoding=\"async\" src=\"https:\/\/www.greenpeace.org\/static\/planet4-romania-stateless\/2020\/07\/46af7124-gp02yk3_web_size.jpg\" alt=\"\" class=\"wp-image-4449\" width=\"936\" height=\"622\" srcset=\"https:\/\/www.greenpeace.org\/static\/planet4-romania-stateless\/2020\/07\/46af7124-gp02yk3_web_size.jpg 800w, https:\/\/www.greenpeace.org\/static\/planet4-romania-stateless\/2020\/07\/46af7124-gp02yk3_web_size-300x200.jpg 300w, https:\/\/www.greenpeace.org\/static\/planet4-romania-stateless\/2020\/07\/46af7124-gp02yk3_web_size-768x511.jpg 768w, https:\/\/www.greenpeace.org\/static\/planet4-romania-stateless\/2020\/07\/46af7124-gp02yk3_web_size-510x340.jpg 510w\" sizes=\"auto, (max-width: 936px) 100vw, 936px\" \/><\/figure>\n\n<p>Peste 13.000 de cet\u0103\u021beni ar trebui s\u0103 primeasc\u0103 finan\u021bare din partea AFM pentru a-\u0219i monta un sistem fotovoltaic \u0219i a deveni <a href=\"http:\/\/fiiprosumator.ro\/\">prosumatori<\/a>, adic\u0103 cet\u0103\u021beni care \u00ee\u0219i produc singuri \u0219i curat energia. Conform ghidului de finan\u021bare, montajul se face doar de instalatori valida\u021bi de AFM, aceste firme acoperind cheltuielile (90% din proiect, \u00een limita sumei de 20.000 lei, pentru un sistem de minim 3 kW) p\u00e2n\u0103 la decontarea lor de c\u0103tre AFM.&nbsp;<\/p>\n\n<p>Montajele au \u00eenceput \u00een luna august, iar primele cereri de decontare pentru aceste lucr\u0103ri au fost depuse de instalatori la AFM la mijlocul lunii septembrie. Conform declara\u021biilor instalatorilor contacta\u021bi de Greenpeace, AFM nu a decontat nicio lucrare. Acest lucru creeaz\u0103 probleme financiare instalatorilor, care se tem s\u0103 continue instal\u0103rile. Termenul dat de AFM pentru implementarea proiectelor este de 8 luni de la data semn\u0103rii contractului de finan\u021bare nerambursabil\u0103, o parte din aceast\u0103 perioad\u0103 neput\u00e2nd fi utilizat\u0103 pentru montaje din cauza posibilelor condi\u021bii neprielnice aduse de sezonul rece.&nbsp;<\/p>\n\n<p>\u201e<em>Semnal\u0103m acest nou blocaj al programului AFM pentru c\u0103 vrem ca declara\u021biile autorit\u0103\u021bilor legate de sprijinirea energiei regenerabile s\u0103 nu r\u0103m\u00e2n\u0103 doar vorbe. Zeci de mii de rom\u00e2ni \u0219i-au ar\u0103tat deja interesul pentru a-\u0219i produce energia mai curat, cu impact sc\u0103zut asupra climei \u0219i mediului.&nbsp;<\/em><\/p>\n\n<p><em>Iat\u0103 \u00eens\u0103 c\u0103 o institu\u021bie care ar trebui s\u0103 finan\u021beze proiectele de mediu din Rom\u00e2nia nu-\u0219i face treaba, sabot\u00e2nd de doi ani stimularea financiar\u0103 a prosumatorilor.<\/em>\u201d a declarat Marian M\u00e2ndru, coordonator de campanii la <a href=\"https:\/\/www.greenpeace.org\/romania\/\">Greenpeace Rom\u00e2nia<\/a> \u0219i administrator al comunit\u0103\u021bii online <a href=\"https:\/\/www.facebook.com\/groups\/ProtectiaProsumatorului\/\">Protec\u021bia Prosumatorului<\/a>.&nbsp;<\/p>\n\n<p>S\u0103pt\u0103m\u00e2na trecut\u0103, Greenpeace a solicitat printr-o adres\u0103 oficial\u0103 informa\u021bii referitoare la implementarea programului Casa Verde Fotovoltaice. AFM nu a remis deocamdat\u0103 un r\u0103spuns.<\/p>\n\n<p><strong><em>Declara\u021biile unor instalatori contacta\u021bi de Greenpeace<\/em><\/strong><\/p>\n\n<p><strong>Ionu\u021b Chiriac, Sun Power Center, instalator \u00eenscris \u00een programul AFM, Ia\u0219i<\/strong><\/p>\n\n<p><em>\u201eSunt instalatorul care a depus primul dosar de decontare la AFM, pe 15 septembrie. Neoficial, reprezentan\u021bi ai institu\u021biei mi-au spus c\u0103 \u00een maxim trei s\u0103pt\u0103m\u00e2ni vom primii banii. A trecut o lun\u0103 \u0219i jum\u0103tate deja.<\/em><\/p>\n\n<p><em>P\u00e2n\u0103 acum, am f\u0103cut 7 instal\u0103ri din 60 de dosare aprobate. Din cele 137 de aplica\u021bii pe care le-am depus, foarte multe au fost respinse. Acum nu mai montez pentru a nu intra \u00een blocaj financiar. Nu am \u00eencasat dec\u00e2t contribu\u021bia proprie de la clien\u021bi, adic\u0103 10% din investi\u021bie, pentru clien\u021bii c\u0103rora le-am montat fotovoltaice. Montajele se fac pe banii firmei, nu avem resurse s\u0103 continu\u0103m.\u201d<\/em><\/p>\n\n<p><strong>Dan Tudose, e-acumulatori, instalator \u00eenscris \u00een programul AFM, Bucure\u0219ti<\/strong><\/p>\n\n<p><em>\u201eAvem 55 de contracte validate, am avut mai multe aplica\u021bii depuse, \u00eens\u0103 80% dintre ele au fost respinse de AFM, din cauza nerespect\u0103rii de c\u0103tre institu\u021bie a comunicatului de pres\u0103 din noiembrie 2019.&nbsp;<\/em><\/p>\n\n<p><em>O s\u0103 mont\u0103m jum\u0103tate dintre sisteme anul acesta \u0219i jum\u0103tate anul viitor, p\u00e2n\u0103 \u00een luna mai 2021, c\u00e2nd expir\u0103 perioada de gra\u021bie de 8 luni impus\u0103 de ghidul de finan\u021bare.&nbsp;<\/em><\/p>\n\n<p><em>Mont\u0103m \u00een etape pentru c\u0103 a\u0219tept\u0103m onorarea decont\u0103rilor de c\u0103tre AFM. Sper\u0103m s\u0103 nu \u00eent\u00e2mpin\u0103m blocaje financiare din cauza termenelor neclare de plata din contract. Nu am perceput niciun fel avans de la clien\u021bi p\u00e2n\u0103 acum, \u00een schimb la sistemele fotovoltaice pe care urmeaz\u0103 sa le instalam, pl\u0103tim deja TVA \u0219i impozitele aferente. Dac\u0103 AFM nu stabile\u0219te urgent date clare de decontare (30-60 de zile), vom fi \u00een mare, mare dificultate.\u201d<\/em><\/p>\n\n<p><strong>Nicolae Popescu, EEtim, instalator \u00eenscris \u00een programul AFM, Timi\u0219oara<\/strong><\/p>\n\n<p><em>\u201eNu exist\u0103 o metodologie clar\u0103 pentru decontare, cu termene clar stabilite. Pentru cele c\u00e2teva sisteme pe care le-am montat, am f\u0103cut facturi \u0219i am pl\u0103tit deja TVA. \u00cen septembrie am depus primul dosar, nu \u0219tiu care e stadiul lui nici acum. Mi se spune c\u0103 dosarul e \u00een evaluare, dar nu \u0219tim p\u00e2n\u0103 c\u00e2nd. A\u0219 mai avea cateva zeci de instala\u021bii de montat, p\u00e2n\u0103 c\u00e2nd nu v\u0103d un dosar aprobat \u0219i primesc primii bani din decont, nu pot s\u0103 mai continui montajul. Ar trebui s\u0103 finalizez montajele \u00een martie 2021, \u00eens\u0103 \u00eemi e team\u0103 s\u0103 mai instalez acum.\u201d<\/em><\/p>\n\n<p><strong><em>AFM a \u201euitat\u201d \u0219i s\u0103 relanseze programul Casa Verde Fotovoltaice, \u00eembun\u0103t\u0103\u021bit, \u00een octombrie<\/em><\/strong><\/p>\n\n<p>Nici a doua sesiune de \u00eenscriere nu a fost lansat\u0103 \u00een luna octombrie, a\u0219a cum declaraser\u0103 \u00een luna august reprezentan\u021bii AFM. \u00cen 2020, aproape jum\u0103tate dintre cei 26.000 de cet\u0103\u021beni care au aplicat pentru programul Casa Verde Fotovoltaice au fost respin\u0219i, cei mai mul\u021bi pe motivul \u201edocumentelor expirate\u201d, tocmai din vina am\u00e2n\u0103rilor generate de AFM \u0219i a comunic\u0103rii defectuoase a institu\u021biei.&nbsp;<\/p>\n\n<p>Drept consolare, AFM i-a invitat \u00een repetate r\u00e2nduri pe aplican\u021bii respin\u0219i \u00een prima rund\u0103 &#8211; inclusiv prin intermediul mass-media &#8211; s\u0103 se re\u00eenscrie la o nou\u0103 edi\u021bie a programului \u00een toamna acestui an. Promisiunile nu s-au concretizat.<\/p>\n\n<p><strong>Context:<\/strong> Casa Verde Fotovoltaice este un program de finan\u021bare prin care, \u00een teorie, Administra\u021bia Fondului pentru Mediu \u00ee\u0219i propune cre\u015fterea capacit\u0103\u0163ilor de producere a energiei electrice din surse regenerabile. Indicatorul de performan\u0163\u0103 al programului \u00eel reprezint\u0103 cantitatea total\u0103 de gaze cu efect de ser\u0103 (kg CO2) redus\u0103, prin instalarea sistemelor de panouri fotovoltaice calculat\u0103 pe toat\u0103 perioada de monitorizare a proiectului.&nbsp;<\/p>\n\n<p>Pentru a combate schimb\u0103rile climatice, Uniunea European\u0103 inten\u021bioneaz\u0103 s\u0103 creasc\u0103 \u021binta pentru reducerea gazelor cu efect de ser\u0103 pentru 2030 de la 40% la o valoare mult mai ambi\u021bioas\u0103 ce se negociaz\u0103 \u00een prezent (55%-60%). Rom\u00e2nia risc\u0103 s\u0103 rateze aceste \u021binte asumate, chiar dac\u0103 prime\u0219te sprijin financiar european pentru a produce mai mult\u0103 energie verde.<\/p>\n","protected":false},"excerpt":{"rendered":"<p>Programul Casa Verde Fotovoltaice s-a \u00eempotmolit din nou, chiar \u0219i pentru cei care au fost declara\u021bi admi\u0219i \u00een program. Conform informa\u021biilor primite de la instalatori, Administra\u021bia Fondului pentru Mediu (AFM) nu a f\u0103cut \u00eenc\u0103 nicio decontare. Acesta este principalul motiv pentru care montajul sistemelor fotovoltaice este oprit de c\u0103tre cei mai mul\u021bi dintre instalatori.<\/p>\n","protected":false},"author":34,"featured_media":4449,"comment_status":"open","ping_status":"closed","sticky":false,"template":"","format":"standard","meta":{"ep_exclude_from_search":false,"p4_og_title":"","p4_og_description":"","p4_og_image":"","p4_og_image_id":"","p4_seo_canonical_url":"","p4_campaign_name":"not set","p4_local_project":"not set","p4_basket_name":"not set","p4_department":"","footnotes":""},"categories":[2,31],"tags":[6,7],"p4-page-type":[],"class_list":["post-4913","post","type-post","status-publish","format-standard","has-post-thumbnail","hentry","category-clima-si-energie","category-greenpeace","tag-prosumatori-1","tag-energie-regenerabila"],"_links":{"self":[{"href":"https:\/\/www.greenpeace.org\/romania\/wp-json\/wp\/v2\/posts\/4913","targetHints":{"allow":["GET"]}}],"collection":[{"href":"https:\/\/www.greenpeace.org\/romania\/wp-json\/wp\/v2\/posts"}],"about":[{"href":"https:\/\/www.greenpeace.org\/romania\/wp-json\/wp\/v2\/types\/post"}],"author":[{"embeddable":true,"href":"https:\/\/www.greenpeace.org\/romania\/wp-json\/wp\/v2\/users\/34"}],"replies":[{"embeddable":true,"href":"https:\/\/www.greenpeace.org\/romania\/wp-json\/wp\/v2\/comments?post=4913"}],"version-history":[{"count":3,"href":"https:\/\/www.greenpeace.org\/romania\/wp-json\/wp\/v2\/posts\/4913\/revisions"}],"predecessor-version":[{"id":4917,"href":"https:\/\/www.greenpeace.org\/romania\/wp-json\/wp\/v2\/posts\/4913\/revisions\/4917"}],"wp:featuredmedia":[{"embeddable":true,"href":"https:\/\/www.greenpeace.org\/romania\/wp-json\/wp\/v2\/media\/4449"}],"wp:attachment":[{"href":"https:\/\/www.greenpeace.org\/romania\/wp-json\/wp\/v2\/media?parent=4913"}],"wp:term":[{"taxonomy":"category","embeddable":true,"href":"https:\/\/www.greenpeace.org\/romania\/wp-json\/wp\/v2\/categories?post=4913"},{"taxonomy":"post_tag","embeddable":true,"href":"https:\/\/www.greenpeace.org\/romania\/wp-json\/wp\/v2\/tags?post=4913"},{"taxonomy":"p4-page-type","embeddable":true,"href":"https:\/\/www.greenpeace.org\/romania\/wp-json\/wp\/v2\/p4-page-type?post=4913"}],"curies":[{"name":"wp","href":"https:\/\/api.w.org\/{rel}","templated":true}]}}