{"id":4982,"date":"2020-11-10T14:41:30","date_gmt":"2020-11-10T11:41:30","guid":{"rendered":"https:\/\/www.greenpeace.org\/romania\/?p=4982"},"modified":"2020-11-10T17:18:29","modified_gmt":"2020-11-10T14:18:29","slug":"scrisoare-deschisa-catre-domnul-mircea-fechet-noul-ministru-al-mediului-apelor-si-padurilor","status":"publish","type":"post","link":"https:\/\/www.greenpeace.org\/romania\/articol\/4982\/scrisoare-deschisa-catre-domnul-mircea-fechet-noul-ministru-al-mediului-apelor-si-padurilor\/","title":{"rendered":"Scrisoare deschis\u0103 c\u0103tre domnul Mircea Fechet, noul ministru al Mediului, Apelor \u0219i P\u0103durilor"},"content":{"rendered":"\n<p>\u00cen contextul numirii domnului Mircea Fechet la conducerea ministerului Mediului, Apelor \u0219i P\u0103durilor, Greenpeace Rom\u00e2nia i-a adresat o scrisoare deschis\u0103 prin care reitereaz\u0103 promisiunile neonorate ale mandatului anterior \u0219i cere ca protejarea s\u0103n\u0103t\u0103\u021bii mediului \u0219i a cet\u0103\u021benilor Rom\u00e2niei, cu tot ce implic\u0103 asta, s\u0103 devin\u0103 cu adev\u0103rat o prioritate \u00een activitatea ministerului pe care \u00eel reprezint\u0103.<\/p>\n\n<p><strong>Domnule ministru Fechet,<\/strong><\/p>\n\n<p>Bun venit la conducerea Ministerului Mediului, Apelor \u0219i P\u0103durilor!&nbsp;<\/p>\n\n<p>\u00cen actualul context climatic, protejarea mediului \u00eenconjur\u0103tor devine un element din ce \u00een ce mai important al administra\u021biei de stat, iar fondurile europene alocate mediului \u00eei dau greutatea corect\u0103. Totodat\u0103, pe m\u0103sura resurselor anticipate, a\u0219tept\u0103rile cet\u0103\u021benilor Rom\u00e2niei sunt \u00een cre\u0219tere. Starea ecosistemelor este precar\u0103, e timpul ac\u021biunilor, nu al vorbelor.<\/p>\n\n<p>Restan\u021bele fostului ministru, Costel Alexe, pe care l-a\u021bi secondat pe tot parcursul mandatului, devin priorit\u0103\u021bile dumneavoastr\u0103. Greenpeace Rom\u00e2nia monitorizeaz\u0103 mai multe subiecte din sfera protec\u021biei mediului \u0219i, din p\u0103cate, promisiunile din ultimul an venite din partea ministerului\u00a0au r\u0103mas &#8211; cel pu\u021bin deocamdat\u0103 &#8211; doar promisiuni.<\/p>\n\n<figure class=\"wp-block-image size-large  caption-style-medium caption-alignment-center\"><img loading=\"lazy\" decoding=\"async\" width=\"940\" height=\"788\" src=\"https:\/\/www.greenpeace.org\/static\/planet4-romania-stateless\/2020\/11\/18ced22b-whatsapp-image-2020-11-10-at-12.58.29.jpeg\" alt=\"\" class=\"wp-image-4983\" srcset=\"https:\/\/www.greenpeace.org\/static\/planet4-romania-stateless\/2020\/11\/18ced22b-whatsapp-image-2020-11-10-at-12.58.29.jpeg 940w, https:\/\/www.greenpeace.org\/static\/planet4-romania-stateless\/2020\/11\/18ced22b-whatsapp-image-2020-11-10-at-12.58.29-300x251.jpeg 300w, https:\/\/www.greenpeace.org\/static\/planet4-romania-stateless\/2020\/11\/18ced22b-whatsapp-image-2020-11-10-at-12.58.29-768x644.jpeg 768w, https:\/\/www.greenpeace.org\/static\/planet4-romania-stateless\/2020\/11\/18ced22b-whatsapp-image-2020-11-10-at-12.58.29-406x340.jpeg 406w\" sizes=\"auto, (max-width: 940px) 100vw, 940px\" \/><\/figure>\n\n<p class=\"has-text-color has-inch-worm-color\"><strong>Schimb\u0103rile climatice<\/strong><\/p>\n\n<p><a href=\"http:\/\/www.mmediu.ro\/categorie\/strategia-nationala-privind-schimbarile-climatice-rezumat\/171\">Strategia Na\u021bional\u0103 a Rom\u00e2niei privind Schimb\u0103rile Climatice<\/a> expir\u0103 \u00een cur\u00e2nd, iar \u021bara noastr\u0103 nu pune nimic \u00een loc, de\u0219i este puternic afectat\u0103 de fenomene precum secet\u0103, inunda\u021bii sau furtuni.&nbsp;<\/p>\n\n<p>Nu avem o <a href=\"https:\/\/ec.europa.eu\/clima\/policies\/strategies\/2050_en\">Strategie pe Termen Lung<\/a> (2050) pentru reducerea emisiilor de gaze cu efect de ser\u0103, chiar dac\u0103 avem un angajament f\u0103r\u0103 echivoc fa\u021b\u0103 de partenerii europeni \u0219i defil\u0103m cu fondurile generoase ob\u021binute prin mecanismele de finan\u021bare ale Pactului Verde European.<\/p>\n\n<p><a href=\"http:\/\/www.mmediu.ro\/articol\/strategia-energetica-a-romaniei-2018-2030-cu-perspectiva-anului-2050\/2143\">Strategia Energetic\u0103 Na\u021bional\u0103<\/a> (ce a primit de cur\u00e2nd aviz de mediu!) \u0219i <a href=\"http:\/\/www.mmediu.gov.ro\/categorie\/pniesc\/272\">Planul Na\u021bional Integrat Energie \u0219i Clim\u0103<\/a> sunt documente retrograde, ultimul <a href=\"https:\/\/ec.europa.eu\/energy\/sites\/ener\/files\/documents\/staff_working_document_assessment_necp_romania.pdf\">penalizat<\/a> dur \u0219i de Comisia European\u0103, ambele \u00een contradic\u021bie cu obiectivele climatice asumate prin semnarea Acordului de la Paris.&nbsp;<\/p>\n\n<p>Domnule ministru, nu ignora\u021bi opinia oamenilor de \u0219tiin\u021b\u0103 din \u00eentreaga lume \u0219i recunoa\u0219te\u021bi starea de urgen\u021b\u0103 climatic\u0103 \u00een care ne afl\u0103m! Ministerul Mediului, Apelor \u0219i P\u0103durilor semneaz\u0103 doar acorduri interna\u021bionale \u0219i beneficiaz\u0103 de finan\u021b\u0103ri europene, \u00eens\u0103 nivelul de ac\u021biune climatic\u0103 la nivel na\u021bional este zero.<\/p>\n\n<p class=\"has-text-color has-green-500-color\"><strong>Calitatea aerului<\/strong><\/p>\n\n<p>Rom\u00e2nia nu \u00ee\u0219i protejeaz\u0103 popula\u021bia \u00eempotriva polu\u0103rii aerului. Cet\u0103\u021benii din marile aglomer\u0103ri urbane ale \u021b\u0103rii sunt sufoca\u021bi de poluarea aerului. <a href=\"https:\/\/ec.europa.eu\/atwork\/applying-eu-law\/infringements-proceedings\/infringement_decisions\/index.cfm?lang_code=EN&amp;typeOfSearch=true&amp;active_only=1&amp;noncom=0&amp;r_dossier=&amp;decision_date_from=&amp;decision_date_to=&amp;EM=RO&amp;DG=ENVI&amp;title=AIR&amp;submit=Search\">Rom\u00e2nia are 5 proceduri de infringement pe subiectul calit\u0103\u021bii aerului<\/a>, unele \u00eencepute \u00eenc\u0103 din 2009 \u0219i nerezolvate p\u00e2n\u0103 acum, iar altele \u00eencepute recent, pe mandatul fostului ministru, Costel Alexe.<\/p>\n\n<p><a href=\"https:\/\/ec.europa.eu\/atwork\/applying-eu-law\/infringements-proceedings\/infringement_decisions\/index.cfm?lang_code=EN&amp;typeOfSearch=true&amp;active_only=1&amp;noncom=0&amp;r_dossier=20172024&amp;decision_date_from=&amp;decision_date_to=&amp;EM=RO&amp;DG=ENVI&amp;title=&amp;submit=Search\">Rom\u00e2nia nu respect\u0103 cerin\u021bele privind monitorizarea calit\u0103\u021bii aerului<\/a> \u00eenconjur\u0103tor prin care este obligat\u0103 s\u0103 m\u0103soare, s\u0103 informeze publicul \u0219i s\u0103 raporteze \u00een mod fiabil cu privire la gravitatea polu\u0103rii aerului. Promisiunile f\u0103cute de minister privind investi\u021bii \u00eentr-o re\u021bea de monitorizare a aerului au ca termen de finalizare anul 2021 sau 2023. Cum inform\u0103m popula\u021bia asupra nivelului de poluare la care se expune \u0219i cum respir\u0103m p\u00e2n\u0103 atunci, domnule ministru Fechet?<\/p>\n\n<p><a href=\"https:\/\/ec.europa.eu\/atwork\/applying-eu-law\/infringements-proceedings\/infringement_decisions\/index.cfm?lang_code=EN&amp;typeOfSearch=true&amp;active_only=1&amp;noncom=0&amp;r_dossier=20092296&amp;decision_date_from=&amp;decision_date_to=&amp;EM=RO&amp;DG=ENVI&amp;title=&amp;submit=Search\">Rom\u00e2nia nu a respectat valorile-limit\u0103 pentru protec\u021bia s\u0103n\u0103t\u0103\u021bii umane pentru PM10<\/a> \u0219i <a href=\"https:\/\/ec.europa.eu\/atwork\/applying-eu-law\/infringements-proceedings\/infringement_decisions\/index.cfm?lang_code=EN&amp;typeOfSearch=true&amp;active_only=1&amp;noncom=0&amp;r_dossier=20202206&amp;decision_date_from=&amp;decision_date_to=&amp;EM=RO&amp;DG=ENVI&amp;title=&amp;submit=Search\">dioxid de azot<\/a> \u0219i nu a luat m\u0103suri corespunz\u0103toare pentru a scurta semnificativ perioadele de dep\u0103\u0219ire.<\/p>\n\n<p>De asemenea, avem un <a href=\"https:\/\/ec.europa.eu\/atwork\/applying-eu-law\/infringements-proceedings\/infringement_decisions\/index.cfm?lang_code=EN&amp;typeOfSearch=true&amp;active_only=1&amp;noncom=0&amp;r_dossier=20182202&amp;decision_date_from=&amp;decision_date_to=&amp;EM=RO&amp;DG=ENVI&amp;title=&amp;submit=Search\">infringement<\/a> din partea Comisiei Europene pentru c\u0103 Rom\u00e2nia permite instala\u021biilor industriale s\u0103 func\u021bioneze f\u0103r\u0103 autoriza\u021biile necesare care stabilesc condi\u021biile de func\u021bionare cu un nivel minim de poluare. Instala\u021biile mari de ardere, precum termocentralele Mintia \u0219i CET Govora func\u021bioneaz\u0103 de mai mul\u021bi ani f\u0103r\u0103 autoriza\u021bii integrate de mediu, cu nerespectarea valorilor limit\u0103 de emisie din prezent.<\/p>\n\n<p>Mai mult, Rom\u00e2nia are un alt <a href=\"https:\/\/ec.europa.eu\/atwork\/applying-eu-law\/infringements-proceedings\/infringement_decisions\/index.cfm?lang_code=EN&amp;typeOfSearch=true&amp;active_only=1&amp;noncom=0&amp;r_dossier=20202001&amp;decision_date_from=&amp;decision_date_to=&amp;EM=RO&amp;DG=ENVI&amp;title=AIR&amp;submit=Search\">infringement<\/a> pentru c\u0103 nu avem un Program Na\u021bional de Control al Polu\u0103rii Atmosferice. Astfel, Rom\u00e2nia poate ajunge \u00een fa\u021ba Cur\u021bii de Justi\u021bie a UE din cauza neadopt\u0103rii acestui program \u00een urm\u0103toarele luni.<\/p>\n\n<p class=\"has-text-color has-green-500-color\"><strong>Programul AFM pentru prosumatori<\/strong><\/p>\n\n<p><a href=\"https:\/\/www.greenpeace.org\/romania\/articol\/4517\/10-motive-pentru-care-ministrul-costel-alexe-trebuie-sa-demita-actuala-conducere-a-afm-si-sa-reformeze-institutia-care-implementeaza-proiecte-de-mediu-in-romania\/\">Batjocura Administra\u021biei Fondului pentru Mediu<\/a> (AFM) la adresa cet\u0103\u021benilor care doresc s\u0103 \u00ee\u0219i produc\u0103 singuri \u0219i mai curat energia a continuat \u0219i \u00een 2020, prin implementarea dezastruoas\u0103 a legendarului program Casa Verde Fotovoltaice. Aproape jum\u0103tate dintre aplican\u021bi au fost respin\u0219i din cauza comunicatelor \u00een\u0219el\u0103toare ale AFM, iar cei admi\u0219i beneficiaz\u0103 \u00een foarte mic\u0103 m\u0103sur\u0103 de sistemele fotovoltaice promise, pentru c\u0103 institu\u021bia <a href=\"https:\/\/www.greenpeace.org\/romania\/articol\/4913\/instalatorii-se-tem-sa-monteze-in-programul-casa-verde-fotovoltaice-afm-nu-a-decontat-nicio-lucrare\/\">nu a f\u0103cut deocamdat\u0103 niciun decont<\/a>. Mai mult, AFM nu a lansat \u00een luna octombrie 2020, a\u0219a cum promisese, o nou\u0103 sesiune a programului \u0219i nici nu a revizuit ghidul de finan\u021bare.<\/p>\n\n<p>Domnule ministru, toate aceste lucruri s-au \u00eent\u00e2mplat sub ochii dumneavoastr\u0103 \u0219i ave\u021bi acum puterea s\u0103 le \u00eendrepta\u021bi.<\/p>\n\n<p class=\"has-text-color has-green-500-color\"><strong>P\u0103duri<\/strong><\/p>\n\n<p>2020 a fost un an al promisiunilor lipsite de implementare, iar lista de obiective urgente pentru Ministerul Mediului, Apelor \u0219i P\u0103durilor r\u0103m\u00e2ne aceea\u0219i de la Mar\u0219ul pentru p\u0103duri din 2019: opera\u021bionalizarea SUMAL 2.0; demararea procedurilor de licita\u021bie public\u0103 pentru identificarea p\u0103durilor virgine; camere video \u00een puncte cheie din re\u021beaua rutier\u0103 pentru verificarea legalit\u0103\u021bii transporturilor de lemn; imagini satelitare de \u00eenalt\u0103 rezolu\u021bie pentru monitorizarea fondului forestier; schimbarea amenajamentelor din parcurile na\u021bionale pentru l\u0103rgirea zonelor de non-interven\u021bie la minim 75% din suprafe\u021bele acestor arii protejate.<\/p>\n\n<p class=\"has-background has-inch-worm-background-color\"><strong>Domnule ministru Mircea Fechet, dorim ca punctele enumerate s\u0103 fie tratate cu seriozitatea pe care o merit\u0103. Solicit\u0103m ac\u021biuni urgente, care s\u0103 prioritizeze s\u0103n\u0103tatea mediului \u0219i a cet\u0103\u021benilor!<\/strong><\/p>\n\n<p>Mult succes \u00een acest mandat!<\/p>\n\n<p>Echipa Greenpeace Rom\u00e2nia<\/p>\n","protected":false},"excerpt":{"rendered":"<p>\u00cen contextul numirii domnului Mircea Fechet la conducerea ministerului Mediului, Apelor \u0219i P\u0103durilor, Greenpeace Rom\u00e2nia i-a adresat o scrisoare deschis\u0103 prin care reitereaz\u0103 promisiunile neonorate ale mandatului anterior \u0219i cere ca protejarea s\u0103n\u0103t\u0103\u021bii mediului \u0219i a cet\u0103\u021benilor Rom\u00e2niei, cu tot ce implic\u0103 asta, s\u0103 devin\u0103 cu adev\u0103rat o prioritate \u00een activitatea ministerului pe care \u00eel reprezint\u0103.<\/p>\n","protected":false},"author":34,"featured_media":4996,"comment_status":"open","ping_status":"closed","sticky":false,"template":"","format":"standard","meta":{"ep_exclude_from_search":false,"p4_og_title":"","p4_og_description":"","p4_og_image":"","p4_og_image_id":"","p4_seo_canonical_url":"","p4_campaign_name":"not set","p4_local_project":"not set","p4_basket_name":"not set","p4_department":"","footnotes":""},"categories":[2,31],"tags":[7,35,36,45],"p4-page-type":[],"class_list":["post-4982","post","type-post","status-publish","format-standard","has-post-thumbnail","hentry","category-clima-si-energie","category-greenpeace","tag-energie-regenerabila","tag-poluare","tag-criza-climatica","tag-paduri"],"_links":{"self":[{"href":"https:\/\/www.greenpeace.org\/romania\/wp-json\/wp\/v2\/posts\/4982","targetHints":{"allow":["GET"]}}],"collection":[{"href":"https:\/\/www.greenpeace.org\/romania\/wp-json\/wp\/v2\/posts"}],"about":[{"href":"https:\/\/www.greenpeace.org\/romania\/wp-json\/wp\/v2\/types\/post"}],"author":[{"embeddable":true,"href":"https:\/\/www.greenpeace.org\/romania\/wp-json\/wp\/v2\/users\/34"}],"replies":[{"embeddable":true,"href":"https:\/\/www.greenpeace.org\/romania\/wp-json\/wp\/v2\/comments?post=4982"}],"version-history":[{"count":13,"href":"https:\/\/www.greenpeace.org\/romania\/wp-json\/wp\/v2\/posts\/4982\/revisions"}],"predecessor-version":[{"id":4999,"href":"https:\/\/www.greenpeace.org\/romania\/wp-json\/wp\/v2\/posts\/4982\/revisions\/4999"}],"wp:featuredmedia":[{"embeddable":true,"href":"https:\/\/www.greenpeace.org\/romania\/wp-json\/wp\/v2\/media\/4996"}],"wp:attachment":[{"href":"https:\/\/www.greenpeace.org\/romania\/wp-json\/wp\/v2\/media?parent=4982"}],"wp:term":[{"taxonomy":"category","embeddable":true,"href":"https:\/\/www.greenpeace.org\/romania\/wp-json\/wp\/v2\/categories?post=4982"},{"taxonomy":"post_tag","embeddable":true,"href":"https:\/\/www.greenpeace.org\/romania\/wp-json\/wp\/v2\/tags?post=4982"},{"taxonomy":"p4-page-type","embeddable":true,"href":"https:\/\/www.greenpeace.org\/romania\/wp-json\/wp\/v2\/p4-page-type?post=4982"}],"curies":[{"name":"wp","href":"https:\/\/api.w.org\/{rel}","templated":true}]}}