{"id":5016,"date":"2020-11-10T18:52:21","date_gmt":"2020-11-10T15:52:21","guid":{"rendered":"https:\/\/www.greenpeace.org\/romania\/?p=5016"},"modified":"2026-04-02T13:26:30","modified_gmt":"2026-04-02T10:26:30","slug":"ghid-ce-puteti-face-cand-vedeti-deseuri-care-ard","status":"publish","type":"post","link":"https:\/\/www.greenpeace.org\/romania\/articol\/5016\/ghid-ce-puteti-face-cand-vedeti-deseuri-care-ard\/","title":{"rendered":"GHID | Ce pute\u021bi face c\u00e2nd vede\u021bi de\u0219euri care ard?"},"content":{"rendered":"\n<p>Cet\u0103\u021benii pot folosi <a href=\"https:\/\/www.greenpeace.org\/static\/planet4-romania-stateless\/2020\/11\/8c1779ca-ghid-greenpeace_deseuri-in-flacari.pdf\" target=\"_blank\" rel=\"noreferrer noopener\"><strong>ghidul preg\u0103tit de Greenpeace Rom\u00e2nia \u0219i Zero Waste Rom\u00e2nia<\/strong><\/a> pentru a semnala cazuri de gunoaie incinerate, care polueaz\u0103 aerul \u0219i pun \u00een pericol s\u0103n\u0103tatea public\u0103.  Ghidul explic\u0103 pe scurt cum poate fi raportat\u0103 o incendiere c\u0103tre autorit\u0103\u021bi, de ce nu trebuie arse de\u0219eurile \u0219i cum poate fiecare contribui la un mediu mai curat, zi de zi. <\/p>\n\n<figure class=\"wp-block-image size-large  caption-style-medium caption-alignment-center\"><img loading=\"lazy\" decoding=\"async\" width=\"800\" height=\"486\" src=\"https:\/\/www.greenpeace.org\/static\/planet4-romania-stateless\/2020\/11\/3ec8bf0b-gp0stsqbo_web_size_with_credit_line.jpg\" alt=\"\" class=\"wp-image-5018\" srcset=\"https:\/\/www.greenpeace.org\/static\/planet4-romania-stateless\/2020\/11\/3ec8bf0b-gp0stsqbo_web_size_with_credit_line.jpg 800w, https:\/\/www.greenpeace.org\/static\/planet4-romania-stateless\/2020\/11\/3ec8bf0b-gp0stsqbo_web_size_with_credit_line-300x182.jpg 300w, https:\/\/www.greenpeace.org\/static\/planet4-romania-stateless\/2020\/11\/3ec8bf0b-gp0stsqbo_web_size_with_credit_line-768x467.jpg 768w, https:\/\/www.greenpeace.org\/static\/planet4-romania-stateless\/2020\/11\/3ec8bf0b-gp0stsqbo_web_size_with_credit_line-510x310.jpg 510w\" sizes=\"auto, (max-width: 800px) 100vw, 800px\" \/><\/figure>\n\n<h2 class=\"wp-block-heading\">De ce este periculoas\u0103 arderea de\u0219eurilor?<\/h2>\n\n<p>\u00centr-o \u021bar\u0103 care pune pre\u021b pe s\u0103n\u0103tatea public\u0103, nu ve\u021bi vedea oameni care ard de\u0219euri sau vegeta\u021bie \u00een gospod\u0103rii sau \u00een jurul acestora.<\/p>\n\n<p>\u00cen timp ce sunt arse, de\u0219eurile elibereaz\u0103 substan\u021be chimice sub forma unor compu\u0219i extrem de toxici pentru organismul uman \u0219i natur\u0103. De exemplu, plasticul ars eman\u0103, printre altele, dioxine: unele dintre cele mai periculoase substan\u021be generate de om prin activit\u0103\u021bi precum arderea de\u0219eurilor din PVC. Potrivit <a href=\"https:\/\/www.epa.gov\/dioxin\/learn-about-dioxin\">studiilor de specialitate<\/a>, cauzeaz\u0103 cancer, probleme de imunitate \u0219i reproductive, dar \u0219i alte afec\u021biuni. Nu au gust sau miros, iar marea problem\u0103 este c\u0103 sunt bioacumulative, a\u0219a c\u0103 sunt stocate \u00een organism pe termen foarte lung, dup\u0103 ce intr\u0103 \u00een corp prin inhalare\/ingestie direct\u0103, sau prin consumul de carne, lapte, ou\u0103 de la animale contaminate. Odat\u0103 intrate \u00een organism, pot r\u0103m\u00e2ne \u0219i genera consecin\u021be timp de decenii &#8211; femeile le transmit copiilor, care se pot na\u0219te cu diverse afec\u021biuni fizice sau mentale.&nbsp;<\/p>\n\n<p>Majoritatea de\u0219eurilor din lumea modern\u0103 con\u021bin substan\u021be care devin extrem de toxice prin ardere.&nbsp;<\/p>\n\n<p>Nici arderea vegeta\u021biei nu este lipsit\u0103 de consecin\u021be asupra s\u0103n\u0103t\u0103\u021bii oamenilor \u0219i mediului.&nbsp;<\/p>\n\n<h2 class=\"wp-block-heading\">Ce spune legea?<\/h2>\n\n<p>At\u00e2t oamenii \u0219i companiile, c\u00e2t \u0219i autorit\u0103\u021bile publice, precum prim\u0103riile pot fi amendate pentru \u00eenc\u0103lcarea regulilor c\u00e2nd vine vorba de de\u0219euri.<\/p>\n\n<p>Incendierea de\u0219eurilor este interzis\u0103 \u0219i pedepsit\u0103, potrivit<strong> <\/strong>legii 211\/2011 &#8211; principala lege cu privire la gestionarea de\u0219eurilor, cu modific\u0103rile \u0219i complet\u0103rile ulterioare<\/p>\n\n<p>\u00cen cazul \u00een care sunt arse de\u0219euri periculoase, fapta se poate \u00eencadra la infrac\u021biune \u0219i pedepsi cu \u00eenchisoare de la 3 la 5 ani, potrivit legii nr. 211, art. 63 &#8211; inclusiv pentru persoane fizice.&nbsp;<\/p>\n\n<h2 class=\"wp-block-heading\">Ce pute\u021bi face \u00een caz de urgen\u021b\u0103, adic\u0103 atunci c\u00e2nd sunte\u021bi martor la incendierea de\u0219eurilor?<\/h2>\n\n<p>\u00cen teorie, orice foc \u00een aer liber\/ ardere necontrolat\u0103, fie c\u0103 este ars\u0103 vegeta\u021bie uscat\u0103 (de\u0219eu de tip compostabil), fie c\u0103 sunt arse de\u0219euri, poate fi reclamat autorit\u0103\u021bilor, fiindc\u0103 reprezint\u0103 o activitate ilegal\u0103, dup\u0103 cum am descris mai sus.&nbsp;<\/p>\n\n<p>Fiindc\u0103 orice foc prezint\u0103 riscul de a se extinde, c\u00e2nd vede\u021bi sau suspecta\u021bi c\u0103 ard de\u0219euri, pa\u0219ii sunt:<\/p>\n\n<ol class=\"wp-block-list\"><li>P\u0103r\u0103si\u021bi c\u00e2t mai cur\u00e2nd perimetrul \u00een care ajunge fumul. Dac\u0103 ave\u021bi posibilitatea \u0219i nu presupune riscuri, face\u021bi o poz\u0103 pentru a surprinde situa\u021bia.&nbsp;<\/li><li>Suna\u021bi la 112 \u0219i spune\u021bi c\u0103 dori\u021bi s\u0103 reclama\u021bi un caz de poluare generat de ceea ce pare a fi un incendiu de de\u0219euri. Potrivit G\u0103rzii de Mediu, echipele acestora de permanen\u021b\u0103 (din afara orelor de program) pot fi sesizate prin dispeceratul 112. Tot prin 112 sunt sesizate \u0219i echipajele de pompieri care trebuie s\u0103 sting\u0103 focul.&nbsp;<\/li><li>O alternativ\u0103 la apelarea 112 este s\u0103 suna\u021bi la poli\u021bia local\u0103 \u0219i s\u0103 explica\u021bi cazul. Ace\u0219tia v\u0103 pot direc\u021biona la 112 \u0219i ISU (pompieri), sau pot alege s\u0103 trimit\u0103 un echipaj, \u00een func\u021bie de evaluarea situa\u021biei. Dac\u0103 nu reac\u021bioneaz\u0103 prompt, pute\u021bi invoca c\u0103 este \u00eenc\u0103lcat\u0103 legea 211\/2011, iar poli\u021bia are responsabilitatea de a investiga. Dac\u0103 tot nu reac\u021bioneaz\u0103, apela\u021bi 112.&nbsp;<\/li><li>Raporta\u021bi la Garda de Mediu &#8211; ace\u0219tia nu au competen\u021be pentru a stinge focul, dar pot evalua impactul de mediu \u0219i aplica amenzi. Pute\u021bi depune sesizarea online pe modelul <a href=\"https:\/\/www.greenpeace.org\/static\/planet4-romania-stateless\/2020\/11\/8c1779ca-ghid-greenpeace_deseuri-in-flacari.pdf\">afi\u0219at \u00een ghid<\/a>. <\/li><li>Raporta\u021bi la Prim\u0103rie, dac\u0103 incidentul s-a petrecut pe raza unei prim\u0103rii, fiindc\u0103 autorit\u0103\u021bile locale au prin lege obliga\u021bia de a combate poluarea. Pute\u021bi folosi modelul de cerere de la pct. 4<\/li><\/ol>\n\n<p>\u00cen ceea ce prive\u0219te sesiz\u0103rile scrise, \u021bine\u021bi cont c\u0103:<\/p>\n\n<ul class=\"wp-block-list\"><li>Termenul \u00een care autorit\u0103\u021bile sunt obligate s\u0103 comunice r\u0103spunsul la o sesizare este de 30 de zile de la data \u00eenregistr\u0103rii. Excep\u021bii: \u00een situa\u021bia \u00een care aspectele sesizate prin peti\u021bie necesit\u0103 o informare \u0219i o cercetare mai am\u0103nun\u021bit\u0103, termenul se poate prelungi cu cel mult 15 zile, cu notificarea prealabil\u0103 a petentului, potrivit art. 9 al OUG 27\/2002<\/li><li>Dac\u0103 nu a\u021bi primit num\u0103rul de \u00eenregistrare, recomandabil este s\u0103 reveni\u021bi telefonic la autoritatea sesizat\u0103 pentru a verifica dac\u0103 peti\u021bia dumneavoastr\u0103 a ajuns \u00een aten\u021bia acesteia, p\u00e2n\u0103 \u00een momentul \u00een care vi se poate comunica un num\u0103r de \u00eenregistrare.&nbsp;<\/li><li>\u021aine\u021bi cont de faptul c\u0103 peti\u021biile anonime sau cele \u00een care nu sunt trecute datele de identificare ale peti\u021bionarului nu se iau \u00een considerare \u0219i se claseaz\u0103, potrivit Ordonan\u021bei Guvernului nr. 27\/2002 privind activitatea de solu\u021bionare a peti\u021biilor. Furniza\u021bi numele, adresa fizic\u0103 (jude\u021b, localitate, strad\u0103) \u0219i\/sau adresa de e-mail, num\u0103rul de telefon la care pute\u021bi fi contactat.&nbsp;<\/li><\/ul>\n\n<p><strong>S\u0103 nu uit\u0103m c\u0103 toate aceste de\u0219euri exist\u0103 \u0219i pentru c\u0103 noi, oamenii, le producem.<\/strong><\/p>\n\n<p>Zilnic, pute\u021bi contribui pentru un mediu mai curat dac\u0103:&nbsp;<\/p>\n\n<ul class=\"wp-block-list\"><li>Refuza\u021bi produse de plastic de unic\u0103 folosin\u021b\u0103, bunuri \u0219i produse toxice, care nu pot fi reparate, compostate sau reciclate.<\/li><li>Reduce\u021bi cantitatea de bunuri \u0219i produse pe care o cumpr\u0103ra\u021bi sau de\u021bine\u021bi. \u00cenchiria\u021bi, dona\u021bi, schimba\u021bi sau vinde\u021bi bunuri \u0219i produse func\u021bionale de care nu mai ave\u021bi nevoie.<\/li><li>Cump\u0103ra\u021bi responsabil produse \u0219i bunuri locale, durabile, nontoxice, reparabile, recondi\u021bionate, compostabile, reciclabile. Prioritiza\u021bi produsele la vrac \u0219i ambalajele reutilizabile.<\/li><li>Repara\u021bi \u0219i reutiliza\u021bi produse \u0219i bunuri de orice fel. C\u0103uta\u021bi \u00een special atelierele mici de repara\u021bii din ora\u0219ul vostru.&nbsp;<\/li><li>Separa\u021bi \u0219i composta\u021bi resturile alimentare a c\u0103ror recuren\u021b\u0103 nu o pute\u021bi evita. Separa\u021bi uleiul alimentar uzat \u0219i duce\u021bi-l la centrele de colectare.<\/li><li>Separa\u021bi pe categorii (h\u00e2rtie\/carton, plastic\/metal \u0219i sticl\u0103) ambalajele pe care nu le pute\u021bi evita \u0219i produsele care nu pot fi reparate \u0219i refolosite. Acestea sunt resurse valoroase pentru industria recicl\u0103rii.<\/li><li>Identifica\u021bi produsele care nu pot fi reparate, refolosite, compostate sau reciclate. Contacta\u021bi companiile produc\u0103toare \u0219i solicita\u021bi-le reproiectarea acestora.<\/li><li>Contacta\u021bi-v\u0103 primarul \u0219i solicita\u021bi implementarea programului \u201eZero De\u0219euri pentru Ora\u0219e\u201d.<\/li><\/ul>\n\n<div class=\"wp-block-file\"><a href=\"https:\/\/www.greenpeace.org\/static\/planet4-romania-stateless\/2020\/11\/8c1779ca-ghid-greenpeace_deseuri-in-flacari.pdf\">Ghid reac\u021bie de\u0219euri arse &#8211; Greenpeace \u0219i Zero Waste &#8211;  <\/a><\/div>\n\n<p><\/p>\n","protected":false},"excerpt":{"rendered":"<p>Cet\u0103\u021benii pot folosi ghidul preg\u0103tit de Greenpeace Rom\u00e2nia \u0219i Zero Waste Rom\u00e2nia pentru a semnala cazuri de gunoaie incinerate, care polueaz\u0103 aerul \u0219i pun \u00een pericol s\u0103n\u0103tatea public\u0103.<\/p>\n","protected":false},"author":34,"featured_media":5018,"comment_status":"open","ping_status":"closed","sticky":false,"template":"","format":"standard","meta":{"ep_exclude_from_search":false,"p4_og_title":"","p4_og_description":"","p4_og_image":"","p4_og_image_id":"","p4_seo_canonical_url":"","p4_campaign_name":"not set","p4_local_project":"not set","p4_basket_name":"not set","p4_department":"","footnotes":""},"categories":[31],"tags":[8,26,36,7],"p4-page-type":[],"class_list":["post-5016","post","type-post","status-publish","format-standard","has-post-thumbnail","hentry","category-greenpeace","tag-participare-civica-2","tag-activism","tag-criza-climatica","tag-energie-regenerabila"],"_links":{"self":[{"href":"https:\/\/www.greenpeace.org\/romania\/wp-json\/wp\/v2\/posts\/5016","targetHints":{"allow":["GET"]}}],"collection":[{"href":"https:\/\/www.greenpeace.org\/romania\/wp-json\/wp\/v2\/posts"}],"about":[{"href":"https:\/\/www.greenpeace.org\/romania\/wp-json\/wp\/v2\/types\/post"}],"author":[{"embeddable":true,"href":"https:\/\/www.greenpeace.org\/romania\/wp-json\/wp\/v2\/users\/34"}],"replies":[{"embeddable":true,"href":"https:\/\/www.greenpeace.org\/romania\/wp-json\/wp\/v2\/comments?post=5016"}],"version-history":[{"count":7,"href":"https:\/\/www.greenpeace.org\/romania\/wp-json\/wp\/v2\/posts\/5016\/revisions"}],"predecessor-version":[{"id":5026,"href":"https:\/\/www.greenpeace.org\/romania\/wp-json\/wp\/v2\/posts\/5016\/revisions\/5026"}],"wp:featuredmedia":[{"embeddable":true,"href":"https:\/\/www.greenpeace.org\/romania\/wp-json\/wp\/v2\/media\/5018"}],"wp:attachment":[{"href":"https:\/\/www.greenpeace.org\/romania\/wp-json\/wp\/v2\/media?parent=5016"}],"wp:term":[{"taxonomy":"category","embeddable":true,"href":"https:\/\/www.greenpeace.org\/romania\/wp-json\/wp\/v2\/categories?post=5016"},{"taxonomy":"post_tag","embeddable":true,"href":"https:\/\/www.greenpeace.org\/romania\/wp-json\/wp\/v2\/tags?post=5016"},{"taxonomy":"p4-page-type","embeddable":true,"href":"https:\/\/www.greenpeace.org\/romania\/wp-json\/wp\/v2\/p4-page-type?post=5016"}],"curies":[{"name":"wp","href":"https:\/\/api.w.org\/{rel}","templated":true}]}}