{"id":5042,"date":"2020-11-13T13:51:51","date_gmt":"2020-11-13T10:51:51","guid":{"rendered":"https:\/\/www.greenpeace.org\/romania\/?p=5042"},"modified":"2021-03-01T11:30:10","modified_gmt":"2021-03-01T08:30:10","slug":"romania-pregateste-un-plan-dezastruos-pentru-natura-ce-am-aflat-despre-planul-national-de-redresare-si-rezilienta","status":"publish","type":"post","link":"https:\/\/www.greenpeace.org\/romania\/articol\/5042\/romania-pregateste-un-plan-dezastruos-pentru-natura-ce-am-aflat-despre-planul-national-de-redresare-si-rezilienta\/","title":{"rendered":"Rom\u00e2nia preg\u0103te\u0219te un plan dezastruos pentru natur\u0103 &#8211; ce am aflat despre Planul Na\u021bional de Redresare \u0219i Rezilien\u021b\u0103"},"content":{"rendered":"\n<p>Greenpeace \u0219i organiza\u021bii partenere au primit informa\u021bii pe surse \u0219i au v\u0103zut documente din Planul Na\u021bional de Redresare \u0219i Rezilien\u021b\u0103 al Rom\u00e2niei, menit s\u0103 acceseze imense fonduri europene g\u00e2ndite pentru dezvoltarea sustenabil\u0103. Din documentele analizate, reiese c\u0103 Rom\u00e2nia va \u00eencerca s\u0103 acceseze aceste fonduri pentru interese care sunt contrare naturii \u0219i genera\u021biilor viitoare.&nbsp;<\/p>\n\n<p>Este posibil ca \u021bara s\u0103 piard\u0103 sume uria\u0219e de bani, care ar fi putut securiza un prezent mai sigur \u0219i un viitor mai bun.<\/p>\n\n<p>Greenpeace Rom\u00e2nia, WWF, Bankwatch, Funda\u021bia Conservation Carpathia, Eco Civica, Asocia\u021bia Kogayon. 2 Celsius \u0219i Eco Ruralis s-au reunit pentru a trage un semnal de alarm\u0103 asupra modului \u00een care se construie\u0219te Planul Na\u021bional de Redresare \u0219i Rezilien\u021b\u0103.<\/p>\n\n<figure class=\"wp-block-image size-large  caption-style-medium caption-alignment-center\"><img loading=\"lazy\" decoding=\"async\" width=\"1024\" height=\"638\" src=\"https:\/\/www.greenpeace.org\/static\/planet4-romania-stateless\/2020\/11\/998b1e15-harta-1024x638.png\" alt=\"\" class=\"wp-image-5043\" srcset=\"https:\/\/www.greenpeace.org\/static\/planet4-romania-stateless\/2020\/11\/998b1e15-harta-1024x638.png 1024w, https:\/\/www.greenpeace.org\/static\/planet4-romania-stateless\/2020\/11\/998b1e15-harta-300x187.png 300w, https:\/\/www.greenpeace.org\/static\/planet4-romania-stateless\/2020\/11\/998b1e15-harta-768x479.png 768w, https:\/\/www.greenpeace.org\/static\/planet4-romania-stateless\/2020\/11\/998b1e15-harta-510x318.png 510w, https:\/\/www.greenpeace.org\/static\/planet4-romania-stateless\/2020\/11\/998b1e15-harta.png 1330w\" sizes=\"auto, (max-width: 1024px) 100vw, 1024px\" \/><\/figure>\n\n<h2 class=\"wp-block-heading\">Ce informa\u021bii am ob\u021binut de la sursele din ministerul mediului?<\/h2>\n\n<p>Pe domeniul mediu se propun, spre exemplu, 145 mil. Euro pentru reabilitarea \u0219i refacerea a 1000 de Km de drumuri forestiere (\u00een condi\u021biile \u00een care multe sunt construite f\u0103r\u0103 s\u0103 \u021bin\u0103 cont de impactul asupra mediului, deci orice lucr\u0103ri suplimentare ar d\u0103una \u0219i mai mult), 45 mil. Euro pentru corectarea de toren\u021bi (adic\u0103 distrugerea acestor micro-habitate prin betonare) \u0219i 209 buc\u0103\u021bi (sic) spa\u021bii gestionare fond cinegetic \u00een valoare de 108 mil. Euro (adic\u0103 cabane de v\u00e2n\u0103toare), iar pe domeniul agricultur\u0103 avem 1 miliard de euro pentru lucr\u0103ri de drenaj \u0219i desec\u0103ri (adic\u0103 distrugerea habitatelor umede).&nbsp;<\/p>\n\n<p>Doar aceste c\u00e2teva exemple de investi\u021bii sunt de natur\u0103 s\u0103 ne arate c\u00e2t de gre\u0219it \u00een\u021beleg autorii imperativele Pactului Ecologic European \u0219i a Strategiei Europene pentru Biodiversitate. \u00cen acest ritm, risc\u0103m s\u0103 pierdem mare parte din cele 80 de miliarde de euro, a\u0219a cum am <a href=\"https:\/\/mainesedecideazi.ro\/romania-va-primi-cei-80-de-miliarde-doar-cu-un-plan-de-redresare-aliniat-viziunii-ue-pe-termen-lung\">avertizat <\/a>\u00eenc\u0103 din luna iulie, \u00een urma <a href=\"https:\/\/www.greenpeace.org\/static\/planet4-romania-stateless\/2020\/07\/87fabd74-analiza-greenpeace-msda.pdf\">analizei <\/a>Planului Na\u021bional de Investi\u021bii \u0219i Relansare Economic\u0103.<\/p>\n\n<p><strong>Elaborat \u00een secret<\/strong>, f\u0103r\u0103 nicio consultare public\u0103, Planul Na\u021bional de Redresare \u0219i Rezilien\u021b\u0103 (PNRR) risc\u0103 s\u0103 omit\u0103 cele mai importante schimb\u0103ri de care Rom\u00e2nia are nevoie \u0219i s\u0103 nu atrag\u0103 cele 30 de miliarde de euro alocate de c\u0103tre UE. \u00cen schimb, acesta trebuia s\u0103 fie elaborat \u00eentr-o manier\u0103 transparent\u0103 prin consultare public\u0103 \u0219i implicarea factorilor interesa\u021bi, a\u0219a cum se cere inclusiv \u00een <a href=\"https:\/\/ec.europa.eu\/info\/sites\/info\/files\/3_en_document_travail_service_part1_v3_en.pdf\">ghidul Comisiei Europene<\/a>, nu doar la nivelul Guvernului \u0219i al companiilor de stat.&nbsp;<\/p>\n\n<p>Greenpeace, WWF, Bankwatch \u0219i alte ONG-uri reunite \u00een platforma <a href=\"about:blank\">www.m\u00e2inesedecideazi.ro<\/a> &#8211; care con\u021bine exact un set de peste 80 de m\u0103suri convergente cu PNRR &#8211; au solicitat Ministerului Fondurilor Europene, Pre\u0219edin\u021biei \u0219i Guvernului, \u00eenc\u0103 din data de 29 octombrie, s\u0103 fie considerate factori interesa\u021bi \u00een elaborarea PNRR, f\u0103r\u0103 ca p\u00e2n\u0103 \u00een prezent s\u0103 fi primit vreun r\u0103spuns.<\/p>\n\n<p>Pre\u0219edintele Iohannis a prezentat \u00een <a href=\"https:\/\/www.presidency.ro\/ro\/presedinte\/agenda-presedintelui\/conferinta-de-presa-sustinuta-de-presedintele-romaniei-domnul-klaus-iohannis1603905821\">conferin\u021ba de pres\u0103<\/a> din 28 octombrie structura PNRR pe trei piloni \u0219i 12 direc\u021bii prioritare, iar Ministrul Fondurilor Europene, Marcel Bolo\u0219, a precizat \u00eentr-o <a href=\"https:\/\/www.agerpres.ro\/economic-intern\/2020\/11\/09\/video-bolos-planul-national-de-redresare-si-rezilienta-este-documentul-de-capatai-al-romaniei-pentru-perioada-urmatoare--606002\">conferin\u021b\u0103 de pres\u0103<\/a> din 9 noiembrie c\u0103 la minister exist\u0103 deja un draft al PNRR. Cum p\u00e2n\u0103 \u00een momentul lans\u0103rii acestui comunicat de pres\u0103 nu a fost publicat draftul PNRR pe niciuna dintre platformele oficiale \u0219i nici peti\u021bia noastr\u0103 nu a primit vreun r\u0103spuns, avem \u00eendoieli legitime cu privire la modul de elaborare a acestui document \u201d&#8230; de c\u0103p\u0103t\u00e2i al Rom\u00e2niei pentru perioada urm\u0103toare.\u201d, a\u0219a cum a declarat chiar domnul ministru Bolo\u0219.<\/p>\n\n<p><em>\u201cCerem Ministerului Fondurilor Europene, public de aceast\u0103 dat\u0103, s\u0103 ne considere factori interesa\u021bi, s\u0103 comunice calendarul consult\u0103rilor publice pentru PNRR, \u00een condi\u021biile \u00een care elaborarea s-a f\u0103cut \u00een spatele u\u0219ilor \u00eenchise, \u0219i s\u0103 precizeze termenul depunerii planului Rom\u00e2niei la Comisia European\u0103\u201d<\/em>., a declarat Valentin S\u0103l\u0103geanu, Greenpeace Rom\u00e2nia.&nbsp;<\/p>\n\n<p>Rom\u00e2nia, printre cele mai bogate \u021b\u0103ri \u00een ceea ce prive\u0219te biodiversitatea, are acum oportunitatea de a deveni lider european \u00een conservarea naturii. Pentru asta trebuie doar s\u0103 ne aliniem ca \u021bar\u0103 politicilor \u0219i \u021bintelor europene \u0219i dorin\u021bei societ\u0103\u021bii, s\u0103 vrem s\u0103 ne protej\u0103m patrimoniul natural na\u021bional, s\u0103 cerem \u0219i ob\u021binem resurse de la UE pentru aceasta. Conservarea \u0219i valorificarea sustenabil\u0103 a patrimoniului natural vor aduce beneficii naturii \u0219i nou\u0103 tuturor, inclusiv bun\u0103stare comunit\u0103\u021bilor locale.<\/p>\n","protected":false},"excerpt":{"rendered":"<p>Greenpeace Rom\u00e2nia, WWF, Bankwatch, Funda\u021bia Conservation Carpathia, Eco Civica, Asocia\u021bia Kogayon. 2 Celsius \u0219i Eco Ruralis s-au reunit pentru a trage un semnal de alarm\u0103 asupra modului \u00een care se construie\u0219te Planul Na\u021bional de Redresare \u0219i Rezilien\u021b\u0103.<\/p>\n","protected":false},"author":34,"featured_media":5043,"comment_status":"open","ping_status":"closed","sticky":false,"template":"","format":"standard","meta":{"ep_exclude_from_search":false,"p4_og_title":"","p4_og_description":"","p4_og_image":"","p4_og_image_id":"","p4_seo_canonical_url":"","p4_campaign_name":"not set","p4_local_project":"not set","p4_basket_name":"not set","p4_department":"","footnotes":""},"categories":[2,4,31,3],"tags":[19,36,68,73],"p4-page-type":[],"class_list":["post-5042","post","type-post","status-publish","format-standard","has-post-thumbnail","hentry","category-clima-si-energie","category-comunitate","category-greenpeace","category-paduri","tag-biodiversitate","tag-criza-climatica","tag-energie","tag-tranzitie-justa-1"],"_links":{"self":[{"href":"https:\/\/www.greenpeace.org\/romania\/wp-json\/wp\/v2\/posts\/5042","targetHints":{"allow":["GET"]}}],"collection":[{"href":"https:\/\/www.greenpeace.org\/romania\/wp-json\/wp\/v2\/posts"}],"about":[{"href":"https:\/\/www.greenpeace.org\/romania\/wp-json\/wp\/v2\/types\/post"}],"author":[{"embeddable":true,"href":"https:\/\/www.greenpeace.org\/romania\/wp-json\/wp\/v2\/users\/34"}],"replies":[{"embeddable":true,"href":"https:\/\/www.greenpeace.org\/romania\/wp-json\/wp\/v2\/comments?post=5042"}],"version-history":[{"count":3,"href":"https:\/\/www.greenpeace.org\/romania\/wp-json\/wp\/v2\/posts\/5042\/revisions"}],"predecessor-version":[{"id":5046,"href":"https:\/\/www.greenpeace.org\/romania\/wp-json\/wp\/v2\/posts\/5042\/revisions\/5046"}],"wp:featuredmedia":[{"embeddable":true,"href":"https:\/\/www.greenpeace.org\/romania\/wp-json\/wp\/v2\/media\/5043"}],"wp:attachment":[{"href":"https:\/\/www.greenpeace.org\/romania\/wp-json\/wp\/v2\/media?parent=5042"}],"wp:term":[{"taxonomy":"category","embeddable":true,"href":"https:\/\/www.greenpeace.org\/romania\/wp-json\/wp\/v2\/categories?post=5042"},{"taxonomy":"post_tag","embeddable":true,"href":"https:\/\/www.greenpeace.org\/romania\/wp-json\/wp\/v2\/tags?post=5042"},{"taxonomy":"p4-page-type","embeddable":true,"href":"https:\/\/www.greenpeace.org\/romania\/wp-json\/wp\/v2\/p4-page-type?post=5042"}],"curies":[{"name":"wp","href":"https:\/\/api.w.org\/{rel}","templated":true}]}}