{"id":5164,"date":"2020-12-11T12:53:50","date_gmt":"2020-12-11T09:53:50","guid":{"rendered":"https:\/\/www.greenpeace.org\/romania\/?p=5164"},"modified":"2026-04-02T13:41:46","modified_gmt":"2026-04-02T10:41:46","slug":"11-prioritati-pentru-bucuresti-scrisoare-deschisa-catre-primarul-general-al-capitalei-nicusor-dan","status":"publish","type":"post","link":"https:\/\/www.greenpeace.org\/romania\/articol\/5164\/11-prioritati-pentru-bucuresti-scrisoare-deschisa-catre-primarul-general-al-capitalei-nicusor-dan\/","title":{"rendered":"11 PRIORIT\u0102\u021aI PENTRU BUCURE\u0218TI Scrisoare deschis\u0103 c\u0103tre Primarul General al Capitalei, Nicu\u0219or Dan"},"content":{"rendered":"\n<figure class=\"wp-block-image size-large  caption-style-medium caption-alignment-center\"><img loading=\"lazy\" decoding=\"async\" width=\"1024\" height=\"576\" src=\"https:\/\/www.greenpeace.org\/static\/planet4-romania-stateless\/8e8c90dd-scrisoare-deschis\u0103-nicu\u0219or-dan.jpg\" alt=\"\" class=\"wp-image-5165\"\/><figcaption>Imagine via <a href=\"https:\/\/funky.ong\/scrisoare-deschisa-catre-primarul-general-al-bucurestiului-nicusor-dan\/\" target=\"_blank\" rel=\"noreferrer noopener\">Funky Citizens<\/a><\/figcaption><\/figure>\n\n<p><em><strong>Stimate<\/strong><\/em><em style=\"\"><strong><b> Nicu\u0219or Dan,&nbsp;<\/b><\/strong><\/em><\/p>\n\n<p>Am urm\u0103rit campania dumneavoastr\u0103, programul de candidatur\u0103 \u0219i promisiunile din seara rezultatelor la alegeri. Domnule Dan, a\u021bi anun\u021bat, \u00een discursul dumneavoastr\u0103, o alt\u0103 administra\u021bie a Bucure\u0219tiului, partener\u0103 cu cet\u0103\u021beanul \u0219i care s\u0103 foloseasc\u0103 energiile acestui ora\u0219. Un parteneriat cu mediul de afaceri, cu mediul academic, cu speciali\u0219tii, cu ONG-urile, cu asocia\u021biile profesionale.<\/p>\n\n<p>Bucure\u0219tiul are \u00een acest moment o mare nevoie de o administra\u021bie de calitate.&nbsp;Sufocat de trafic, aer poluat \u0219i gunoaie, cu str\u0103zi pline de gropi \u0219i mii de cl\u0103diri vulnerabile la cutremur, divizat de inegalit\u0103\u021bi sociale, cu una din cele mai mari rate de infectare cu COVID-19 din \u021bar\u0103 \u0219i o fibr\u0103 social\u0103 fragil\u0103, acesta nu mai este un ora\u0219 \u00een care s\u0103 fie bine s\u0103 tr\u0103ie\u0219ti.<\/p>\n\n<p>Totu\u0219i, noi, semnatarii acestei scrisori, credem c\u0103 acest lucru poate fi schimbat, dac\u0103 lucr\u0103m \u00eempreun\u0103 \u0219i constant la priorit\u0103\u021bile ora\u0219ului. Credem c\u0103 Bucure\u0219tiul are resursele umane \u0219i materiale pentru a redeveni un ora\u0219 cu o calitate a vie\u021bii ridicat\u0103.<\/p>\n\n<p>Suntem c\u00e2teva zeci de organiza\u021bii \u0219i grupuri de ini\u021biativ\u0103 care deja lucreaz\u0103 pentru un Bucure\u0219ti mai bun. Acord\u0103m finan\u021b\u0103ri pentru proiecte, protej\u0103m parcurile ora\u0219ului, construim \u0219i amenaj\u0103m spitale, urm\u0103rim transparen\u021ba bugetar\u0103, aducem \u00eempreun\u0103 vecini din cartiere, sus\u021binem educa\u021bia pentru copii din medii defavorizate, m\u0103sur\u0103m calitatea aerului, preg\u0103tim popula\u021bia pentru un viitor mare cutremur, facem col\u021buri din ora\u0219 mai prietenoase cu locuitorii lui, folosim resursele nefolosite ale ora\u0219ului (hale industriale, r\u00e2ul D\u00e2mbovi\u021ba) \u00een colective de creativi \u0219i exemplele pot continua. O parte dintre noi au ini\u021biat deja de-a lungul timpului colabor\u0103ri cu administra\u021bia public\u0103 de la nivelul Municipiului Bucure\u0219ti.<\/p>\n\n<p>Scriem aceast\u0103 scrisoare pentru a ne exprima speran\u021ba \u0219i interesul pentru un parteneriat eficient cu administra\u021bia local\u0103 \u00een acest mandat, pentru&nbsp;Bucure\u0219ti&nbsp;\u0219i to\u021bi locuitorii s\u0103i.&nbsp;<\/p>\n\n<p>Premisele de cooperare de la care plec\u0103m cu to\u021bii sunt prioritizarea intereselor comunit\u0103\u021bii, solidaritatea, transparen\u021b\u0103 bugetar\u0103 \u0219i decizional\u0103, folosirea resurselor locale \u00een mod corect, echitabil \u0219i eficient.<\/p>\n\n<p>De asemenea, fiecare din semnatarii acestei scrisori \u00een parte de\u021bine expertiz\u0103, instrumente \u0219i resurse care pot fi utilizate \u00eempreun\u0103 cu noua administra\u021bie, pentru binele comun al bucure\u0219tenilor.<\/p>\n\n<p>Am cartografiat mai jos, \u00een formatul programului dumneavoastr\u0103 de candidatur\u0103, priorit\u0103\u021bile, resursele \u0219i expertiza noastr\u0103. Lista&nbsp;organiza\u021biilor nu este exhaustiv\u0103. Cu siguran\u021b\u0103 sunt \u0219i multe altele cu experien\u021b\u0103 cel pu\u021bin la fel de relevant\u0103.<\/p>\n\n<p>V\u0103 invit\u0103m, domnule primar, s\u0103 organiz\u0103m o \u00eent\u00e2lnire \u00een care s\u0103 detaliem modul cel mai eficient \u00een care putem lucra \u00eempreun\u0103 pentru Bucure\u0219ti \u2013 fie \u00eentr-un grup mai mare al organiza\u021biilor care lucreaz\u0103 \u00een Bucure\u0219ti, fie pe arii de expertiz\u0103.<\/p>\n\n<h2 class=\"wp-block-heading\"><strong>PRIORIT\u0102\u021aILE PUBLICE ALE NOII ADMINISTRA\u021aII<\/strong><\/h2>\n\n<figure class=\"wp-block-table\"><table><tbody><tr><td><strong>1. Cet\u0103\u021beanul pe primul loc:&nbsp;<br><\/strong>transparen\u021b\u0103 administrativ\u0103, eliminarea corup\u021biei \u0219i a risipei,&nbsp;&nbsp;participare cet\u0103\u021beneasc\u0103, orientare spre rezultate concrete, digitalizare, cooperare institu\u021bional\u0103<\/td><td><strong>Organiza\u021bii cu expertiz\u0103:<\/strong>&nbsp;<br>Asocia\u021bia ActiveWatch, Asocia\u021bia Funky Citizens, Asocia\u021bia Geeks for Democracy, Centrul de resurse pentru participare public\u0103 \u2013 CeRe, Funda\u021bia Comunitar\u0103 Bucure\u0219ti, Funda\u021bia C\u0103rture\u0219ti \/ Street Delivery<\/td><\/tr><\/tbody><\/table><\/figure>\n\n<figure class=\"wp-block-table\"><table><tbody><tr><td><strong>2. Mobilitate urban\u0103<\/strong><\/td><td><strong>Organiza\u021bii cu expertiz\u0103:<\/strong>&nbsp;<br>Asocia\u021bia BAZA. Deschidem ora\u0219ul,&nbsp;Asocia\u021bia OPTAR \u2013&nbsp;&nbsp;Organiza\u0163ia pentru Promovarea Transportului Alternativ \u00een Rom\u00e2nia, Asocia\u021bia Metodelor Alternative pentru Integrare Social\u0103 \u2013 AMAIS, Greenpeace Rom\u00e2nia, Street Delivery<\/td><\/tr><\/tbody><\/table><\/figure>\n\n<figure class=\"wp-block-table\"><table><tbody><tr><td><strong>3. Respect pentru mediu:&nbsp;<br><\/strong>combaterea polu\u0103rii, infrastructur\u0103 verde-albastr\u0103, eficien\u021ba energetic\u0103 a cl\u0103dirilor, managementul superior al de\u0219eurilor, solu\u021bii nepoluante de transport urban,spatii verzi urbane, parcuri, salvarea \u0219i reabilitarea animalelor s\u0103lbatice din mediul urban, combaterea speciilor invazive<\/td><td><strong>Organiza\u021bii cu expertiz\u0103:<\/strong>&nbsp;<br>Asocia\u021bia Geeks for Democracy, Asocia\u021bia Parcul Natural V\u0103c\u0103re\u0219ti, Asocia\u021bia Peisagi\u0219tilor din Rom\u00e2nia \u2013 Filiala Bucure\u0219ti, Asocia\u021bia Wilderness Research and Conservation, Floreasca Civic\u0103, Funda\u0163ia Visul Luanei, Centrul pentru Politici Durabile Ecopolis, Funda\u021bia Comunitar\u0103 Bucure\u0219ti, Greenpeace Rom\u00e2nia, Grupul de ini\u021biativ\u0103 civic\u0103 Ci\u0219migiu, Grupul de ini\u021biativ\u0103 civic\u0103 Green Floreasca, Grupul de ini\u021biativ\u0103 civic\u0103 Kiseleff, Grupul de ini\u021biativ\u0103 civic\u0103 Lacul Tei, Street Delivery&nbsp;<\/td><\/tr><\/tbody><\/table><\/figure>\n\n<figure class=\"wp-block-table\"><table><tbody><tr><td><strong>4. Cre\u0219tere economic\u0103<\/strong> <strong>sustenabil\u0103<\/strong><\/td><td>&nbsp;<\/td><\/tr><\/tbody><\/table><\/figure>\n\n<figure class=\"wp-block-table\"><table><tbody><tr><td><strong>5. Termoficare eficient\u0103<\/strong><\/td><td>&nbsp;<\/td><\/tr><\/tbody><\/table><\/figure>\n\n<figure class=\"wp-block-table\"><table><tbody><tr><td><strong>6. Siguran\u021b\u0103:&nbsp;<br><\/strong>combaterea infrac\u021bionalit\u0103\u021bii, combaterea violen\u021bei domestice, consolidare anti-seismic\u0103, managementul riscurilor&nbsp;<\/td><td><strong>Organiza\u021bii cu expertiz\u0103:<\/strong>&nbsp;<br>Asocia\u021bia Carusel, Asocia\u021bia Make Better \u2013 MKBT, Asocia\u021bia pentru Reducerea Riscului Seismic \u2013 Re:Rise, Asocia\u021bia Rom\u00e2n\u0103 pentru Cultur\u0103, Educa\u021bie \u0219i Normalitate \u2013 ARCEN, Funda\u021bia Comunitar\u0103 Bucure\u0219ti<\/td><\/tr><\/tbody><\/table><\/figure>\n\n<figure class=\"wp-block-table\"><table><tbody><tr><td><strong>7. Educa\u021bie \u0219i performan\u021b\u0103:<\/strong>&nbsp;<br>\u0219coli, gr\u0103dini\u021be \u0219i after-school-uri, cercetare&nbsp;<\/td><td><strong>Organiza\u021bii cu expertiz\u0103:&nbsp;<br><\/strong>Asocia\u021bia BASAR \/ studioBASAR, Asocia\u021bia Casa bun\u0103, Asocia\u021bia pentru Educa\u021bia, Dezvoltarea \u0219i Implicarea Tineretului \u2013 EDIT, Asocia\u021bia The Social Incubator,&nbsp;&nbsp;Funda\u021bia C\u0103rture\u0219ti\/ Street Delivery,&nbsp;Funda\u021bia Policy Center for Roma and Minorities<\/td><\/tr><\/tbody><\/table><\/figure>\n\n<figure class=\"wp-block-table\"><table><tbody><tr><td><strong>8. S\u0103n\u0103tate:<\/strong>&nbsp;<br>spitale, calitatea actului medical,<br>combaterea eficient\u0103 COVID<\/td><td><strong>Organiza\u021bii cu expertiz\u0103:&nbsp;<br><\/strong>Asocia\u021bia D\u0103ruie\u0219te Via\u021b\u0103, Asocia\u021bia Geeks for Democracy<\/td><\/tr><\/tbody><\/table><\/figure>\n\n<figure class=\"wp-block-table\"><table><tbody><tr><td><strong>9. \u0218anse egale:&nbsp;&nbsp;<br><\/strong>pentru copii \u0219i familii, persoane defavorizate social, v\u00e2rstnici, persoane cu dizabilit\u0103\u021bi&nbsp;<\/td><td><strong>Organiza\u021bii cu expertiz\u0103:&nbsp;<br><\/strong>Asocia\u021bia ActiveWatch, Asocia\u021bia Carusel, Asocia\u021bia Casa bun\u0103, Asocia\u021bia Metodelor Alternative pentru Integrare Social\u0103 \u2013 AMAIS, Asocia\u021bia Pe Stop, Asocia\u021bia pentru Educa\u021bia, Dezvoltarea \u0219i Implicarea Tineretului \u2013 EDIT, Asocia\u021bia pentru Sprijinirea Integr\u0103rii Sociale \u2013 ASIS, Asocia\u021bia The Social Incubator, Funda\u021bia Policy Center for Roma and Minorities<\/td><\/tr><\/tbody><\/table><\/figure>\n\n<figure class=\"wp-block-table\"><table><tbody><tr><td><strong>10. Cultur\u0103 \u0219i solidaritate<\/strong>&nbsp;<\/td><td><strong>Organiza\u021bii cu expertiz\u0103:&nbsp;<br><\/strong>Asocia\u021bia BASAR \/ studioBASAR,&nbsp;Asocia\u021bia Nod makerspace,&nbsp;Asocia\u021bia Rom\u00e2n\u0103 pentru Cultur\u0103, Educa\u021bie \u0219i Normalitate \u2013 ARCEN, Funda\u021bia C\u0103rture\u0219ti\/ Street Delivery<\/td><\/tr><\/tbody><\/table><\/figure>\n\n<figure class=\"wp-block-table\"><table><tbody><tr><td><strong>11. Urbanism: o temelie solid\u0103<\/strong>&nbsp;<\/td><td><strong>Organiza\u021bii cu&nbsp;expertiz\u0103:&nbsp;<br><\/strong>Asocia\u021bia BASAR \/ studioBASAR, Asocia\u021bia BAZA. Deschidem ora\u0219ul, Asocia\u021bia Make Better \u2013 MKBT, Asocia\u021bia Metodelor Alternative pentru Integrare Social\u0103 \u2013 AMAIS, Asocia\u021bia Peisagi\u0219tilor din Rom\u00e2nia \u2013 Filiala Bucure\u0219ti, Asocia\u021bia pentru Reducerea Riscului Seismic \u2013 Re:Rise, Asocia\u021bia pentru Tranzi\u021bia Urban\u0103 \u2013 ATU, Asocia\u021bia Rom\u00e2n\u0103 pentru Cultur\u0103, Educa\u021bie \u0219i Normalitate \u2013 ARCEN, Street Delivery, Funda\u021bia Comunitar\u0103 Bucure\u0219ti<\/td><\/tr><\/tbody><\/table><\/figure>\n\n<figure class=\"wp-block-table\"><table><tbody><tr><td><strong>12. Un ora\u0219 civilizat cu animalele<\/strong>&nbsp;<\/td><td><strong>Organiza\u021bii cu expertiz\u0103:<\/strong>&nbsp;<br>Asocia\u021bia Parcul Natural V\u0103c\u0103re\u0219ti, Asocia\u021bia Wilderness Research and Conservation, Funda\u0163ia Visul Luanei, Street Delivery<\/td><\/tr><\/tbody><\/table><\/figure>\n\n<p><em>\u00cen speran\u021ba unui Bucure\u0219ti pentru oameni,<\/em><\/p>\n\n<ul class=\"wp-block-list\"><li>Asocia\u021bia Active Watch<\/li><li>Asocia\u021bia Basar&nbsp;\/ studioBASAR<\/li><li>Asocia\u021bia BAZA. Deschidem ora\u0219ul<\/li><li>Asocia\u021bia Carusel<\/li><li>Asocia\u021bia Casa bun\u0103<\/li><li>Asocia\u021bia D\u0103ruie\u0219te Via\u021b\u0103<\/li><li>Asocia\u021bia Dream Project<\/li><li>Asocia\u021bia Geeks for Democracy<\/li><li>Asocia\u021bia Make Better \u2013 MKBT<\/li><li>Asocia\u021bia Metodelor Alternative pentru Integrare Social\u0103 \u2013 AMAIS<\/li><li>Asocia\u021bia Nod Makerspace<\/li><li>Asocia\u021bia OPTAR \u2013 Organiza\u0163ia pentru Promovarea Transportului Alternativ \u00een Rom\u00e2nia<\/li><li>Asocia\u021bia Parcul Natural V\u0103c\u0103re\u0219ti<\/li><li>Asocia\u021bia Pe Stop<\/li><li>Asocia\u021bia Peisagi\u0219tilor din Rom\u00e2nia \u2013 Filiala Bucure\u0219ti<\/li><li>Asocia\u021bia pentru Educa\u021bia, Dezvoltarea \u0219i Implicarea Tineretului \u2013 EDIT<\/li><li>Asocia\u021bia pentru Reducerea Riscului Seismic \u2013 Re:Rise<\/li><li>Asocia\u021bia pentru Sprijinirea Integr\u0103rii Sociale \u2013 ASIS<\/li><li>Asocia\u021bia pentru Tranzi\u021bia Urban\u0103 \u2013 ATU<\/li><li>Asocia\u021bia Rom\u00e2n\u0103 pentru Cultur\u0103, Educa\u021bie \u0219i Normalitate \u2013 ARCEN&nbsp;<\/li><li>Asocia\u021bia The Social Incubator<\/li><li>Asocia\u021bia Wilderness Research and Conservation<\/li><li>Centrul de resurse pentru participare public\u0103 \u2013 CeRe<\/li><li>Centrul pentru Politici Durabile Ecopolis<\/li><li>Floreasca Civic\u0103<\/li><li>Funda\u021bia C\u0103rture\u0219ti \/ Street Delivery<\/li><li>Funda\u021bia Comunitar\u0103 Bucure\u0219ti<\/li><li>Funda\u021bia Policy Center for Roma and Minorities<\/li><li>Funda\u0163ia Visul Luanei<\/li><li>Funky Citizens<\/li><li>Greenpeace Rom\u00e2nia<br>Grupul de ini\u021biativ\u0103 civic\u0103 Chibrit<\/li><li>Grupul de ini\u021biativ\u0103 civic\u0103 Ci\u0219migiu<\/li><li>Grupul de ini\u021biativ\u0103 civic\u0103 Green Floreasca<\/li><li>Grupul de ini\u021biativ\u0103 civic\u0103 Kiseleff<\/li><li>Grupul de ini\u021biativ\u0103 civic\u0103 Lacul Tei<\/li><li>Ini\u021biativa Civic\u0103 Grow Up Rom\u00e2nia<\/li><li>Ordinul Arhitec\u021bilor&nbsp;din Rom\u00e2nia &#8211;&nbsp;Filiala Bucure\u0219ti<\/li><\/ul>\n","protected":false},"excerpt":{"rendered":"<p>Societatea civil\u0103 invit\u0103 Prim\u0103ria Bucure\u0219ti la colaborare pentru un ora\u0219 mai bun.<\/p>\n","protected":false},"author":34,"featured_media":5165,"comment_status":"open","ping_status":"open","sticky":false,"template":"","format":"standard","meta":{"ep_exclude_from_search":false,"p4_og_title":"","p4_og_description":"","p4_og_image":"","p4_og_image_id":"","p4_seo_canonical_url":"","p4_campaign_name":"not set","p4_local_project":"not set","p4_basket_name":"not set","p4_department":"","footnotes":""},"categories":[2,4,31],"tags":[6,19,7,132],"p4-page-type":[],"class_list":["post-5164","post","type-post","status-publish","format-standard","has-post-thumbnail","hentry","category-clima-si-energie","category-comunitate","category-greenpeace","tag-prosumatori-1","tag-biodiversitate","tag-energie-regenerabila","tag-campanii-vechi"],"_links":{"self":[{"href":"https:\/\/www.greenpeace.org\/romania\/wp-json\/wp\/v2\/posts\/5164","targetHints":{"allow":["GET"]}}],"collection":[{"href":"https:\/\/www.greenpeace.org\/romania\/wp-json\/wp\/v2\/posts"}],"about":[{"href":"https:\/\/www.greenpeace.org\/romania\/wp-json\/wp\/v2\/types\/post"}],"author":[{"embeddable":true,"href":"https:\/\/www.greenpeace.org\/romania\/wp-json\/wp\/v2\/users\/34"}],"replies":[{"embeddable":true,"href":"https:\/\/www.greenpeace.org\/romania\/wp-json\/wp\/v2\/comments?post=5164"}],"version-history":[{"count":2,"href":"https:\/\/www.greenpeace.org\/romania\/wp-json\/wp\/v2\/posts\/5164\/revisions"}],"predecessor-version":[{"id":5173,"href":"https:\/\/www.greenpeace.org\/romania\/wp-json\/wp\/v2\/posts\/5164\/revisions\/5173"}],"wp:featuredmedia":[{"embeddable":true,"href":"https:\/\/www.greenpeace.org\/romania\/wp-json\/wp\/v2\/media\/5165"}],"wp:attachment":[{"href":"https:\/\/www.greenpeace.org\/romania\/wp-json\/wp\/v2\/media?parent=5164"}],"wp:term":[{"taxonomy":"category","embeddable":true,"href":"https:\/\/www.greenpeace.org\/romania\/wp-json\/wp\/v2\/categories?post=5164"},{"taxonomy":"post_tag","embeddable":true,"href":"https:\/\/www.greenpeace.org\/romania\/wp-json\/wp\/v2\/tags?post=5164"},{"taxonomy":"p4-page-type","embeddable":true,"href":"https:\/\/www.greenpeace.org\/romania\/wp-json\/wp\/v2\/p4-page-type?post=5164"}],"curies":[{"name":"wp","href":"https:\/\/api.w.org\/{rel}","templated":true}]}}