{"id":5169,"date":"2020-12-11T15:50:48","date_gmt":"2020-12-11T12:50:48","guid":{"rendered":"https:\/\/www.greenpeace.org\/romania\/?p=5169"},"modified":"2021-03-01T11:30:08","modified_gmt":"2021-03-01T08:30:08","slug":"victorie-gazele-fosile-nu-vor-fi-finantate-din-bani-publici-europeni","status":"publish","type":"post","link":"https:\/\/www.greenpeace.org\/romania\/articol\/5169\/victorie-gazele-fosile-nu-vor-fi-finantate-din-bani-publici-europeni\/","title":{"rendered":"Victorie! Gazele fosile nu vor fi finan\u021bate din bani publici europeni"},"content":{"rendered":"\n<p>Banii din Fondul pentru Tranzi\u021bie Just\u0103 vor merge c\u0103tre energii curate \u0219i c\u0103tre dezvoltarea sustenabil\u0103 \u0219i echitabil\u0103 a comunit\u0103\u021bilor dependente de industriile poluatoare.<\/p>\n\n<p>Pe 10 decembrie, \u00een urma negocierilor dintre Comisia European\u0103, Parlamentul European \u0219i Consiliul UE, <a href=\"https:\/\/www.europarl.europa.eu\/news\/en\/press-room\/20201207IPR93210\/deal-on-financing-a-just-energy-transition-in-eu-regions\">a fost luat\u0103 decizia<\/a> privind excluderea gazelor dintr-o finan\u021bare menit\u0103 s\u0103 ajute inclusiv \u0219ase jude\u021be din Rom\u00e2nia s\u0103 realizeze tranzi\u021bia just\u0103, de la industrii poluatoare\u00a0 la energii regenerabile.<\/p>\n\n<figure class=\"wp-block-image size-large  caption-style-medium caption-alignment-center\"><img loading=\"lazy\" decoding=\"async\" width=\"1024\" height=\"577\" src=\"https:\/\/www.greenpeace.org\/static\/planet4-romania-stateless\/2020\/09\/6e2e34ee-whatsapp-image-2020-09-10-at-17.33.58-1024x577.jpeg\" alt=\"\" class=\"wp-image-4604\" srcset=\"https:\/\/www.greenpeace.org\/static\/planet4-romania-stateless\/2020\/09\/6e2e34ee-whatsapp-image-2020-09-10-at-17.33.58-1024x577.jpeg 1024w, https:\/\/www.greenpeace.org\/static\/planet4-romania-stateless\/2020\/09\/6e2e34ee-whatsapp-image-2020-09-10-at-17.33.58-300x169.jpeg 300w, https:\/\/www.greenpeace.org\/static\/planet4-romania-stateless\/2020\/09\/6e2e34ee-whatsapp-image-2020-09-10-at-17.33.58-768x432.jpeg 768w, https:\/\/www.greenpeace.org\/static\/planet4-romania-stateless\/2020\/09\/6e2e34ee-whatsapp-image-2020-09-10-at-17.33.58-1536x865.jpeg 1536w, https:\/\/www.greenpeace.org\/static\/planet4-romania-stateless\/2020\/09\/6e2e34ee-whatsapp-image-2020-09-10-at-17.33.58-510x287.jpeg 510w, https:\/\/www.greenpeace.org\/static\/planet4-romania-stateless\/2020\/09\/6e2e34ee-whatsapp-image-2020-09-10-at-17.33.58.jpeg 1600w\" sizes=\"auto, (max-width: 1024px) 100vw, 1024px\" \/><\/figure>\n\n<p>O alt\u0103 noutate const\u0103 \u00een faptul c\u0103 statele nu vor putea accesa dec\u00e2t jum\u0103tate din totalul fondurilor destinate, dac\u0103 nu vor ar\u0103ta c\u0103 sunt capabile s\u0103 ating\u0103 neutralitatea climatic\u0103 p\u00e2n\u0103 \u00een 2050.&nbsp;<\/p>\n\n<p>Greenpeace, al\u0103turi de alte organiza\u021bii de mediu din Europa, a cerut <a href=\"https:\/\/wwfeu.awsassets.panda.org\/downloads\/0920_coalition_letter_keep_the_just_transition_fund_fossil_free.pdf\">excluderea<\/a> acestui combustibil fosil, pentru ca cele 17,5 miliarde de euro oferite de UE s\u0103 nu fie deturnate c\u0103tre tehnologii \u00eenvechite, ci folosite la poten\u021bialul maxim, pentru solu\u021bii pe termen lung, cu impact pozitiv \u00een via\u021ba oamenilor.&nbsp;<\/p>\n\n<p><strong>Ce va aduce \u00een Rom\u00e2nia&nbsp; Fondul pentru Tranzi\u021bie Just\u0103?<\/strong><\/p>\n\n<p>Cele \u0219ase jude\u021be care pot accesa acest fond &#8211; Gorj, Hunedoara, Dolj, Mure\u0219, Prahova \u0219i Gala\u021bi &#8211;&nbsp; pot folosi cei 4,4 miliarde de euro aloca\u021bi Rom\u00e2niei pentru a finan\u021ba proiecte \u00een conformitate cu o Europ\u0103 durabil\u0103 \u0219i neutr\u0103 din punct de vedere climatic p\u00e2n\u0103 \u00een 2050. Planurile depuse trebuie aliniate la obiectivele UE privind schimb\u0103rile climatice \u0219i pentru dezvoltarea unor economii verzi, post combustibili fosili. Miza este ca fondurile s\u0103 asigure un viitor sustenabil \u0219i echitabil comunit\u0103\u021bilor din regiunile afectate.<\/p>\n\n<p>\u201e<em>Semnalul venit din partea institu\u021biilor europene este foarte clar. Gazele nu pot fi o solu\u021bie pentru tranzi\u021bia energetic\u0103 \u0219i pentru atingerea obiectivelor climatice, at\u00e2t pentru Rom\u00e2nia, c\u00e2t \u0219i pentru Europa. <\/em><strong><em>\u0218ase jude\u021be din&nbsp; Rom\u00e2nia au acum \u0219ansa real\u0103 de a trece printr-un proces de tranzi\u021bie care va pune pe primul loc bun\u0103starea oamenilor \u0219i a naturii.<\/em><\/strong><em> Vestea vine \u00eentr-un moment extrem de important pentru autorit\u0103\u021bile rom\u00e2ne, care acum sunt obligate s\u0103 schimbe macazul de la gaze la energie verde.\u201c declar\u0103 <\/em>Vlad C\u0103tun\u0103, coordonator campanii Clim\u0103 \u0219i Energie.&nbsp;<\/p>\n\n<p>Doar anumite domenii vor fi finan\u021bate, printre care: activit\u0103\u021bi de cercetare \u0219i inovare cu focus pe stimularea transferului de tehnologii avansate; implementarea tehnologiei \u0219i infrastructurii pentru energie verde \u0219i accesibil\u0103, pentru reducerea emisiilor gazelor cu efect de ser\u0103, pentru eficien\u021b\u0103 energetic\u0103 \u0219i pentru energie regenerabil\u0103; digitalizare \u0219i conectare digital\u0103; regenerarea \u0219i decontaminarea siturilor, refacerea terenurilor; economie circular\u0103 care s\u0103 includ\u0103 prevenirea risipei, reducerea consumului, eficientizarea resurselor \u2013 aplicarea principiului refolose\u0219te, repar\u0103, recicleaz\u0103.<\/p>\n\n<p>Pe l\u00e2ng\u0103 acestea, fondurile mai pot fi folosite pentru \u00eembun\u0103t\u0103\u021birea preg\u0103tirii profesionale \u0219i a recalific\u0103rii profesionale a muncitorilor pentru pia\u021ba muncii, pentru IMM-uri \u0219i asisten\u021b\u0103 tehnic\u0103.<\/p>\n\n<p>A\u0219a cum a mai argumentat Greenpeace la introducerea amendamentului pro-gaze de c\u0103tre europarlamentarii Cristian Ghinea \u0219i Vlad Boto\u0219 \u00een iulie 2020, Fondul pentru Tranzi\u021bie Just\u0103 fusese g\u00e2ndit din start ca un fond destinat exclusiv dezvolt\u0103rii sustenabile, nu industriilor poluante ale trecutului. Prin deturnarea unor bani c\u0103tre combustibili fosili din acest fond, r\u0103m\u00e2neau mai pu\u021bine posibilit\u0103\u021bi pentru o dezvoltare sustenabil\u0103.&nbsp;<\/p>\n\n<p><strong>Gazele fosile nu sunt solu\u021bia pentru tranzi\u021bia energetic\u0103&nbsp;<\/strong><\/p>\n\n<p>Gazele au fost prezentate de unele voci ca fiind \u201ecombustibilul de tranzi\u021bie\u201d, care s\u0103 ne \u201eajute sa facem trecerea de la c\u0103rbune la energii regenerabile\u201d.&nbsp;<\/p>\n\n<p>\u00cen realitate, gazele sunt o alt\u0103 surs\u0103 de energie care accelereaz\u0103 schimb\u0103rile climatice, prin emisiile extrem de ridicate de metan, av\u00e2nd efecte catastrofale asupra oamenilor \u0219i a naturii \u00een general, a\u0219a cum reiese din<a href=\"http:\/\/energywatchgroup.org\/wp-content\/uploads\/EWG_Natural_Gas_Study_September_2019.pdf\"> studiu<\/a>l realizat de<a href=\"http:\/\/energywatchgroup.org\/wp-content\/uploads\/EWG_Natural_Gas_Study_September_2019.pdf\"> Energy Watch Group<\/a>. Acest aspect intr\u0103 \u00een contradic\u021bie total\u0103 cu obiectivele Fondului pentru Tranzi\u021bie Just\u0103, care urm\u0103resc o tranzi\u021bie energetic\u0103 c\u0103tre o economie cu zero emisii de carbon, pentru a evita un colaps ecologic<strong>. <\/strong>Gazele nu pot fi privite ca un combustibil de tranzi\u021bie at\u00e2t timp c\u00e2t \u00eempiedic\u0103 \u00eendeplinirea obiectivelor asumate prin semnarea Acordului de Clim\u0103 de la Paris. Dac\u0103 vrem s\u0103 ascult\u0103m comunitatea oamenilor de \u0219tiin\u021b\u0103 \u0219i s\u0103 limit\u0103m cre\u0219terea temperaturii globale la 1,5 grade Celsius, suntem nevoi\u021bi s\u0103 renun\u021b\u0103m la gaze.&nbsp;<\/p>\n\n<p>Referitor la locurile de munc\u0103 \u201emulte \u0219i decente\u201d create de industria gazelor, sunt cifre care ne demonstreaz\u0103 <a href=\"https:\/\/irena.org\/publications\/2020\/Jun\/Post-COVID-Recovery\">contrariul<\/a>. Fiecare milion de euro investit \u00een energii regenerabile creeaz\u0103 de trei ori mai multe locuri de munc\u0103 dec\u00e2t industria combustibililor fosili.&nbsp;<\/p>\n\n<p>Am formulat 8 argumente care demonstreaz\u0103 de ce gazul nu este v\u0103zut ca o solu\u021bie pentru atingerea obiectivelor asumate de Rom\u00e2nia prin semnarea Acordului de Clim\u0103 de la Paris.&nbsp;<br>Mai multe <a href=\"https:\/\/www.greenpeace.org\/romania\/articol\/4958\/gazele-fosile-nu-sunt-solutia-pentru-tranzitia-energetica\/\">\u00een articolul Greenpeace<\/a> care explic\u0103 de ce gazele nu sunt solu\u021bia de tranzi\u021bie.<\/p>\n","protected":false},"excerpt":{"rendered":"<p>Banii din Fondul pentru Tranzi\u021bie Just\u0103 vor merge c\u0103tre energii curate \u0219i c\u0103tre dezvoltarea sustenabil\u0103 \u0219i echitabil\u0103 a comunit\u0103\u021bilor dependente de industriile poluatoare.<\/p>\n","protected":false},"author":34,"featured_media":4604,"comment_status":"open","ping_status":"closed","sticky":false,"template":"","format":"standard","meta":{"ep_exclude_from_search":false,"p4_og_title":"","p4_og_description":"","p4_og_image":"","p4_og_image_id":"","p4_seo_canonical_url":"","p4_campaign_name":"not set","p4_local_project":"not set","p4_basket_name":"not set","p4_department":"","footnotes":""},"categories":[2,31],"tags":[18,36,68,73],"p4-page-type":[],"class_list":["post-5169","post","type-post","status-publish","format-standard","has-post-thumbnail","hentry","category-clima-si-energie","category-greenpeace","tag-carbune","tag-criza-climatica","tag-energie","tag-tranzitie-justa-1"],"_links":{"self":[{"href":"https:\/\/www.greenpeace.org\/romania\/wp-json\/wp\/v2\/posts\/5169","targetHints":{"allow":["GET"]}}],"collection":[{"href":"https:\/\/www.greenpeace.org\/romania\/wp-json\/wp\/v2\/posts"}],"about":[{"href":"https:\/\/www.greenpeace.org\/romania\/wp-json\/wp\/v2\/types\/post"}],"author":[{"embeddable":true,"href":"https:\/\/www.greenpeace.org\/romania\/wp-json\/wp\/v2\/users\/34"}],"replies":[{"embeddable":true,"href":"https:\/\/www.greenpeace.org\/romania\/wp-json\/wp\/v2\/comments?post=5169"}],"version-history":[{"count":1,"href":"https:\/\/www.greenpeace.org\/romania\/wp-json\/wp\/v2\/posts\/5169\/revisions"}],"predecessor-version":[{"id":5171,"href":"https:\/\/www.greenpeace.org\/romania\/wp-json\/wp\/v2\/posts\/5169\/revisions\/5171"}],"wp:featuredmedia":[{"embeddable":true,"href":"https:\/\/www.greenpeace.org\/romania\/wp-json\/wp\/v2\/media\/4604"}],"wp:attachment":[{"href":"https:\/\/www.greenpeace.org\/romania\/wp-json\/wp\/v2\/media?parent=5169"}],"wp:term":[{"taxonomy":"category","embeddable":true,"href":"https:\/\/www.greenpeace.org\/romania\/wp-json\/wp\/v2\/categories?post=5169"},{"taxonomy":"post_tag","embeddable":true,"href":"https:\/\/www.greenpeace.org\/romania\/wp-json\/wp\/v2\/tags?post=5169"},{"taxonomy":"p4-page-type","embeddable":true,"href":"https:\/\/www.greenpeace.org\/romania\/wp-json\/wp\/v2\/p4-page-type?post=5169"}],"curies":[{"name":"wp","href":"https:\/\/api.w.org\/{rel}","templated":true}]}}