{"id":5271,"date":"2021-02-02T10:39:34","date_gmt":"2021-02-02T07:39:34","guid":{"rendered":"https:\/\/www.greenpeace.org\/romania\/?p=5271"},"modified":"2021-04-19T10:37:25","modified_gmt":"2021-04-19T07:37:25","slug":"complexul-energetic-oltenia-incearca-vigilenta-comisiei-europene-cere-peste-1-miliard-de-euro-pentru-a-se-restructura-si-decarbona-dar-isi-creste-considerabil-emisiile-de-co2-in-urmatorii-10-ani","status":"publish","type":"post","link":"https:\/\/www.greenpeace.org\/romania\/articol\/5271\/complexul-energetic-oltenia-incearca-vigilenta-comisiei-europene-cere-peste-1-miliard-de-euro-pentru-a-se-restructura-si-decarbona-dar-isi-creste-considerabil-emisiile-de-co2-in-urmatorii-10-ani\/","title":{"rendered":"Complexul Energetic Oltenia \u00eencearc\u0103 vigilen\u021ba Comisiei Europene:  cere peste 1 miliard de euro pentru a se restructura \u0219i decarbona, dar \u00ee\u0219i cre\u0219te considerabil emisiile de CO2 \u00een urm\u0103torii 10 ani"},"content":{"rendered":"\n<p><strong>O <a href=\"https:\/\/www.greenpeace.org\/static\/planet4-romania-stateless\/2021\/02\/658cee92-raport-emisii-co2-complexul-energetic-oltenia.pdf\">analiz\u0103<\/a> Greenpeace Rom\u00e2nia a descoperit c\u0103 planul de restructurare \u0219i decarbonare a Complexului Energetic Oltenia (CEO), \u00een valoare total\u0103 de peste 1,3 miliarde de euro, duce la cre\u0219terea emisiilor totale de CO<sub>2<\/sub> ale companiei cu 28% \u00een 2030 \u0219i contravine principiilor de acordare a fondurilor europene. Greenpeace va solicita Comisiei Europene deschiderea unei anchete \u0219i a sesizat autorit\u0103\u021bile responsabile din Rom\u00e2nia.&nbsp;<\/strong><\/p>\n\n<p><strong>Context<\/strong><\/p>\n\n<p><a href=\"https:\/\/www.ceoltenia.ro\/documente\/Transparenta\/Plan%20restructurare%20CEO.pdf\">Planul de restructurare \u0219i decarbonare<\/a> creionat de Complexul Energetic Oltenia este urmarea nereturn\u0103rii previzibile a ajutorului de salvare \u00een valoare de 252 milioane de euro, primit de companie de la guvernul rom\u00e2n la \u00eenceputul anului trecut, prin <a href=\"https:\/\/lege5.ro\/Gratuit\/gm3danzxgi3a\/ordonanta-de-urgenta-nr-12-2020-privind-instituirea-cadrului-legal-pentru-acordarea-unor-ajutoare-de-stat-individuale-de-salvare\">OUG 12\/2020<\/a>. Scopul planului de restructurare al CEO este de a demonstra restabilirea viabilit\u0103\u021bii companiei pe termen lung. Implementarea lui &#8211; fiind vorba de un ajutor de stat &#8211; trebuie s\u0103 fie aprobat\u0103 de Comisia European\u0103. Guvernul a adoptat \u00een noiembrie 2020 un <a href=\"https:\/\/gov.ro\/ro\/guvernul\/sedinte-guvern\/briefing-de-presa-sustinut-de-eful-cancelariei-prim-ministrului-ionel-danca-ministrul-finantelor-publice-florin-citu-i-ministrul-economiei-energiei-i-mediului-de-afaceri-virgil-popescu-la-finalul-edintei-de-guvern-din-18-noiembrie-2020\">memorandum<\/a>, prin care se angajeaz\u0103 s\u0103 sus\u021bin\u0103, prin bugetul de stat, <strong>schema de ajutor de stat pentru restructurarea companiei, \u00een valoare de 1,326 miliarde de euro.<\/strong> CEO a\u0219teapt\u0103 validarea planului de c\u0103tre Comisia European\u0103.<\/p>\n\n<p><strong>Surpriza vine chiar din plan: CEO nu se decarboneaz\u0103!<\/strong><\/p>\n\n<p>CEO \u00ee\u0219i propune s\u0103 foloseasc\u0103 c\u0103rbunele chiar \u0219i \u00een 2030, f\u0103r\u0103 a-\u0219i stabili un termen de eliminare a acestui combustibil din produc\u021bia de energie. O parte din capacit\u0103\u021bile actuale mai pu\u021bin folosite vor fi \u00eenlocuite \u00een principal cu centrale noi pe gaze, ce contribuie la bilan\u021bul de emisii nocive, \u0219i c\u00e2teva parcuri de fotovoltaice, care vor avea o importan\u021b\u0103 neglijabil\u0103 (sub 6%) \u00een mixul de energie pe care CEO inten\u021bioneaz\u0103 s\u0103 o v\u00e2nd\u0103 \u00een urm\u0103torul deceniu.<\/p>\n\n<p>Conform analizei planului de restructurare, <strong>emisiile totale ale CEO vor cre\u0219te \u00een 2030, comparativ cu 2020, cu peste 28%.<\/strong> Mai precis, contrar direc\u021biei de decarbonare declarate de companie, emisiile anuale totale ale companiei vor cre\u0219te \u00eentre 2020 \u0219i 2030 de la 7 Mt CO2\/an \u00een 2020 la aproximativ 9 Mt CO2\/an \u00een 2030, cu un maxim de 10.7 Mt CO2\/an \u00een 2024.&nbsp;<\/p>\n\n<figure class=\"wp-block-image size-large caption-style-medium caption-alignment-center\"><img loading=\"lazy\" decoding=\"async\" width=\"1024\" height=\"577\" src=\"https:\/\/www.greenpeace.org\/static\/planet4-romania-stateless\/2021\/02\/1217347a-fb-cover-ceo2-1024x577.png\" alt=\"\" class=\"wp-image-5272\" srcset=\"https:\/\/www.greenpeace.org\/static\/planet4-romania-stateless\/2021\/02\/1217347a-fb-cover-ceo2-1024x577.png 1024w, https:\/\/www.greenpeace.org\/static\/planet4-romania-stateless\/2021\/02\/1217347a-fb-cover-ceo2-300x169.png 300w, https:\/\/www.greenpeace.org\/static\/planet4-romania-stateless\/2021\/02\/1217347a-fb-cover-ceo2-768x433.png 768w, https:\/\/www.greenpeace.org\/static\/planet4-romania-stateless\/2021\/02\/1217347a-fb-cover-ceo2-1536x865.png 1536w, https:\/\/www.greenpeace.org\/static\/planet4-romania-stateless\/2021\/02\/1217347a-fb-cover-ceo2-2048x1154.png 2048w, https:\/\/www.greenpeace.org\/static\/planet4-romania-stateless\/2021\/02\/1217347a-fb-cover-ceo2-510x287.png 510w\" sizes=\"auto, (max-width: 1024px) 100vw, 1024px\" \/><\/figure>\n\n<p>\u201e<em>Asist\u0103m la un paradox: CEO solicit\u0103 miliarde de euro pentru un plan de decarbonare care va cre\u0219te produc\u021bia de emisii de gaze cu efecte de ser\u0103. An de an, centralele pe c\u0103rbune \u00eenregistreaz\u0103 pierderi, fiind o povar\u0103 pentru bugetul de stat. Fiecare cet\u0103\u021bean al Rom\u00e2niei trebuie s\u0103 \u0219tie c\u0103 pl\u0103te\u0219te &#8211; f\u0103r\u0103 s\u0103 fie \u00eentrebat &#8211; pentru a continua s\u0103 fie poluat de c\u0103tre aceast\u0103 industrie, de\u0219i poten\u021bialul Rom\u00e2niei pentru energie regenerabil\u0103 este uria\u0219. Problemele de s\u0103n\u0103tate \u0219i mediu generate generate de acest uciga\u0219 t\u0103cut sunt cu mult mai mari dec\u00e2t beneficiile.\u201d <\/em>spune Vlad C\u0103tun\u0103, coordonator de campanii la Greenpeace Rom\u00e2nia.<\/p>\n\n<p>Planul con\u021bine \u0219i alte puncte critice, care \u00eel fac incompatibil cu cerin\u021bele Uniunii Europene. Spre exemplu, <strong>diminuarea emisiilor de gaze cu efect de ser\u0103 prin agregarea produc\u021biei de energie din surse regenerabile \u0219i gaz cu cea pe baz\u0103 de lignit nu este compatibil\u0103 cu Directiva EU ETS<\/strong> <strong>\u0219i cu obiectivele Fondului pentru modernizare<\/strong>, pe care CEO sper\u0103 s\u0103 \u00eel acceseze. <strong>Singura \u0219ans\u0103 pentru a primi finan\u021bare este retragerea din func\u021biune a tuturor capacit\u0103\u021bilor pe baz\u0103 de lignit<\/strong>, cerut\u0103 de Greenpeace de mai mul\u021bi ani.<\/p>\n\n<p>De asemenea, planul actual al CEO sus\u021bine ipoteza nevoii unor ajutoare constante din partea guvernului rom\u00e2n pentru achizi\u021bionarea certificatelor de carbon \u0219i dup\u0103 perioada de restructurare (2025). Practic, <strong>\u00een condi\u021biile unei cre\u0219teri previzibile a tax\u0103rii europene a emisiilor de carbon, Rom\u00e2nia va pl\u0103ti din buzunarele cet\u0103\u021benilor estimativ 3,68 miliarde de euro pentru a men\u021bine \u00een via\u021b\u0103 CEO \u00een perioada 2021-2030<\/strong>, un muribund al industriei energetice din Rom\u00e2nia.<\/p>\n\n<figure class=\"wp-block-image size-large caption-style-medium caption-alignment-center\"><img loading=\"lazy\" decoding=\"async\" width=\"1024\" height=\"858\" src=\"https:\/\/www.greenpeace.org\/static\/planet4-romania-stateless\/2021\/02\/cffd92a6-bani-1024x858.png\" alt=\"\" class=\"wp-image-5274\" srcset=\"https:\/\/www.greenpeace.org\/static\/planet4-romania-stateless\/2021\/02\/cffd92a6-bani-1024x858.png 1024w, https:\/\/www.greenpeace.org\/static\/planet4-romania-stateless\/2021\/02\/cffd92a6-bani-300x251.png 300w, https:\/\/www.greenpeace.org\/static\/planet4-romania-stateless\/2021\/02\/cffd92a6-bani-768x644.png 768w, https:\/\/www.greenpeace.org\/static\/planet4-romania-stateless\/2021\/02\/cffd92a6-bani-406x340.png 406w, https:\/\/www.greenpeace.org\/static\/planet4-romania-stateless\/2021\/02\/cffd92a6-bani.png 1410w\" sizes=\"auto, (max-width: 1024px) 100vw, 1024px\" \/><\/figure>\n\n<p><strong>De ce s-a ajuns la aceast\u0103 situa\u021bie \u0219i cum putem ie\u0219i din ea?<\/strong><\/p>\n\n<p>Planul CEO este un produs al ezit\u0103rilor Rom\u00e2niei de a puncta clar un calendar \u0219i o strategie&nbsp; pentru eliminarea c\u0103rbunelui din mixul energetic \u0219i \u00eenlocuirea acestuia cu noi capacit\u0103\u021bi de energie regenerabil\u0103. De fapt, Rom\u00e2nia e una dintre pu\u021binele \u021b\u0103ri care \u00eenc\u0103 mai folose\u0219te c\u0103rbunele.<\/p>\n\n<p>Planul Na\u021bional Integrat \u00een domeniul Energiei \u0219i Schimb\u0103rilor Climatice (PNIESC) elaborat de Rom\u00e2nia este lipsit de ambi\u021bie \u0219i a fost <a href=\"https:\/\/www.greenpeace.org\/romania\/articol\/4861\/de-ce-a-criticat-comisia-europeana-planurile-romaniei-pe-clima-si-energie\/\">criticat \u00een recomand\u0103rile Comisiei Europene<\/a>. Inten\u021bia Rom\u00e2niei de a folosi c\u0103rbunele&nbsp; dincolo de orizontul anului 2030 contravine obiectivelor europene de decarbonare stabilite prin Pactul Verde European, nu prezint\u0103 avantaje economice \u00een contextul cre\u0219terii accelerate a pre\u021bului emisiilor de carbon \u0219i are un impact negativ dovedit asupra calit\u0103\u021bii aerului (cu efecte \u0219i costuri mari asupra s\u0103n\u0103t\u0103\u021bii publice).&nbsp;<\/p>\n\n<p>Exist\u0103 fonduri europene substan\u021biale pentru tranzi\u021bia c\u0103tre produc\u021bia de energie din surse regenerabile. Rom\u00e2nia, prin planul propus de CEO \u0219i prin lipsa unor politici publice ambi\u021bioase de decarbonare, poate rata \u00eens\u0103 aceast\u0103 \u0219ans\u0103 unic\u0103 pentru realizarea unei tranzi\u021bii energetice echitabile pentru comunit\u0103\u021bile dependente de c\u0103rbune \u0219i afectate de poluare, \u00een special zonele miniere din Gorj \u0219i Hunedoara. <strong>Resursele alocate din Fondul pentru o Tranzi\u021bie Just\u0103, \u00een vederea diversific\u0103rii economice \u0219i pentru recalificarea \u0219i incluziunea activ\u0103 a lucr\u0103torilor, vor putea fi accesate at\u00e2ta timp c\u00e2t jude\u021be precum Gorj \u00ee\u0219i propun s\u0103 reduc\u0103 semnificativ emisiile de gaze cu efect de ser\u0103.&nbsp;<\/strong><\/p>\n\n<p><em>\u201eSolicit\u0103m Ministerului Energiei, Ministerului Mediului, Apelor \u0219i P\u0103durilor, Guvernului Rom\u00e2niei, Ministerului Investi\u021biilor \u0219i Proiectelor&nbsp; Europene \u0219i Consiliului Concuren\u021bei s\u0103 analizeze cu luciditate aceste informa\u021bii, s\u0103 opreasc\u0103 sprijinirea produc\u021biei de energie pe baz\u0103 de c\u0103rbune \u0219i s\u0103 comunice o dat\u0103 clar\u0103 \u0219i un plan realist pentru eliminarea c\u0103rbunelui din mixul energetic na\u021bional.&nbsp;Nu mai avem timp de pierdut. Vrem ca Rom\u00e2nia s\u0103 devin\u0103 un lider \u00een combaterea schimb\u0103rilor climatice, \u00eentr-o Europ\u0103 mai ecologic\u0103, cu emisii sc\u0103zute de carbon \u0219i aer curat pentru locuitorii ei.\u201d<\/em> a declarat Vlad C\u0103tun\u0103, campaigner Greenpeace Rom\u00e2nia.<\/p>\n\n<p><strong>Greenpeace a transmis aceast\u0103 analiz\u0103 \u0219i c\u0103tre institu\u021biile relevante din Rom\u00e2nia \u0219i va solicita Comisiei Europene deschiderea unei anchete<\/strong>, semnal\u00e2nd incompatibilitatea planului propus de Complexul Energetic Oltenia cu direc\u021bia european\u0103 de decarbonare \u0219i cu ambi\u021biile declarate ale Rom\u00e2niei de a prioritiza combaterea schimb\u0103rile climatice.<\/p>\n\n<p>Analiza complet\u0103 este disponibil\u0103, <a href=\"https:\/\/www.greenpeace.org\/static\/planet4-romania-stateless\/2021\/02\/658cee92-raport-emisii-co2-complexul-energetic-oltenia.pdf\">aici<\/a>. \u00a0<\/p>\n\n<p>Analiza complet\u0103 \u00een limba englez\u0103, <a href=\"https:\/\/www.greenpeace.org\/static\/planet4-romania-stateless\/2021\/04\/7e3378af-co2-emissions-ceo-report.pdf\" target=\"_blank\" rel=\"noreferrer noopener\">aici<\/a>. <\/p>\n\n<p><em>*&nbsp;Raportul Greenpeace a fost realizat cu sprijinul unui consultant tehnic extern, pe baza planului de restructurare \u0219i decarbonare f\u0103cut public de Complexul Energetic Oltenia.<\/em><\/p>\n","protected":false},"excerpt":{"rendered":"<p>O analiz\u0103 f\u0103cut\u0103 de Greenpeace Rom\u00e2nia a descoperit c\u0103 planul de restructurare \u0219i decarbonare a Complexului Energetic Oltenia (CEO), \u00een valoare total\u0103 de peste 1,3 miliarde de euro, duce la&hellip;<\/p>\n","protected":false},"author":34,"featured_media":5272,"comment_status":"open","ping_status":"closed","sticky":false,"template":"","format":"standard","meta":{"ep_exclude_from_search":false,"p4_og_title":"","p4_og_description":"","p4_og_image":"","p4_og_image_id":"","p4_seo_canonical_url":"","p4_campaign_name":"not set","p4_local_project":"not set","p4_basket_name":"not set","p4_department":"","footnotes":""},"categories":[2],"tags":[7,35,73],"p4-page-type":[],"class_list":["post-5271","post","type-post","status-publish","format-standard","has-post-thumbnail","hentry","category-clima-si-energie","tag-energie-regenerabila","tag-poluare","tag-tranzitie-justa-1"],"_links":{"self":[{"href":"https:\/\/www.greenpeace.org\/romania\/wp-json\/wp\/v2\/posts\/5271","targetHints":{"allow":["GET"]}}],"collection":[{"href":"https:\/\/www.greenpeace.org\/romania\/wp-json\/wp\/v2\/posts"}],"about":[{"href":"https:\/\/www.greenpeace.org\/romania\/wp-json\/wp\/v2\/types\/post"}],"author":[{"embeddable":true,"href":"https:\/\/www.greenpeace.org\/romania\/wp-json\/wp\/v2\/users\/34"}],"replies":[{"embeddable":true,"href":"https:\/\/www.greenpeace.org\/romania\/wp-json\/wp\/v2\/comments?post=5271"}],"version-history":[{"count":2,"href":"https:\/\/www.greenpeace.org\/romania\/wp-json\/wp\/v2\/posts\/5271\/revisions"}],"predecessor-version":[{"id":5883,"href":"https:\/\/www.greenpeace.org\/romania\/wp-json\/wp\/v2\/posts\/5271\/revisions\/5883"}],"wp:featuredmedia":[{"embeddable":true,"href":"https:\/\/www.greenpeace.org\/romania\/wp-json\/wp\/v2\/media\/5272"}],"wp:attachment":[{"href":"https:\/\/www.greenpeace.org\/romania\/wp-json\/wp\/v2\/media?parent=5271"}],"wp:term":[{"taxonomy":"category","embeddable":true,"href":"https:\/\/www.greenpeace.org\/romania\/wp-json\/wp\/v2\/categories?post=5271"},{"taxonomy":"post_tag","embeddable":true,"href":"https:\/\/www.greenpeace.org\/romania\/wp-json\/wp\/v2\/tags?post=5271"},{"taxonomy":"p4-page-type","embeddable":true,"href":"https:\/\/www.greenpeace.org\/romania\/wp-json\/wp\/v2\/p4-page-type?post=5271"}],"curies":[{"name":"wp","href":"https:\/\/api.w.org\/{rel}","templated":true}]}}