{"id":5353,"date":"2021-02-12T17:51:01","date_gmt":"2021-02-12T14:51:01","guid":{"rendered":"https:\/\/www.greenpeace.org\/romania\/?p=5353"},"modified":"2025-06-24T14:55:34","modified_gmt":"2025-06-24T11:55:34","slug":"sumal-2-0-trebuie-reparat-nu-dezmembrat-la-loc","status":"publish","type":"post","link":"https:\/\/www.greenpeace.org\/romania\/articol\/5353\/sumal-2-0-trebuie-reparat-nu-dezmembrat-la-loc\/","title":{"rendered":"SUMAL 2.0 trebuie reparat, nu dezmembrat la loc!"},"content":{"rendered":"\n<figure class=\"wp-block-image size-large  caption-style-medium caption-alignment-center\"><img loading=\"lazy\" decoding=\"async\" width=\"730\" height=\"460\" src=\"https:\/\/www.greenpeace.org\/static\/planet4-romania-stateless\/2021\/02\/16dad62f-sumal-2-0-minmed.jpeg\" alt=\"\" class=\"wp-image-5354\" srcset=\"https:\/\/www.greenpeace.org\/static\/planet4-romania-stateless\/2021\/02\/16dad62f-sumal-2-0-minmed.jpeg 730w, https:\/\/www.greenpeace.org\/static\/planet4-romania-stateless\/2021\/02\/16dad62f-sumal-2-0-minmed-300x189.jpeg 300w, https:\/\/www.greenpeace.org\/static\/planet4-romania-stateless\/2021\/02\/16dad62f-sumal-2-0-minmed-510x321.jpeg 510w\" sizes=\"auto, (max-width: 730px) 100vw, 730px\" \/><\/figure>\n\n<p><strong>Dup\u0103 am\u00e2n\u0103ri repetate, care p\u0103reau s\u0103 fie l\u0103sate mo\u0219tenire de la un ministru la altul pe termen indefinit, Ministerul Mediului a lansat, \u00een sf\u00e2r\u0219it, SUMAL 2.0, sistemul care ar trebui s\u0103 \u00eempiedice furtul din p\u0103durile Rom\u00e2niei.<\/strong><br><br>Evenimentul \u00eendelung a\u0219teptat de public a avut loc pe 1 februarie. Timp de 11 zile, echipa Greenpeace Rom\u00e2nia a \u00eencercat s\u0103 testeze aplica\u021bia, \u00eens\u0103 nu a avut acces la ea dec\u00e2t prin ter\u021bi. Greenpeace a urm\u0103rit cu aten\u021bie, de asemenea, reac\u021biile forestierilor, ale proprietarilor de p\u0103duri \u0219i ale celor implica\u021bi \u00een industria lemnului, care nu s-au l\u0103sat a\u0219teptate.<\/p>\n\n<figure class=\"wp-block-image size-large  caption-style-medium caption-alignment-center\"><img loading=\"lazy\" decoding=\"async\" width=\"640\" height=\"400\" src=\"https:\/\/www.greenpeace.org\/static\/planet4-romania-stateless\/2021\/02\/98f4ee3f-paduri-taieri-ilegale-pixabay2-640x400-1.jpg\" alt=\"\" class=\"wp-image-5310\" srcset=\"https:\/\/www.greenpeace.org\/static\/planet4-romania-stateless\/2021\/02\/98f4ee3f-paduri-taieri-ilegale-pixabay2-640x400-1.jpg 640w, https:\/\/www.greenpeace.org\/static\/planet4-romania-stateless\/2021\/02\/98f4ee3f-paduri-taieri-ilegale-pixabay2-640x400-1-300x188.jpg 300w, https:\/\/www.greenpeace.org\/static\/planet4-romania-stateless\/2021\/02\/98f4ee3f-paduri-taieri-ilegale-pixabay2-640x400-1-510x319.jpg 510w\" sizes=\"auto, (max-width: 640px) 100vw, 640px\" \/><\/figure>\n\n<p><strong>SUMAL<\/strong> <strong>(Sistemul de Urm\u0103rire a Materialului Lemnos)<\/strong> ar trebui s\u0103 fie c\u00e2inele de paz\u0103 al p\u0103durilor din Rom\u00e2nia, cel mai bun prieten al silvicultorilor one\u0219ti \u0219i al activi\u0219tilor de mediu, incoruptibil \u0219i fidel dezideratului de exploatare sustenabil\u0103 a p\u0103durilor. Complet digitalizat, folosind urm\u0103rirea prin GPS a camioanelor, imagini satelitare de \u00eenalt\u0103 rezolu\u021bie \u0219i camere de supraveghere la ie\u0219irea din principalele bazine forestiere, SUMAL ar trebui s\u0103 fac\u0103 imposibil\u0103 ascunderea \u0219i punerea pe pia\u021b\u0103 a lemnului t\u0103iat ilegal. Pentru asta am ie\u0219it \u00een strad\u0103 \u00een noiembrie 2019 la <strong><a rel=\"noreferrer noopener\" href=\"https:\/\/www.facebook.com\/events\/piata-universitatii\/mar%C8%99ul-pentru-p%C4%83duri-bucure%C8%99ti\/524823934754309\/\" target=\"_blank\">Mar\u0219ul pentru P\u0103duri<\/a><\/strong>, al\u0103turi de rom\u00e2ni din \u021bar\u0103 \u0219i din diaspora.<br><br>Dup\u0103 ce, \u00eencep\u00e2nd cu 2016, \u0219ase Mini\u0219tri ai Mediului i-au am\u00e2nat sau sabotat de-a dreptul implementarea \u00een nenum\u0103rate r\u00e2nduri, SUMAL 2.0 a fost, \u00een sf\u00e2r\u0219it, opera\u021bionalizat pe 1 februarie 2021. <strong>E un pas \u00eenainte important, dar lupta \u00eempotriva t\u0103ierilor ilegale este departe de a fi \u00eencheiat\u0103.<\/strong><\/p>\n\n<figure class=\"wp-block-embed-youtube wp-block-embed is-type-video is-provider-youtube wp-embed-aspect-16-9 wp-has-aspect-ratio\"><div class=\"wp-block-embed__wrapper\">\n<lite-youtube style=\"background-image: url('https:\/\/i.ytimg.com\/vi\/JAIIfLBl53o\/hqdefault.jpg');\" videoid=\"JAIIfLBl53o\" params=\"rel=0\"><\/lite-youtube>\n<\/div><figcaption>Afl\u0103 povestea lui SUMAL, narat\u0103 de Mihai Gruia Sandu!<\/figcaption><\/figure>\n\n<h2 class=\"wp-block-heading\"><strong>Scurt istoric al SUMAL<\/strong><\/h2>\n\n<ul class=\"wp-block-list\"><li><strong>Decembrie 2010:<\/strong> Uniunea European\u0103 public\u0103 <a href=\"https:\/\/ec.europa.eu\/environment\/forests\/timber_regulation.htm\"><strong>EUTR<\/strong><\/a> (legisla\u021bia european\u0103 pentru reglementarea sectorului forestier). Printre alte modific\u0103ri, devine obligatoriu pentru statele membre s\u0103 asigure instrumente de trasabilitate a materialului lemnos pentru combaterea t\u0103ierilor ilegale.<br><\/li><li><strong>Octombrie 2014:<\/strong> Ministerul Mediului lanseaz\u0103 <strong>\u201cRadarul P\u0103durilor\u201d<\/strong>, prima \u00eencercare de digitalizare a silviculturii rom\u00e2ne\u0219ti. Aceast\u0103 versiune arhaic\u0103 a unei baze de date cu p\u0103durile Rom\u00e2niei nu avea mecanisme automate de verificare a datelor \u00een sistem, astfel c\u0103 nu putea genera alerte \u00een timp real pentru neconcordan\u021bele din stocurile de lemn sau din activit\u0103\u021bile comerciale. Odat\u0103 cu lansarea aplica\u021biei, au fost create proceduri de verificare a legalit\u0103\u021bii camioanelor cu lemn prin serviciul de urgen\u021b\u0103 112.<br><\/li><li><strong>Iulie 2016:<\/strong> Are loc lansarea aplica\u021biei <strong>\u201cInspectorul P\u0103durii\u201d<\/strong>, ca o completare fireasc\u0103 \u0219i necesar\u0103 a \u201dRadarului P\u0103durilor\u201d. Prin aceasta, oricine poate verifica din propriul telefon sau calculator dac\u0103 un transport de lemn este f\u0103cut cu aviz \u00een regul\u0103 sau nu. \u00cen paralel, la acea vreme, Ministerul Mediului a contractat o societate comercial\u0103 (Indaco Systems) pentru dezvoltarea unei versiuni \u00eembun\u0103t\u0103\u021bite a \u00eentregului sistem digital.<br><\/li><li><strong>\u00cenceput de 2017:<\/strong> Ministerul Mediului decide s\u0103 nu mai pl\u0103teasc\u0103 mentenan\u021ba pentru \u201cRadarul P\u0103durilor\u201d \u0219i s\u0103 nu mai foloseasc\u0103 imaginile satelitare (oferite gratuit prin programul spa\u021bial european Copernicus) pentru detectarea automat\u0103 a t\u0103ierilor ilegale. Motivul: \u201dprea multe alarme false care cople\u0219eau G\u0103rzile Forestiere\u201d.<br><\/li><li><strong>Aprilie 2017:<\/strong> Indaco Systems finalizeaz\u0103 o versiune \u00eembun\u0103t\u0103\u021bit\u0103 a \u201cRadarului P\u0103durilor\u201d. Noile func\u021bionalit\u0103\u021bi ale sistemului digital permit folosirea imaginilor satelitare pentru a descoperi automat schimb\u0103ri \u00een coronament f\u0103r\u0103 existen\u021ba avizelor necesare, deci pentru a descoperi t\u0103ieri ilegale. Dezvoltarea a fost efectuat\u0103 \u0219i par\u021bial recep\u021bionat\u0103 de Minister din decembrie 2016 \u2013 semestrul I 2017, dar nu a fost implementat\u0103 de autorit\u0103\u021bile centrale. \u00centre timp, ca urmare a <a href=\"https:\/\/adevarul.ro\/news\/eveniment\/statul-obligat-plateasca-100000-euro-blocat-aplicatia-inspectorul-padurii-1_5d5d6e3d892c0bb0c6c72420\/index.html\">deciziei instan\u021belor<\/a>, Ministerul este obligat s\u0103 desp\u0103gubeasc\u0103 Indaco Systems pentru dezvoltarea unei aplica\u021bii care nu a fost folosit\u0103.<br><\/li><li><strong>Septembrie 2017:<\/strong> \u00centre Ministerul Apelor \u0219i P\u0103durilor (acum parte din Ministerul Mediului) \u0219i STS este semnat un protocol prin care STS urmeaz\u0103 s\u0103 realizeze noul sistem:<\/li><\/ul>\n\n<p class=\"has-text-align-left\">\u201c<em>\u00cen ceea ce prive\u0219te data la care acest sistem va deveni func\u021bional, reprezentan\u021bii conducerilor MAP \u0219i STS au stabilit, \u00een urma \u0219edin\u021bei din 08.07.2019, urm\u0103toarele termene:<\/em><\/p>\n\n<p class=\"has-text-align-left\"><em>a. 27.09.2019: Lansarea \u00een pre-produc\u021bie (pentru testarea \u00een condi\u021bii reale de exploatare de c\u0103tre un grup pilot de utilizatori) a versiunii SUMAL 2.1 (module prioritare \u0219i functionalit\u0103\u021bi de baz\u0103);<\/em><\/p>\n\n<p><em>b. 30 decembrie 2019: Lansarea \u00een produc\u021bie a versiunii SUMAL 2.1 (module prioritare \u0219i functionalit\u0103\u021bi de baz\u0103);<\/em><\/p>\n\n<p><em>c. 30 iunie 2020: Lansarea \u00een produc\u021bie a versiunii SUMAL 2.2 (versiunea complet\u0103, incluz\u00e2nd module \u0219i func\u021bionalit\u0103\u021bi complementare).\u201d<\/em><\/p>\n\n<ul class=\"wp-block-list\"><li><strong>2018-2019:<\/strong> Conform comunicatului de pres\u0103 al STS, eforturile dezvolt\u0103rii noului sistem constau \u00een <em>\u201cSTS a achizi\u021bionat echipamente IT, <\/em><strong><em>o dron\u0103 cu accesorii \u0219i un GPS<\/em><\/strong><em>. Echipamentele IT au fost instalate, configurate \u0219i g\u0103zduite de STS.\u201d<br><\/em><\/li><li><strong>Noiembrie 2019:<\/strong> <a href=\"http:\/\/www.greenpeace.ro\" target=\"_blank\" rel=\"noreferrer noopener\">Greenpeace Rom\u00e2nia<\/a>, <a href=\"https:\/\/www.agentgreen.ro\/\" target=\"_blank\" rel=\"noreferrer noopener\">Agent Green<\/a> \u0219i <a href=\"http:\/\/www.declic.ro\" target=\"_blank\" rel=\"noreferrer noopener\">Declic<\/a> organizeaz\u0103 <strong>\u201cMar\u0219ul pentru P\u0103duri\u201d<\/strong>, la care particip\u0103 peste 10.000 de oameni din Bucure\u0219ti \u0219i restul \u021b\u0103rii. Proteste paralele au loc \u0219i \u00een diaspora. Principalele revendic\u0103ri: un SUMAL nou, cu imagini satelitare, camere video \u0219i urm\u0103rirea transporturilor prin GPS, precum \u0219i protec\u021bia strict\u0103 a p\u0103durilor virgine, cu grad mare de naturale\u021be \u0219i a ariilor protejate.<br><\/li><\/ul>\n\n<figure class=\"wp-block-embed-youtube wp-block-embed is-type-video is-provider-youtube wp-embed-aspect-16-9 wp-has-aspect-ratio\"><div class=\"wp-block-embed__wrapper\">\n<lite-youtube style=\"background-image: url('https:\/\/i.ytimg.com\/vi\/E8eGNaUOgcU\/hqdefault.jpg');\" videoid=\"E8eGNaUOgcU\" params=\"rel=0\"><\/lite-youtube>\n<\/div><figcaption>Mar\u0219ul pentru P\u0103duri, 3 noiembrie 2019, Bucure\u0219ti<\/figcaption><\/figure>\n\n<ul class=\"wp-block-list\"><li><strong>\u00cenceputul lui 2020:<\/strong> Ministrul Mediului Costel Alexe <a href=\"https:\/\/www.mediafax.ro\/politic\/exploatarile-ilegale-de-lemne-ar-putea-fi-depistate-prin-gps-din-iunie-2020-18839484\">\u00ee\u0219i asum\u0103 revendic\u0103rile exprimate<\/a> la \u201cMar\u0219ul pentru P\u0103duri\u201d \u0219i invit\u0103 organiza\u021biile de mediu s\u0103 ia parte \u00eentr-un grup de lucru pentru solu\u021bionarea de urgen\u021b\u0103 a problemelor: modernizarea SUMAL, monitorizarea p\u0103durilor prin satelit, un registru electronic al intr\u0103rilor \u0219i ie\u0219irilor din depozitele de lemn, GPS obligatoriu pe toate mijloacele de transport al lemnului \u0219i ruta tuturor transporturilor, camere de supraveghere \u00een puncte cheie din re\u021beaua rutier\u0103, la gatere \u0219i la depozite de lemn. Ministrul promite opera\u021bionalizarea rapid\u0103 a SUMAL 2.0.<br><\/li><li><strong>Iunie 2020:<\/strong> SUMAL 2.0 este adoptat prin <a href=\"https:\/\/e-activist.com\/%7Bexternal_url~http:\/\/legislatie.just.ro\/Public\/DetaliiDocument\/227471~link_HG_Sumal%7D\">H.G. 497\/25.06.2020<\/a> \u0219i prevede opera\u021bionalizarea sa \u00een termen de 3 luni. La finalul lunii octombrie, implementarea este am\u00e2nat\u0103 din nou, pentru a treia oar\u0103 \u00een 2020.<br><\/li><li><strong>1 Februarie 2021:<\/strong> SUMAL 2.0 este \u00een sf\u00e2r\u0219it lansat oficial. To\u021bi operatorii din industria lemnului sunt obliga\u021bi s\u0103 foloseasc\u0103 noul sistem. Lipsesc multe module \u0219i func\u021bionalit\u0103\u021bi importante, clar specificate \u00een Hot\u0103r\u00e2rea de Guvern. <a href=\"https:\/\/www.greenpeace.org\/romania\/articol\/5307\/sumal-si-inspectorul-padurii-lansate-pe-sfert\/\">Organiza\u021biile de mediu reac\u021bioneaz\u0103 dur<\/a>.<br><\/li><li><strong>10 Februarie 2021:<\/strong> Dup\u0103 10 zile \u00een care cet\u0103\u021benii nu au nicio form\u0103 de acces pentru a verifica legalitatea miilor transporturilor de lemn de pe drumurile Rom\u00e2niei, se lanseaz\u0103 <a href=\"https:\/\/inspectorulpadurii.ro\/#\/\">Inspectorul P\u0103durii 2.0<\/a>.<br><\/li><\/ul>\n\n<figure class=\"wp-block-image size-large  caption-style-medium caption-alignment-center\"><img loading=\"lazy\" decoding=\"async\" width=\"645\" height=\"429\" src=\"https:\/\/www.greenpeace.org\/static\/planet4-romania-stateless\/2021\/02\/d054cdff-sumal.jpg\" alt=\"\" class=\"wp-image-5309\" srcset=\"https:\/\/www.greenpeace.org\/static\/planet4-romania-stateless\/2021\/02\/d054cdff-sumal.jpg 645w, https:\/\/www.greenpeace.org\/static\/planet4-romania-stateless\/2021\/02\/d054cdff-sumal-300x200.jpg 300w, https:\/\/www.greenpeace.org\/static\/planet4-romania-stateless\/2021\/02\/d054cdff-sumal-510x340.jpg 510w\" sizes=\"auto, (max-width: 645px) 100vw, 645px\" \/><figcaption>Sloganul sub care s-a derulat Mar\u0219ul pentru P\u0103duri, Bucure\u0219ti, 3 noiembrie 2019<\/figcaption><\/figure>\n\n<h2 class=\"wp-block-heading\"><strong>\u00centreb\u0103ri frecvente<\/strong><\/h2>\n\n<p><strong>Cum arat\u0103 SUMAL 2.0?<br><\/strong><br><strong>Nu \u0219tim \u00een detaliu<\/strong>. \u00cen ciuda promisiunilor de transparen\u021b\u0103 procedural\u0103, aplica\u021bia nu a fost pus\u0103 la dispozi\u021bia organiza\u021biilor neguvernamentale de mediu pentru testare. Dar am aflat c\u00e2te ceva din <a href=\"https:\/\/www.facebook.com\/1650129651\/videos\/10215527581136554\/\">tutoriale<\/a> create de reprezentan\u021bi ai industriei lemnului \u0219i din investiga\u021bii paralele.<br><br><strong>SUMAL 2.0 folose\u0219te \u0219i imagini satelitare?<br><\/strong><br><strong>Nu.<\/strong> De\u0219i Ministerul Mediului \u0219i-a asumat public \u00eenc\u0103 de anul trecut c\u0103 va deschide procedurile de achizi\u021bie public\u0103 pentru un serviciu de teledetec\u021bie care s\u0103 furnizeze date corelate cu informa\u021biile din SUMAL 2.0 pentru a depista \u00eentr-un timp c\u00e2t mai scurt t\u0103ierile ilegale.<br><br><strong>Inspectorul P\u0103durii func\u021bioneaz\u0103?<\/strong><br><br><strong>Par\u021bial.<\/strong> <a href=\"https:\/\/inspectorulpadurii.ro\/#\/\">Aplica\u021bia<\/a> a fost lansat\u0103 miercuri, 10 Februarie 2021, la 10 zile dup\u0103 lansarea SUMAL 2.0. Ministerul anun\u021b\u0103 c\u0103, momentan, aplica\u021bia este disponibil\u0103 doar \u00een versiunea de web browser, urm\u00e2nd a fi aprobate \u0219i versiunile mobile Android + iOS de c\u0103tre platformele respective.<br><br>Conform HG 497\/25 iunie 2020, aplica\u021bia Inspectorul P\u0103durii trebuie s\u0103 furnizeze publicului larg urm\u0103toarele informa\u021bii:<br><br>a) informa\u0163iile din avizul de \u00eenso\u021bire cu privire la cod aviz, data \u0219i ora emiterii, emitent, tipul de transport, document de provenien\u021b\u0103, <strong><span class=\"has-inline-color has-crimson-color\">punctul de \u00eenc\u0103rcare<\/span><\/strong>, volum, <strong><span class=\"has-inline-color has-crimson-color\">specii\/grup\u0103 de specii<\/span><\/strong>, sortimente, numele operatorului economic care efectueaz\u0103 transportul \u0219i num\u0103rul de \u00eenmatriculare al mijlocului de transport;<br><br><span class=\"has-inline-color has-crimson-color\"><strong>b) traseul parcurs \u00een timpul transportului disponibil public dup\u0103 finalizarea transportului;<\/strong><br><br><strong>c) fotografiile mijlocului de transport fa\u021b\u0103, spate \u0219i lateral, care se \u00eenregistreaz\u0103 \u00een SUMAL 2.0; <br><br>d) h\u0103r\u021bile amenajistice (h\u0103r\u021bile cu unit\u0103\u021bile administrative ale p\u0103durilor) \u00eenregistrate \u00een SUMAL 2.0;<\/strong><br><br><strong>e) informa\u0163iile aferente actului de punere \u00een valoare \u0219i inventarul \u00eenregistrate \u00een SUMAL 2.0;<\/strong><\/span><br><br>f) autoriza\u021bia de exploatare cu numele operatorului economic care efectueaz\u0103 lucr\u0103ri, \u00eenregistrat\u0103 \u00een SUMAL 2.0;<br><br><strong><span class=\"has-inline-color has-crimson-color\">g) coordonatele GPS tuturor punctelor ce reprezint\u0103 schimb\u0103ri \u00een coronament\/imagini, \u00een urma procesului de teledetec\u021bie prin intermediul imaginilor satelitare pentru generarea de alerte automate;<\/span><\/strong><br><br><span class=\"has-inline-color has-crimson-color\">*Func\u021bionalit\u0103\u021bile care apar cu ro\u0219u \u00een textul de mai sus, preluat din HG, nu sunt \u00eenc\u0103 disponibile \u00een Inspectorul P\u0103durii \u0219i SUMAL 2.0.<\/span><\/p>\n\n<figure class=\"wp-block-image size-large  caption-style-medium caption-alignment-center\"><img loading=\"lazy\" decoding=\"async\" width=\"1024\" height=\"536\" src=\"https:\/\/www.greenpeace.org\/static\/planet4-romania-stateless\/2021\/02\/64cf704b-paula-rusu-mar\u0219ul-pentru-p\u0103duri-1024x536.jpg\" alt=\"\" class=\"wp-image-5369\" srcset=\"https:\/\/www.greenpeace.org\/static\/planet4-romania-stateless\/2021\/02\/64cf704b-paula-rusu-mar\u0219ul-pentru-p\u0103duri-1024x536.jpg 1024w, https:\/\/www.greenpeace.org\/static\/planet4-romania-stateless\/2021\/02\/64cf704b-paula-rusu-mar\u0219ul-pentru-p\u0103duri-300x157.jpg 300w, https:\/\/www.greenpeace.org\/static\/planet4-romania-stateless\/2021\/02\/64cf704b-paula-rusu-mar\u0219ul-pentru-p\u0103duri-768x402.jpg 768w, https:\/\/www.greenpeace.org\/static\/planet4-romania-stateless\/2021\/02\/64cf704b-paula-rusu-mar\u0219ul-pentru-p\u0103duri-1536x804.jpg 1536w, https:\/\/www.greenpeace.org\/static\/planet4-romania-stateless\/2021\/02\/64cf704b-paula-rusu-mar\u0219ul-pentru-p\u0103duri-510x267.jpg 510w, https:\/\/www.greenpeace.org\/static\/planet4-romania-stateless\/2021\/02\/64cf704b-paula-rusu-mar\u0219ul-pentru-p\u0103duri.jpg 1920w\" sizes=\"auto, (max-width: 1024px) 100vw, 1024px\" \/><\/figure>\n\n<p><strong>Cu ce fel de \u00eembun\u0103t\u0103\u021biri vine noul Inspector al P\u0103durii?<br><\/strong><br>Versiunea curent\u0103, disponibil\u0103 cet\u0103\u021benilor, <strong>nu vine cu prea multe \u00eembun\u0103t\u0103\u021biri<\/strong>. Sper\u0103m ca Inspectorul P\u0103durii s\u0103 primeasc\u0103 aten\u021bia care i se cuvine \u0219i s\u0103 includ\u0103 toate func\u021bionalit\u0103\u021bile normate prin HG 497\/2020.<\/p>\n\n<p><strong>Sunt utilizate \u0219i imagini video?<br><br>Nu.<\/strong> De\u0219i Ministerul Mediului \u0219i-a asumat folosirea sistemelor de supraveghere video pentru monitorizarea transporturilor de lemn, p\u00e2n\u0103 \u00een acest moment nu s-au f\u0103cut eforturi pentru atingerea acestui obiectiv.<\/p>\n\n<p><strong>C\u00e2t de eficient este SUMAL 2.0?<br><br><\/strong>Teoretic, noua arhitectur\u0103 a SUMAL 2.0 ar trebui s\u0103 \u00eenchid\u0103 bre\u0219ele prin care se puteau efectua transporturi multiple \u0219i s\u0103 ajute organele de control cu informa\u021bii detaliate despre fluxul materialelor lemnoase \u00een timp real.<br><br>De asemenea, cre\u0219terea transparen\u021bei prin publicarea h\u0103r\u021bilor administrativ-teritoriale ale p\u0103durii, avizelor de exploatare, coordonatelor GPS pe platforma Inspectorul P\u0103durii ar trebui s\u0103 permit\u0103 desf\u0103\u0219urarea unor anchete independente pentru combaterea t\u0103ierilor ilegale. <strong>Eficien\u021ba SUMAL 2.0 r\u0103m\u00e2ne de analizat dup\u0103 cel pu\u021bin jum\u0103tate de an de utilizare.<\/strong><br><br><strong>Ce se \u00eent\u00e2mpl\u0103 mai departe cu SUMAL 2.0?<br><br>Pe termen scurt, SUMAL 2.0 are nevoie urgent\u0103 de rezolvarea unori erori de programare din partea STS.<\/strong> Pe m\u0103sur\u0103 ce aceste <em>bug<\/em>-uri vor fi rezolvate, \u00een lista de priorit\u0103\u021bi a echipei IT ar trebui s\u0103 urmeze implementarea 100% a func\u021bionalit\u0103\u021bilor aplica\u021biei, a\u0219a cum sunt ele descrise prin HG 497\/25 iunie 2020, cu privire la adoptarea noului SUMAL.<br><br>\u00cen paralel, Guvernul trebuie s\u0103 achizi\u021bioneze serviciile de teledetec\u021bie satelitar\u0103. Momentan, aceast\u0103 func\u021bionalitate lipse\u0219te cu totul din SUMAL 2.0, \u00een ciuda faptului c\u0103 se reg\u0103se\u0219te \u00een planul ini\u021bial din HG 497\/2020. Ulterior, Ministerul ar putea crea un protocol de colaborare cu CNAIR (Compania Na\u021bional\u0103 de Administrare a Infrastructurii Rutiere) pentru a putea avea o cheie suplimentar\u0103 de verificare a datelor din SUMAL 2.0 cu ajutorul camerelor de supraveghere deja instalate pe drumurile Rom\u00e2niei.<\/p>\n\n<p><strong>Putem urm\u0103ri traseul lemnului de la arborele t\u0103iat din p\u0103dure p\u00e2n\u0103 la m\u0103su\u021ba de cafea din sufrageria noastr\u0103?<\/strong><\/p>\n\n<p><strong>Din informa\u021biile pe care le avem, SUMAL 2.0 func\u021bioneaz\u0103 intermitent \u00een acest moment.<\/strong> Exist\u0103 erori critice de programare care \u00eempiedic\u0103 utilizarea \u00een parametri normali a sistemului. A\u0219tept\u0103m clarific\u0103ri din partea STS.<br><\/p>\n\t\t\t<section\n\t\t\tclass=\"boxout  \"\n\t\t\t\n\t\t>\n\t\t\t<a\n\t\t\t\tdata-ga-category=\"Take Action Boxout\"\n\t\t\t\tdata-ga-action=\"Image\"\n\t\t\t\tdata-ga-label=\"n\/a\"\n\t\t\t\tclass=\"cover-card-overlay\"\n\t\t\t\thref=\"https:\/\/www.greenpeace.org\/romania\/implica-te\/salveaza-l-pe-sumal\/\" target=\"_blank\"\n\t\t\t><\/a>\n\t\t\t\t\t\t\t<img\n\t\t\t\t\t\tsrc=\"https:\/\/www.greenpeace.org\/static\/planet4-romania-stateless\/2019\/10\/f9311656-forests-21.10.jpg\"\n\t\t\t\t\t\tsrcset=\"https:\/\/www.greenpeace.org\/static\/planet4-romania-stateless\/2019\/10\/f9311656-forests-21.10-300x200.jpg 300w, https:\/\/www.greenpeace.org\/static\/planet4-romania-stateless\/2019\/10\/f9311656-forests-21.10-768x513.jpg 768w, https:\/\/www.greenpeace.org\/static\/planet4-romania-stateless\/2019\/10\/f9311656-forests-21.10-510x340.jpg 510w, https:\/\/www.greenpeace.org\/static\/planet4-romania-stateless\/2019\/10\/f9311656-forests-21.10.jpg 800w\"\n\t\t\t\t\t\tsizes=\"(min-width: 1000px) 358px, (min-width: 780px) 313px, 88px\"\n\t\t\t\t\t\talt=\"\" title=\"\"\n\t\t\t\t\/>\n            \t\t\t<div class=\"boxout-content\">\n\t\t\t\t\t\t\t\t\t<a\n\t\t\t\t\t\tclass=\"boxout-heading medium\"\n\t\t\t\t\t\tdata-ga-category=\"Take Action Boxout\"\n\t\t\t\t\t\tdata-ga-action=\"Title\"\n\t\t\t\t\t\tdata-ga-label=\"n\/a\"\n\t\t\t\t\t\thref=\"https:\/\/www.greenpeace.org\/romania\/implica-te\/salveaza-l-pe-sumal\/\"\n\t\t\t\t\t\ttarget=\"_blank\"\n\t\t\t\t\t>\n\t\t\t\t\t\tCampania Greenpeace pentru un SUMAL nou\n\t\t\t\t\t<\/a>\n\t\t\t\t\t\t\t\t                                    <a\n                        class=\"btn btn-primary\"\n                        data-ga-category=\"Take Action Boxout\"\n                        data-ga-action=\"Call to Action\"\n                        data-ga-label=\"n\/a\"\n                        href=\"https:\/\/www.greenpeace.org\/romania\/implica-te\/salveaza-l-pe-sumal\/\"\n                        target=\"_blank\"\n                    >\n                        Afl\u0103 mai multe\n                    <\/a>\n                \t\t\t<\/div>\n\t\t\t\t\t<\/section>\n\t","protected":false},"excerpt":{"rendered":"<p>Dup\u0103 am\u00e2n\u0103ri repetate, care p\u0103reau s\u0103 fie l\u0103sate mo\u0219tenire de la un ministru la altul pe termen indefinit, Ministerul Mediului a lansat, \u00een sf\u00e2r\u0219it, SUMAL 2.0, sistemul care ar trebui s\u0103 \u00eempiedice furtul din p\u0103durile Rom\u00e2niei.<\/p>\n","protected":false},"author":34,"featured_media":5354,"comment_status":"open","ping_status":"open","sticky":false,"template":"","format":"standard","meta":{"ep_exclude_from_search":false,"p4_og_title":"","p4_og_description":"","p4_og_image":"","p4_og_image_id":"","p4_seo_canonical_url":"","p4_campaign_name":"Local Campaign","p4_local_project":"Local Project 1","p4_basket_name":"Forests","p4_department":"Campaign","footnotes":""},"categories":[31,3],"tags":[26,45,95],"p4-page-type":[],"class_list":["post-5353","post","type-post","status-publish","format-standard","has-post-thumbnail","hentry","category-greenpeace","category-paduri","tag-activism","tag-paduri","tag-taieri-ilegale"],"_links":{"self":[{"href":"https:\/\/www.greenpeace.org\/romania\/wp-json\/wp\/v2\/posts\/5353","targetHints":{"allow":["GET"]}}],"collection":[{"href":"https:\/\/www.greenpeace.org\/romania\/wp-json\/wp\/v2\/posts"}],"about":[{"href":"https:\/\/www.greenpeace.org\/romania\/wp-json\/wp\/v2\/types\/post"}],"author":[{"embeddable":true,"href":"https:\/\/www.greenpeace.org\/romania\/wp-json\/wp\/v2\/users\/34"}],"replies":[{"embeddable":true,"href":"https:\/\/www.greenpeace.org\/romania\/wp-json\/wp\/v2\/comments?post=5353"}],"version-history":[{"count":14,"href":"https:\/\/www.greenpeace.org\/romania\/wp-json\/wp\/v2\/posts\/5353\/revisions"}],"predecessor-version":[{"id":5370,"href":"https:\/\/www.greenpeace.org\/romania\/wp-json\/wp\/v2\/posts\/5353\/revisions\/5370"}],"wp:featuredmedia":[{"embeddable":true,"href":"https:\/\/www.greenpeace.org\/romania\/wp-json\/wp\/v2\/media\/5354"}],"wp:attachment":[{"href":"https:\/\/www.greenpeace.org\/romania\/wp-json\/wp\/v2\/media?parent=5353"}],"wp:term":[{"taxonomy":"category","embeddable":true,"href":"https:\/\/www.greenpeace.org\/romania\/wp-json\/wp\/v2\/categories?post=5353"},{"taxonomy":"post_tag","embeddable":true,"href":"https:\/\/www.greenpeace.org\/romania\/wp-json\/wp\/v2\/tags?post=5353"},{"taxonomy":"p4-page-type","embeddable":true,"href":"https:\/\/www.greenpeace.org\/romania\/wp-json\/wp\/v2\/p4-page-type?post=5353"}],"curies":[{"name":"wp","href":"https:\/\/api.w.org\/{rel}","templated":true}]}}