{"id":5470,"date":"2021-02-24T11:49:54","date_gmt":"2021-02-24T08:49:54","guid":{"rendered":"https:\/\/www.greenpeace.org\/romania\/?p=5470"},"modified":"2026-04-02T13:01:21","modified_gmt":"2026-04-02T10:01:21","slug":"virgil-popescu-nu-are-un-plan-pentru-decarbonare-si-dupa-cum-declara-nu-il-va-avea-niciodata","status":"publish","type":"post","link":"https:\/\/www.greenpeace.org\/romania\/articol\/5470\/virgil-popescu-nu-are-un-plan-pentru-decarbonare-si-dupa-cum-declara-nu-il-va-avea-niciodata\/","title":{"rendered":"Virgil Popescu nu are un plan pentru decarbonare. \u0218i, dup\u0103 cum declar\u0103, nu \u00eel va avea niciodat\u0103."},"content":{"rendered":"\n<p>\u00cen cadrul unei emisiuni recente, Ministrul Energiei, Virgil Popescu, a f\u0103cut c\u00e2teva declara\u021bii referitoare la renun\u021barea la c\u0103rbune:<\/p>\n\n<p><strong>\u201eNoi ne-am propus s\u0103 renun\u021b\u0103m la exploatarea de c\u0103rbune nu mai devreme dec\u00e2t renun\u021b\u0103 alte state europene.\u201d<\/strong><\/p>\n\n<p><strong>\u201eEu nu am anun\u021bat nicio dat\u0103 de phase-out \u0219i nu voi anun\u021ba nicio dat\u0103 (&#8230;).\u201d<\/strong><\/p>\n\n<p><strong>\u201eUita\u021bi-v\u0103 la Germania, eu am informa\u021bii c\u0103 \u00een Germania se duce dup\u0103 2030, de ce s\u0103 ne gr\u0103bim noi?\u201d<\/strong><\/p>\n\n<p><strong>\u201eMixul Energetic al Rom\u00e2niei presupune 25% \u00een momentul de fa\u021b\u0103 energie pe c\u0103rbune.\u201d<\/strong><\/p>\n\n<p class=\"has-text-align-center\">Pozi\u021bia Greenpeace Rom\u00e2nia fa\u021b\u0103 de declara\u021biile ministrului Energiei.<\/p>\n\n<p>Ministrul Energiei \u00ee\u0219i propune s\u0103 se lupte din r\u0103sputeri pentru ULTIMUL LOC \u00een Europa la tranzi\u021bie energetic\u0103. Implicit, acest lucru ne pozi\u021bioneaz\u0103 la coada clasamentului \u0219i la capitolele grij\u0103 pentru oamenii din zonele miniere \u0219i protec\u021bia climei. Nici vorb\u0103 s\u0103 fim \u201elideri \u00een domeniul schimb\u0103rilor climatice\u201d, a\u0219a cum spunea anul trecut, \u00een decembrie, pre\u0219edintele Klaus Iohannis, sau s\u0103 ne preocupe soarta comunit\u0103\u021bilor care nu mai pot tr\u0103i din c\u0103rbune.<\/p>\n\n<p><strong>Rom\u00e2nia <\/strong>e una dintre foarte pu\u021binele \u021b\u0103ri din Uniunea European\u0103 care <strong>nici m\u0103car nu a discutat despre o dat\u0103 clar\u0103 pentru eliminarea c\u0103rbunelui<\/strong> (coal phaseout). <strong>Nu are \u00eenc\u0103 un plan pentru a gestiona aceast\u0103 tranzi\u021bie, \u00een ciuda faptului c\u0103 zonele miniere sunt din ce \u00een ce mai afectate economic \u0219i social<\/strong>. Lipsa acestor demersuri nu e motiv de m\u00e2ndrie, ba chiar ar trebui s\u0103 fim foarte, foarte \u00eengrijora\u021bi.<\/p>\n\n<p>Planul de eliminare controlat\u0103 a c\u0103rbunelui este esen\u021bial pentru Rom\u00e2nia. Promisiunile f\u0103r\u0103 acoperire ale guvernelor din ultimii 30 de ani&nbsp; au dus la crize sociale, economice, la colaps \u00een sectorul energetic, la lips\u0103 de investi\u021bii. Faptul c\u0103 trecem prin aceast\u0103 transformare a zonelor miniere f\u0103r\u0103 un plan clar, doar cu rezolv\u0103ri de moment, cu politicieni f\u0103r\u0103 viziune, care nu \u00ee\u0219i asum\u0103 nimic, este o tragedie. Rom\u00e2nia nu poate accesa fonduri europene pentru aceste zone&nbsp; &#8211; \u0219i vorbim despre miliarde de euro &#8211; f\u0103r\u0103 s\u0103 clarifice ce face cu c\u0103rbunele. Ba mai mult, Rom\u00e2nia continu\u0103 s\u0103 cotizeze anual, din buzunarele propriilor cet\u0103\u021beni, pentru a men\u021bine pe linia de plutire&nbsp; o industrie a c\u0103rbunelui f\u0103r\u0103 viitor.<\/p>\n\n<p>Sigur, vom auzi acelea\u0219i comentarii: dar Polonia? Dar Germania? Domnule ministru, ce ar fi s\u0103 ne concentr\u0103m pe ce vom face noi? Planul Rom\u00e2niei e s\u0103 nu aib\u0103 niciun plan, s\u0103 fie ultima?&nbsp;<\/p>\n\n<p><strong>Germania <\/strong>are un plan etapizat de eliminare a c\u0103rbunelui p\u00e2n\u0103 cel t\u00e2rziu \u00een 2038, dar cel mai probabil mai devreme (2035). \u00ce\u0219i \u00eenchide p\u00e2n\u0103 \u00een 2022 \u0219i centralele nucleare. Nu e cel mai ambi\u021bios ritm de decarbonare, dar face primii pa\u0219i. Noi nu avem NIMIC planificat. <strong>Polonia <\/strong>e un caz diferit: peste 75% din electricitate e produs\u0103 din c\u0103rbune. Rom\u00e2nia produce sub 20% pe c\u0103rbune (nu 25%, cum \u0219i-ar dori domnul ministru). Credem c\u0103 aceste cifre subliniaz\u0103 clar ridicolul compara\u021biei Polonia-Rom\u00e2nia \u0219i explic\u0103 de ce noi putem face tranzi\u021bia energetic\u0103 mult mai repede.<\/p>\n\n<p>Domnul ministru are dreptate \u00eentr-o singur\u0103 afirma\u021bie: lucrurile nu se pot schimba imediat. Dar nimeni nu i-a cerut ca aceste schimb\u0103ri s\u0103 se petreac\u0103 m\u00e2ine. \u00cens\u0103, ca s\u0103 schimbi lucruri care afecteaz\u0103 vie\u021bile a zeci de mii de oameni, ca s\u0103 dai o \u0219ans\u0103 de dezvoltare comunit\u0103\u021bilor din Valea Jiului \u0219i Gorj, ca s\u0103 schimbi sistemul energetic na\u021bional, ai nevoie de un plan.<\/p>\n\n<p class=\"has-text-align-center\"><strong>Domnul ministru Virgil Popescu nu are un plan. \u0218i, dup\u0103 cum declar\u0103, nu \u00eel va avea niciodat\u0103.<\/strong><\/p>\n\n<p><em><a rel=\"noreferrer noopener\" href=\"https:\/\/www.facebook.com\/Subiectiv.RazvanDumitrescu\/videos\/809903416549346\" target=\"_blank\">Emisiunea integral\u0103, aici.<\/a><\/em><\/p>\n\n<p><\/p>\n","protected":false},"excerpt":{"rendered":"<p>Ministrul Energiei \u00ee\u0219i propune s\u0103 se lupte din r\u0103sputeri pentru ULTIMUL LOC \u00een Europa la tranzi\u021bie energetic\u0103. Implicit, acest lucru ne pozi\u021bioneaz\u0103 la coada clasamentului \u0219i la capitolele grij\u0103 pentru oamenii din zonele miniere \u0219i protec\u021bia climei. <\/p>\n","protected":false},"author":34,"featured_media":5474,"comment_status":"open","ping_status":"closed","sticky":false,"template":"","format":"standard","meta":{"ep_exclude_from_search":false,"p4_og_title":"","p4_og_description":"","p4_og_image":"","p4_og_image_id":"","p4_seo_canonical_url":"","p4_campaign_name":"Local Campaign","p4_local_project":"not set","p4_basket_name":"Climate & Energy","p4_department":"","footnotes":""},"categories":[2,31],"tags":[18,68,97,131],"p4-page-type":[],"class_list":["post-5470","post","type-post","status-publish","format-standard","has-post-thumbnail","hentry","category-clima-si-energie","category-greenpeace","tag-carbune","tag-energie","tag-schimbari-climatice","tag-combustibili-fosili"],"_links":{"self":[{"href":"https:\/\/www.greenpeace.org\/romania\/wp-json\/wp\/v2\/posts\/5470","targetHints":{"allow":["GET"]}}],"collection":[{"href":"https:\/\/www.greenpeace.org\/romania\/wp-json\/wp\/v2\/posts"}],"about":[{"href":"https:\/\/www.greenpeace.org\/romania\/wp-json\/wp\/v2\/types\/post"}],"author":[{"embeddable":true,"href":"https:\/\/www.greenpeace.org\/romania\/wp-json\/wp\/v2\/users\/34"}],"replies":[{"embeddable":true,"href":"https:\/\/www.greenpeace.org\/romania\/wp-json\/wp\/v2\/comments?post=5470"}],"version-history":[{"count":11,"href":"https:\/\/www.greenpeace.org\/romania\/wp-json\/wp\/v2\/posts\/5470\/revisions"}],"predecessor-version":[{"id":5525,"href":"https:\/\/www.greenpeace.org\/romania\/wp-json\/wp\/v2\/posts\/5470\/revisions\/5525"}],"wp:featuredmedia":[{"embeddable":true,"href":"https:\/\/www.greenpeace.org\/romania\/wp-json\/wp\/v2\/media\/5474"}],"wp:attachment":[{"href":"https:\/\/www.greenpeace.org\/romania\/wp-json\/wp\/v2\/media?parent=5470"}],"wp:term":[{"taxonomy":"category","embeddable":true,"href":"https:\/\/www.greenpeace.org\/romania\/wp-json\/wp\/v2\/categories?post=5470"},{"taxonomy":"post_tag","embeddable":true,"href":"https:\/\/www.greenpeace.org\/romania\/wp-json\/wp\/v2\/tags?post=5470"},{"taxonomy":"p4-page-type","embeddable":true,"href":"https:\/\/www.greenpeace.org\/romania\/wp-json\/wp\/v2\/p4-page-type?post=5470"}],"curies":[{"name":"wp","href":"https:\/\/api.w.org\/{rel}","templated":true}]}}