{"id":5589,"date":"2021-02-10T11:41:00","date_gmt":"2021-02-10T08:41:00","guid":{"rendered":"https:\/\/www.greenpeace.org\/romania\/?p=5589"},"modified":"2021-03-03T11:54:00","modified_gmt":"2021-03-03T08:54:00","slug":"fara-compromisuri-in-protejarea-naturii","status":"publish","type":"post","link":"https:\/\/www.greenpeace.org\/romania\/articol\/5589\/fara-compromisuri-in-protejarea-naturii\/","title":{"rendered":"F\u0103r\u0103 compromisuri \u00een protejarea naturii"},"content":{"rendered":"\n<p>Ce \u00eenseamn\u0103 munca de campaigning \u0219i de ce e at\u00e2t de important\u0103 independen\u021ba organiza\u021biei \u00een tot ceea ce facem? \u00cen Greenpeace Rom\u00e2nia\u00a0lucreaz\u0103 \u00een total patru coordonatori de campanie:\u00a0<strong>Ciprian<\/strong>\u00a0\u2014\u00a0p\u0103duri \u0219i biodiversitate,\u00a0<strong>Vlad<\/strong>\u00a0\u2014\u00a0\u00a0tranzi\u021bie just\u0103, clim\u0103 \u0219i energie,\u00a0<strong>Alin<\/strong>\u00a0\u2014\u00a0aer curat \u0219i mobilitate urban\u0103 \u0219i\u00a0<strong>Marian<\/strong>\u00a0\u2014\u00a0energie regenerabil\u0103 \u0219i prosumatori.<\/p>\n\n<div class=\"wp-block-image  caption-style-medium caption-alignment-center\"><figure class=\"aligncenter size-large is-resized\"><img loading=\"lazy\" decoding=\"async\" src=\"https:\/\/www.greenpeace.org\/static\/planet4-romania-stateless\/2021\/03\/3378f24d-campaigneri-1024x576.jpg\" alt=\"\" class=\"wp-image-5591\" width=\"658\" height=\"370\" srcset=\"https:\/\/www.greenpeace.org\/static\/planet4-romania-stateless\/2021\/03\/3378f24d-campaigneri-1024x576.jpg 1024w, https:\/\/www.greenpeace.org\/static\/planet4-romania-stateless\/2021\/03\/3378f24d-campaigneri-300x169.jpg 300w, https:\/\/www.greenpeace.org\/static\/planet4-romania-stateless\/2021\/03\/3378f24d-campaigneri-768x432.jpg 768w, https:\/\/www.greenpeace.org\/static\/planet4-romania-stateless\/2021\/03\/3378f24d-campaigneri-1536x864.jpg 1536w, https:\/\/www.greenpeace.org\/static\/planet4-romania-stateless\/2021\/03\/3378f24d-campaigneri-2048x1152.jpg 2048w, https:\/\/www.greenpeace.org\/static\/planet4-romania-stateless\/2021\/03\/3378f24d-campaigneri-510x287.jpg 510w\" sizes=\"auto, (max-width: 658px) 100vw, 658px\" \/><\/figure><\/div>\n\n<p>Lucr\u0103m la Greenpeace de ceva vreme \u0219i, de-a lungul timpului, am v\u0103zut cum alte organiza\u021bii au fost nevoite s\u0103 s\u0103 \u00ee\u0219i reduc\u0103 activitatea sau s\u0103 \u00ee\u0219i cenzureze mesajele \u2014 pentru c\u0103 un proiect sau altul risca s\u0103 incomodeze corpora\u021biile care le finan\u021bau, sau din teama de a pierde sprijinul financiar cu totul. \u00cen cazuri mai rare, am v\u0103zut organiza\u021bii care au trebuit s\u0103 \u00ee\u0219i \u00eenceteze complet activitatea atunci c\u00e2nd orientarea unui guvern s-a\u00a0schimbat\u00a0sau c\u00e2nd spa\u021biul democratic a fost afectat.<\/p>\n\n<p class=\"has-text-align-center\"><strong>Toate acestea ne fac s\u0103 apreciem \u0219i mai mult faptul c\u0103 Greenpeace reu\u0219e\u0219te, de 50 de ani \u00eencoace, s\u0103 r\u0103m\u00e2n\u0103 o organiza\u021bie independent\u0103.<\/strong><\/p>\n\n<div class=\"wp-block-image  caption-style-medium caption-alignment-center\"><figure class=\"aligncenter size-large is-resized\"><img loading=\"lazy\" decoding=\"async\" src=\"https:\/\/www.greenpeace.org\/static\/planet4-romania-stateless\/2021\/03\/b19d580e-campaigneri2-1024x683.jpg\" alt=\"\" class=\"wp-image-5592\" width=\"573\" height=\"383\" srcset=\"https:\/\/www.greenpeace.org\/static\/planet4-romania-stateless\/2021\/03\/b19d580e-campaigneri2-1024x683.jpg 1024w, https:\/\/www.greenpeace.org\/static\/planet4-romania-stateless\/2021\/03\/b19d580e-campaigneri2-300x200.jpg 300w, https:\/\/www.greenpeace.org\/static\/planet4-romania-stateless\/2021\/03\/b19d580e-campaigneri2-768x512.jpg 768w, https:\/\/www.greenpeace.org\/static\/planet4-romania-stateless\/2021\/03\/b19d580e-campaigneri2-1536x1024.jpg 1536w, https:\/\/www.greenpeace.org\/static\/planet4-romania-stateless\/2021\/03\/b19d580e-campaigneri2-510x340.jpg 510w, https:\/\/www.greenpeace.org\/static\/planet4-romania-stateless\/2021\/03\/b19d580e-campaigneri2.jpg 2048w\" sizes=\"auto, (max-width: 573px) 100vw, 573px\" \/><\/figure><\/div>\n\n<p>\u00cen lupta pentru protejarea mediului \u0219i bun\u0103starea oamenilor, e nevoie de mult curaj. De libertate de g\u00e2ndire \u0219i de autonomie strategic\u0103. De cele mai multe ori nu expunem adev\u0103ruri comode, iar faptul c\u0103 proiectele noastre nu sunt intermediate de\u00a0ter\u021bi sau finan\u021bate de corpora\u021bii, guverne ori partide politice ne asigur\u0103 aceast\u0103 libertate esen\u021bial\u0103.<\/p>\n\n<p>C\u00e2nd vorbim cu reprezentan\u021bii ministerelor, spre exemplu, despre o problem\u0103 important\u0103 de mediu, e esen\u021bial s\u0103 nu compromitem felul \u00een care reprezent\u0103m comunitatea afectat\u0103, s\u0103 putem expune liber adev\u0103rul, ar\u0103t\u00e2ndu-i explicit cu degetul pe cei care face foarte mult r\u0103u.\u00a0Asta vine cu o putere extraordinar\u0103. \u0218i ne ajut\u0103 s\u0103 fim o voce relevant\u0103.<\/p>\n\n<p>Aceast\u0103 independen\u021b\u0103 trebuie s\u0103 fie, \u00een mod evident, \u0219i financiar\u0103. Tocmai de aceea nu accept\u0103m fonduri din partea guvernelor, corpora\u021biilor sau partidelor politice. Depindem \u00een special de contribu\u021biile individuale prin care donatorii no\u0219tri ne sus\u021bin activitatea \u0219i ne ajut\u0103 s\u0103 fim \u00eentr-o pozi\u021bie mai bun\u0103 de a ne sus\u021bine campaniile \u00een continuare \u0219i de a r\u0103spunde eficient \u00een momentele de criz\u0103.<\/p>\n\n<div class=\"wp-block-image  caption-style-medium caption-alignment-center\"><figure class=\"aligncenter size-large is-resized\"><img loading=\"lazy\" decoding=\"async\" src=\"https:\/\/www.greenpeace.org\/static\/planet4-romania-stateless\/2021\/03\/7a5ed230-campaigneri-3-1024x683.jpg\" alt=\"\" class=\"wp-image-5594\" width=\"653\" height=\"436\" srcset=\"https:\/\/www.greenpeace.org\/static\/planet4-romania-stateless\/2021\/03\/7a5ed230-campaigneri-3-1024x683.jpg 1024w, https:\/\/www.greenpeace.org\/static\/planet4-romania-stateless\/2021\/03\/7a5ed230-campaigneri-3-300x200.jpg 300w, https:\/\/www.greenpeace.org\/static\/planet4-romania-stateless\/2021\/03\/7a5ed230-campaigneri-3-768x512.jpg 768w, https:\/\/www.greenpeace.org\/static\/planet4-romania-stateless\/2021\/03\/7a5ed230-campaigneri-3-1536x1024.jpg 1536w, https:\/\/www.greenpeace.org\/static\/planet4-romania-stateless\/2021\/03\/7a5ed230-campaigneri-3-510x340.jpg 510w, https:\/\/www.greenpeace.org\/static\/planet4-romania-stateless\/2021\/03\/7a5ed230-campaigneri-3.jpg 2048w\" sizes=\"auto, (max-width: 653px) 100vw, 653px\" \/><\/figure><\/div>\n\n<p class=\"has-text-align-center\"><strong>Avem multe de f\u0103cut, multe provoc\u0103ri de dep\u0103\u0219it.<\/strong><\/p>\n\n<p class=\"has-text-align-center\"><strong>Cu ajutorul vostru, vrem s\u0103:<\/strong><\/p>\n\n<ul class=\"wp-block-list\"><li><strong>transform\u0103m Bariera Verde din nevoie \u00een realitate:<\/strong>\u00a0p\u00e2n\u0103 la finalul lui 2021, vrem s\u0103 existe pe masa Parlamentului un proiect de lege pentru o Re\u021bea Na\u021bional\u0103 de P\u0103duri de Protec\u021bie care s\u0103 ajute Rom\u00e2nia \u00een lupta \u00eempotriva schimb\u0103rilor climatice;<\/li><\/ul>\n\n<ul class=\"wp-block-list\"><li><strong>combatem t\u0103ierile ilegale cu ajutorul unui SUMAL 2.0 mai bun<\/strong>\u00a0(Sistemul de Urm\u0103rire a Materialului Lemnos): de\u0219i versiunea opera\u021bionalizat\u0103 \u00een februarie 2021 face pa\u0219i \u00eenainte \u00een ceea ce prive\u0219te transparen\u021ba informa\u021biilor privind legalitatea t\u0103ierilor \u0219i urm\u0103rirea transporturilor de lemn, \u00eenc\u0103 lipsesc camerele video pe c\u0103ile de acces \u00een p\u0103dure \u0219i imaginile satelitare pentru un control performant \u0219i incoruptibil;<\/li><\/ul>\n\n<ul class=\"wp-block-list\"><li><strong>oferim oricui \u0219ansa de a deveni prosumator:<\/strong>\u00a0fiecare dintre noi trebuie s\u0103 aib\u0103 dreptul de a-\u0219i produce singur energia din surse curate, regenerabile, cu emisii reduse<\/li><\/ul>\n\n<ul class=\"wp-block-list\"><li><strong>acceler\u0103m o transformare echitabil\u0103 \u00een domeniul transporturilor:\u00a0<\/strong>de la ora\u0219e la zone rurale, oamenii trebuie s\u0103 aib\u0103 acces la un sistem de mobilitate curat, decarbonizat, durabil, sigur, universal \u0219i accesibil tuturor, care favorizeaz\u0103 conexiunea \u00eentre comunit\u0103\u021bi \u0219i natur\u0103. \u00cencepem din Bucure\u0219ti, unde pistele de biciclete \u0219i spa\u021biile publice sunt at\u00e2t de necesare;<\/li><\/ul>\n\n<ul class=\"wp-block-list\"><li><strong>asigur\u0103m o tranzi\u021bie energetic\u0103 echitabil\u0103 \u0219i sustenabil\u0103<\/strong>\u00a0spre produc\u021bia de energie din surse regenerabile, unde oamenii \u0219i natura sunt pe primul loc.<\/li><\/ul>\n\n<p>Sper\u0103m c\u0103 te bucuri de tot ceea ce reu\u0219im s\u0103 facem \u00eempreun\u0103 pentru viitorul nostru \u0219i al naturii \u0219i c\u0103 rezultatele pe care le ob\u021binem te \u00eencurajeaz\u0103 s\u0103 continui s\u0103 ne sus\u021bii eforturile.<\/p>\n\n<p class=\"has-text-align-center\">\u00ce\u021bi mul\u021bumim pentru tot ceea ce faci.<\/p>\n","protected":false},"excerpt":{"rendered":"<p>Ce \u00eenseamn\u0103 munca de campaigning \u0219i de ce e at\u00e2t de important\u0103 independen\u021ba organiza\u021biei \u00een tot ceea ce facem? <\/p>\n","protected":false},"author":34,"featured_media":5595,"comment_status":"open","ping_status":"closed","sticky":false,"template":"","format":"standard","meta":{"ep_exclude_from_search":false,"p4_og_title":"","p4_og_description":"","p4_og_image":"","p4_og_image_id":"","p4_seo_canonical_url":"","p4_campaign_name":"not set","p4_local_project":"not set","p4_basket_name":"not set","p4_department":"","footnotes":""},"categories":[2,4,31,3],"tags":[8,27],"p4-page-type":[],"class_list":["post-5589","post","type-post","status-publish","format-standard","has-post-thumbnail","hentry","category-clima-si-energie","category-comunitate","category-greenpeace","category-paduri","tag-participare-civica-2","tag-democratie-1"],"_links":{"self":[{"href":"https:\/\/www.greenpeace.org\/romania\/wp-json\/wp\/v2\/posts\/5589","targetHints":{"allow":["GET"]}}],"collection":[{"href":"https:\/\/www.greenpeace.org\/romania\/wp-json\/wp\/v2\/posts"}],"about":[{"href":"https:\/\/www.greenpeace.org\/romania\/wp-json\/wp\/v2\/types\/post"}],"author":[{"embeddable":true,"href":"https:\/\/www.greenpeace.org\/romania\/wp-json\/wp\/v2\/users\/34"}],"replies":[{"embeddable":true,"href":"https:\/\/www.greenpeace.org\/romania\/wp-json\/wp\/v2\/comments?post=5589"}],"version-history":[{"count":1,"href":"https:\/\/www.greenpeace.org\/romania\/wp-json\/wp\/v2\/posts\/5589\/revisions"}],"predecessor-version":[{"id":5596,"href":"https:\/\/www.greenpeace.org\/romania\/wp-json\/wp\/v2\/posts\/5589\/revisions\/5596"}],"wp:featuredmedia":[{"embeddable":true,"href":"https:\/\/www.greenpeace.org\/romania\/wp-json\/wp\/v2\/media\/5595"}],"wp:attachment":[{"href":"https:\/\/www.greenpeace.org\/romania\/wp-json\/wp\/v2\/media?parent=5589"}],"wp:term":[{"taxonomy":"category","embeddable":true,"href":"https:\/\/www.greenpeace.org\/romania\/wp-json\/wp\/v2\/categories?post=5589"},{"taxonomy":"post_tag","embeddable":true,"href":"https:\/\/www.greenpeace.org\/romania\/wp-json\/wp\/v2\/tags?post=5589"},{"taxonomy":"p4-page-type","embeddable":true,"href":"https:\/\/www.greenpeace.org\/romania\/wp-json\/wp\/v2\/p4-page-type?post=5589"}],"curies":[{"name":"wp","href":"https:\/\/api.w.org\/{rel}","templated":true}]}}