{"id":5597,"date":"2021-03-04T16:09:09","date_gmt":"2021-03-04T13:09:09","guid":{"rendered":"https:\/\/www.greenpeace.org\/romania\/?p=5597"},"modified":"2026-04-02T13:35:00","modified_gmt":"2026-04-02T10:35:00","slug":"recuperare-verde-facem-sau-ne-prefacem","status":"publish","type":"post","link":"https:\/\/www.greenpeace.org\/romania\/articol\/5597\/recuperare-verde-facem-sau-ne-prefacem\/","title":{"rendered":"Recuperare verde \u2014 facem sau ne prefacem?"},"content":{"rendered":"\n<figure class=\"wp-block-image size-large  caption-style-medium caption-alignment-center\"><a href=\"https:\/\/mainesedecideazi.ro\/\"><img loading=\"lazy\" decoding=\"async\" width=\"1024\" height=\"681\" src=\"https:\/\/www.greenpeace.org\/static\/planet4-romania-stateless\/2021\/03\/d0a90bdd-msda_instagram_msda_ig_postari-consecutive_msda_ig_xconsecutive-1024x681.jpg\" alt=\"\" class=\"wp-image-5598\" srcset=\"https:\/\/www.greenpeace.org\/static\/planet4-romania-stateless\/2021\/03\/d0a90bdd-msda_instagram_msda_ig_postari-consecutive_msda_ig_xconsecutive-1024x681.jpg 1024w, https:\/\/www.greenpeace.org\/static\/planet4-romania-stateless\/2021\/03\/d0a90bdd-msda_instagram_msda_ig_postari-consecutive_msda_ig_xconsecutive-300x200.jpg 300w, https:\/\/www.greenpeace.org\/static\/planet4-romania-stateless\/2021\/03\/d0a90bdd-msda_instagram_msda_ig_postari-consecutive_msda_ig_xconsecutive-768x511.jpg 768w, https:\/\/www.greenpeace.org\/static\/planet4-romania-stateless\/2021\/03\/d0a90bdd-msda_instagram_msda_ig_postari-consecutive_msda_ig_xconsecutive-1536x1021.jpg 1536w, https:\/\/www.greenpeace.org\/static\/planet4-romania-stateless\/2021\/03\/d0a90bdd-msda_instagram_msda_ig_postari-consecutive_msda_ig_xconsecutive-2048x1362.jpg 2048w, https:\/\/www.greenpeace.org\/static\/planet4-romania-stateless\/2021\/03\/d0a90bdd-msda_instagram_msda_ig_postari-consecutive_msda_ig_xconsecutive-510x340.jpg 510w\" sizes=\"auto, (max-width: 1024px) 100vw, 1024px\" \/><\/a><\/figure>\n\n<p><strong>Dup\u0103 <a rel=\"noreferrer noopener\" href=\"https:\/\/mainesedecideazi.ro\/planul-guvernantilor-pentru-viitor-este-sa-ne-tina-blocati-in-trecut\" target=\"_blank\">e\u0219ecul primei variante<\/a> a Planului Na\u021bional de Redresare \u0219i Rezilien\u021b\u0103 (PNRR) \u0219i <a href=\"https:\/\/www.g4media.ro\/surse-critici-dure-ale-comisiei-europene-pentru-planul-pnrr-al-romaniei-de-cheltuire-a-celor-30-de-miliarde-de-la-ue-destinati-relansarii-economice-zero-reforme-asumate.html\">criticile aduse de Comisia European\u0103<\/a>, Guvernul Rom\u00e2niei a fost nevoit s\u0103 dezvolte un nou plan. Modul \u00een care a ales s\u0103 o fac\u0103 este \u00eens\u0103 gre\u0219it: \u00een loc s\u0103 scad\u0103, cre\u0219te nivelul de birocra\u021bie.<\/strong><\/p>\n\n<p>Noile cerin\u021be limiteaz\u0103 contribu\u021biile p\u0103r\u021bilor interesate: propunerile nu mai sunt acceptate dec\u00e2t dac\u0103 sunt formulate standard, sub form\u0103 de proiecte \u00eenscrise \u00een ni\u0219te fi\u0219e complicate. Asta \u00eenseamn\u0103 c\u0103 responsabilitatea administrativ\u0103 e transferat\u0103 contributorilor, care oricum fac munc\u0103 voluntar\u0103 oferind autorit\u0103\u021bilor idei \u0219i solu\u021bii proaspete. <\/p>\n\n<p>Guvernarea \u0219i procesele administrative asociate sunt responsabilitatea exclusiv\u0103 a Guvernului \u0219i nu pot fi tranzac\u021bionate. Societatea civil\u0103 nu este mandatat\u0103 prin alegeri, nu este pl\u0103tit\u0103 din bani publici, nu are p\u00e2rghii legislative, nu controleaz\u0103 bugetul, nu beneficiaz\u0103 de aparatul administrativ, nu evalueaz\u0103 \u0219i decide \u00een privin\u021ba politicilor publice. <\/p>\n\n<p>Rezultatul cel mai probabil? \u0218i mai pu\u021bin\u0103 participare, \u0219i mai multe idei captive \u00een h\u0103\u021bi\u0219ul birocratic, \u0219i mai mult timp pierdut de ONG-uri, dintre care multe vor renun\u021ba.<\/p>\n\n<figure class=\"wp-block-image size-large  caption-style-medium caption-alignment-center\"><a href=\"https:\/\/mainesedecideazi.ro\/\"><img loading=\"lazy\" decoding=\"async\" width=\"1024\" height=\"1024\" src=\"https:\/\/www.greenpeace.org\/static\/planet4-romania-stateless\/2021\/03\/dca1c101-msda_ig_democratie-1024x1024.jpg\" alt=\"\" class=\"wp-image-5599\" srcset=\"https:\/\/www.greenpeace.org\/static\/planet4-romania-stateless\/2021\/03\/dca1c101-msda_ig_democratie-1024x1024.jpg 1024w, https:\/\/www.greenpeace.org\/static\/planet4-romania-stateless\/2021\/03\/dca1c101-msda_ig_democratie-300x300.jpg 300w, https:\/\/www.greenpeace.org\/static\/planet4-romania-stateless\/2021\/03\/dca1c101-msda_ig_democratie-150x150.jpg 150w, https:\/\/www.greenpeace.org\/static\/planet4-romania-stateless\/2021\/03\/dca1c101-msda_ig_democratie-768x768.jpg 768w, https:\/\/www.greenpeace.org\/static\/planet4-romania-stateless\/2021\/03\/dca1c101-msda_ig_democratie-1536x1536.jpg 1536w, https:\/\/www.greenpeace.org\/static\/planet4-romania-stateless\/2021\/03\/dca1c101-msda_ig_democratie-1366x1366.jpg 1366w, https:\/\/www.greenpeace.org\/static\/planet4-romania-stateless\/2021\/03\/dca1c101-msda_ig_democratie-340x340.jpg 340w, https:\/\/www.greenpeace.org\/static\/planet4-romania-stateless\/2021\/03\/dca1c101-msda_ig_democratie.jpg 2000w\" sizes=\"auto, (max-width: 1024px) 100vw, 1024px\" \/><\/a><figcaption><em>Care sunt investi\u021biile \u0219i reformele pe care le va implementa Rom\u00e2nia prin PNRR?<\/em><\/figcaption><\/figure>\n\n<p>Pe l\u00e2ng\u0103 \u00een\u021belegerea gre\u0219it\u0103 a ceea ce \u00eenseamn\u0103 un proces transparent de participare public\u0103 \u0219i consult\u0103ri, Ministerul Investi\u021biilor \u0219i Proiectelor Europene, autoritatea responsabil\u0103 de PNRR, nu a clarificat calendarul elabor\u0103rii noului plan. Ne-a spus care este calendarul a\u0219a-ziselor consult\u0103ri, ne-a spus care este data limit\u0103 pentru depunerea planului, dar nimic despre ce se \u00eent\u00e2mpl\u0103 \u00eentre timp.<\/p>\n\n<p><strong>De aceea cerem ca Ministerul s\u0103 anun\u021be \u0219i data public\u0103rii primei versiuni, perioada \u00een care aceasta va fi \u00een consultare public\u0103, precum \u0219i data public\u0103rii \u0219i trimiterii c\u0103tre Comisia European\u0103 a celei de-a doua versiuni consolidate.&nbsp;<\/strong><\/p>\n\n<figure class=\"wp-block-image size-large  caption-style-medium caption-alignment-center\"><a href=\"https:\/\/mainesedecideazi.ro\/\"><img loading=\"lazy\" decoding=\"async\" width=\"1024\" height=\"1024\" src=\"https:\/\/www.greenpeace.org\/static\/planet4-romania-stateless\/2021\/03\/aaf189c3-msda_ig_economie-1024x1024.jpg\" alt=\"\" class=\"wp-image-5602\" srcset=\"https:\/\/www.greenpeace.org\/static\/planet4-romania-stateless\/2021\/03\/aaf189c3-msda_ig_economie-1024x1024.jpg 1024w, https:\/\/www.greenpeace.org\/static\/planet4-romania-stateless\/2021\/03\/aaf189c3-msda_ig_economie-300x300.jpg 300w, https:\/\/www.greenpeace.org\/static\/planet4-romania-stateless\/2021\/03\/aaf189c3-msda_ig_economie-150x150.jpg 150w, https:\/\/www.greenpeace.org\/static\/planet4-romania-stateless\/2021\/03\/aaf189c3-msda_ig_economie-768x768.jpg 768w, https:\/\/www.greenpeace.org\/static\/planet4-romania-stateless\/2021\/03\/aaf189c3-msda_ig_economie-1536x1536.jpg 1536w, https:\/\/www.greenpeace.org\/static\/planet4-romania-stateless\/2021\/03\/aaf189c3-msda_ig_economie-1366x1366.jpg 1366w, https:\/\/www.greenpeace.org\/static\/planet4-romania-stateless\/2021\/03\/aaf189c3-msda_ig_economie-340x340.jpg 340w, https:\/\/www.greenpeace.org\/static\/planet4-romania-stateless\/2021\/03\/aaf189c3-msda_ig_economie.jpg 2000w\" sizes=\"auto, (max-width: 1024px) 100vw, 1024px\" \/><\/a><\/figure>\n\n<p><strong>Chiar dac\u0103 procesul a fost prost organizat, consider\u0103m c\u0103 este esen\u021bial ca vocea noastr\u0103 \u0219i a celor peste 22.000 dintre voi care au semnat pentru principiile \u0219i m\u0103surile propuse pe platforma <a href=\"http:\/\/www.mainesedecideazi.ro\/\">www.mainesedecideazi.ro<\/a> s\u0103 fie auzite!<\/strong><\/p>\n\n<p>Pentru asta, am trimis c\u0103tre Minister o list\u0103 cu propuneri de investi\u021bii \u0219i reforme \u00een domeniile mediu, energie, managementul de\u0219eurilor \u0219i infrastructura de ap\u0103, canalizare \u0219i tratare a apelor uzate. Am reluat argumentele noastre legate de oportunitatea de redresare a economiei \u00een linie cu obiectivele Pactului Ecologic European, care propun tranzi\u021bia c\u0103tre o economie circular\u0103, cu emisii sc\u0103zute \u0219i digitalizare. <\/p>\n\n<p>Am propus, a\u0219adar, <strong>reformarea sistemului energetic na\u021bional<\/strong> prin renun\u021barea la c\u0103rbune \u0219i combustibili fosili \u0219i <strong>trecerea la energie regenerabil\u0103 \u0219i curat\u0103<\/strong>, <strong>cre\u0219terea eficien\u021bei energetice a cl\u0103dirilor<\/strong> \u0219i promovarea democratiz\u0103rii energiei prin <strong>finan\u021barea prosumatorilor<\/strong>. Am propus <strong>digitalizarea \u0219i transparentizarea sectorului forestier<\/strong>, precum \u0219i investi\u021bii \u00een <a href=\"https:\/\/greenpeace.barieraverde.ro\/\">Bariera Verde<\/a>, o <strong>Re\u021bea Na\u021bional\u0103 de P\u0103duri de Protec\u021bie<\/strong> (pentru care au semnat aproape 100.000 dintre voi). \u00cen privin\u021ba <strong>biodiversit\u0103\u021bii<\/strong>, Rom\u00e2nia este \u021bara cu cel mai mare poten\u021bial din Uniunea European\u0103 \u0219i trebuie s\u0103 folosim acest avantaj ca fundament pentru bun\u0103starea noastr\u0103 viitoare. De aceea, investi\u021biile \u00een <strong>conservarea mediului<\/strong> trebuie s\u0103 fie un pilon al PNRR. Am cerut, de asemenea, investi\u021bii \u00een <strong>mobilitate durabil\u0103<\/strong>, un schimb de paradigm\u0103 \u00een privin\u021ba sectorului de transport care s\u0103 ofere modalit\u0103\u021bi alternative \u0219i curate de mobilitate.<\/p>\n\n<figure class=\"wp-block-image size-large  caption-style-medium caption-alignment-center\"><a href=\"https:\/\/mainesedecideazi.ro\/\"><img loading=\"lazy\" decoding=\"async\" width=\"1024\" height=\"1024\" src=\"https:\/\/www.greenpeace.org\/static\/planet4-romania-stateless\/2021\/03\/1a93bd8a-msda_ig_mediu-1024x1024.jpg\" alt=\"\" class=\"wp-image-5601\" srcset=\"https:\/\/www.greenpeace.org\/static\/planet4-romania-stateless\/2021\/03\/1a93bd8a-msda_ig_mediu-1024x1024.jpg 1024w, https:\/\/www.greenpeace.org\/static\/planet4-romania-stateless\/2021\/03\/1a93bd8a-msda_ig_mediu-300x300.jpg 300w, https:\/\/www.greenpeace.org\/static\/planet4-romania-stateless\/2021\/03\/1a93bd8a-msda_ig_mediu-150x150.jpg 150w, https:\/\/www.greenpeace.org\/static\/planet4-romania-stateless\/2021\/03\/1a93bd8a-msda_ig_mediu-768x768.jpg 768w, https:\/\/www.greenpeace.org\/static\/planet4-romania-stateless\/2021\/03\/1a93bd8a-msda_ig_mediu-1536x1536.jpg 1536w, https:\/\/www.greenpeace.org\/static\/planet4-romania-stateless\/2021\/03\/1a93bd8a-msda_ig_mediu-1366x1366.jpg 1366w, https:\/\/www.greenpeace.org\/static\/planet4-romania-stateless\/2021\/03\/1a93bd8a-msda_ig_mediu-340x340.jpg 340w, https:\/\/www.greenpeace.org\/static\/planet4-romania-stateless\/2021\/03\/1a93bd8a-msda_ig_mediu.jpg 2000w\" sizes=\"auto, (max-width: 1024px) 100vw, 1024px\" \/><\/a><\/figure>\n\n<p style=\"font-size:24px\" class=\"has-background has-text-align-center has-green-500-background-color\"><strong><a rel=\"noreferrer noopener\" href=\"https:\/\/www.greenpeace.org\/static\/planet4-romania-stateless\/2021\/03\/7fc62cba-pnrr-consult%C4%83ri-adresa-12.02.2021.pdf\" target=\"_blank\"><span class=\"has-inline-color has-grey-900-color\">PUTE\u021aI CONSULTA AICI DOCUMENTUL INTEGRAL<\/span><\/a><\/strong><\/p>\n\n<p>A\u0219tept\u0103m ca Ministerul Investi\u021biilor \u0219i Proiectelor Europene s\u0103 publice varianta consolidat\u0103 a planului, cu contribu\u021biile p\u0103r\u021bilor interesate integrate, \u00eenainte de etapa trimiterii c\u0103tre Comisia European\u0103. V\u0103 \u021binem la curent!<\/p>\n\n<figure class=\"wp-block-embed-youtube wp-block-embed is-type-video is-provider-youtube wp-embed-aspect-16-9 wp-has-aspect-ratio\"><div class=\"wp-block-embed__wrapper\">\n<lite-youtube style=\"background-image: url('https:\/\/i.ytimg.com\/vi\/oaIW3QLsjOI\/hqdefault.jpg');\" videoid=\"oaIW3QLsjOI\" params=\"rel=0\"><\/lite-youtube>\n<\/div><\/figure>\n\t\t\t<section\n\t\t\tclass=\"boxout post-666 \"\n\t\t\t\n\t\t>\n\t\t\t<a\n\t\t\t\tdata-ga-category=\"Take Action Boxout\"\n\t\t\t\tdata-ga-action=\"Image\"\n\t\t\t\tdata-ga-label=\"n\/a\"\n\t\t\t\tclass=\"cover-card-overlay\"\n\t\t\t\thref=\"https:\/\/www.greenpeace.org\/romania\/fii-prosumator\/\" \n\t\t\t><\/a>\n\t\t\t\t\t\t\t<img\n\t\t\t\t\t\tsrc=\"https:\/\/www.greenpeace.org\/static\/planet4-romania-stateless\/2019\/06\/4c7d40d7-gp01ush-1024x680.jpg\"\n\t\t\t\t\t\tsrcset=\"https:\/\/www.greenpeace.org\/static\/planet4-romania-stateless\/2019\/06\/4c7d40d7-gp01ush-300x199.jpg 300w, https:\/\/www.greenpeace.org\/static\/planet4-romania-stateless\/2019\/06\/4c7d40d7-gp01ush-768x510.jpg 768w, https:\/\/www.greenpeace.org\/static\/planet4-romania-stateless\/2019\/06\/4c7d40d7-gp01ush-1024x680.jpg 1024w, https:\/\/www.greenpeace.org\/static\/planet4-romania-stateless\/2019\/06\/4c7d40d7-gp01ush-510x340.jpg 510w, https:\/\/www.greenpeace.org\/static\/planet4-romania-stateless\/2019\/06\/4c7d40d7-gp01ush.jpg 1200w\"\n\t\t\t\t\t\tsizes=\"(min-width: 1000px) 358px, (min-width: 780px) 313px, 88px\"\n\t\t\t\t\t\talt=\"Solar System Installation in Alvaneu. \u00a9 Greenpeace \/ Ex-Press \/ Markus Forte\" title=\"Solar System Installation in Alvaneu. \u00a9 Greenpeace \/ Ex-Press \/ Markus Forte\"\n\t\t\t\t\/>\n            \t\t\t<div class=\"boxout-content\">\n\t\t\t\t\t\t\t\t\t<a\n\t\t\t\t\t\tclass=\"boxout-heading medium\"\n\t\t\t\t\t\tdata-ga-category=\"Take Action Boxout\"\n\t\t\t\t\t\tdata-ga-action=\"Title\"\n\t\t\t\t\t\tdata-ga-label=\"n\/a\"\n\t\t\t\t\t\thref=\"https:\/\/www.greenpeace.org\/romania\/fii-prosumator\/\"\n\t\t\t\t\t\t\n\t\t\t\t\t>\n\t\t\t\t\t\tFii prosumator\n\t\t\t\t\t<\/a>\n\t\t\t\t\t\t\t\t                                    <a\n                        class=\"btn btn-primary\"\n                        data-ga-category=\"Take Action Boxout\"\n                        data-ga-action=\"Call to Action\"\n                        data-ga-label=\"n\/a\"\n                        href=\"https:\/\/www.greenpeace.org\/romania\/fii-prosumator\/\"\n                        \n                    >\n                        Implic\u0103-te\n                    <\/a>\n                \t\t\t<\/div>\n\t\t\t\t\t<\/section>\n\t","protected":false},"excerpt":{"rendered":"<p>Dup\u0103 e\u0219ecul primei propuneri de Plan Na\u021bional de Redresare \u0219i Rezilien\u021b\u0103 (PNRR) \u0219i criticile aduse de Comisia European\u0103, Guvernul Rom\u00e2niei a fost nevoit s\u0103 dezvolte un nou plan.<\/p>\n","protected":false},"author":33,"featured_media":5598,"comment_status":"open","ping_status":"open","sticky":false,"template":"","format":"standard","meta":{"ep_exclude_from_search":false,"p4_og_title":"","p4_og_description":"","p4_og_image":"","p4_og_image_id":"","p4_seo_canonical_url":"","p4_campaign_name":"European Energy Transition","p4_local_project":"not set","p4_basket_name":"Political & Business","p4_department":"","footnotes":""},"categories":[2,4,31,3],"tags":[7,36,45,73,132],"p4-page-type":[],"class_list":["post-5597","post","type-post","status-publish","format-standard","has-post-thumbnail","hentry","category-clima-si-energie","category-comunitate","category-greenpeace","category-paduri","tag-energie-regenerabila","tag-criza-climatica","tag-paduri","tag-tranzitie-justa-1","tag-campanii-vechi"],"_links":{"self":[{"href":"https:\/\/www.greenpeace.org\/romania\/wp-json\/wp\/v2\/posts\/5597","targetHints":{"allow":["GET"]}}],"collection":[{"href":"https:\/\/www.greenpeace.org\/romania\/wp-json\/wp\/v2\/posts"}],"about":[{"href":"https:\/\/www.greenpeace.org\/romania\/wp-json\/wp\/v2\/types\/post"}],"author":[{"embeddable":true,"href":"https:\/\/www.greenpeace.org\/romania\/wp-json\/wp\/v2\/users\/33"}],"replies":[{"embeddable":true,"href":"https:\/\/www.greenpeace.org\/romania\/wp-json\/wp\/v2\/comments?post=5597"}],"version-history":[{"count":18,"href":"https:\/\/www.greenpeace.org\/romania\/wp-json\/wp\/v2\/posts\/5597\/revisions"}],"predecessor-version":[{"id":11072,"href":"https:\/\/www.greenpeace.org\/romania\/wp-json\/wp\/v2\/posts\/5597\/revisions\/11072"}],"wp:featuredmedia":[{"embeddable":true,"href":"https:\/\/www.greenpeace.org\/romania\/wp-json\/wp\/v2\/media\/5598"}],"wp:attachment":[{"href":"https:\/\/www.greenpeace.org\/romania\/wp-json\/wp\/v2\/media?parent=5597"}],"wp:term":[{"taxonomy":"category","embeddable":true,"href":"https:\/\/www.greenpeace.org\/romania\/wp-json\/wp\/v2\/categories?post=5597"},{"taxonomy":"post_tag","embeddable":true,"href":"https:\/\/www.greenpeace.org\/romania\/wp-json\/wp\/v2\/tags?post=5597"},{"taxonomy":"p4-page-type","embeddable":true,"href":"https:\/\/www.greenpeace.org\/romania\/wp-json\/wp\/v2\/p4-page-type?post=5597"}],"curies":[{"name":"wp","href":"https:\/\/api.w.org\/{rel}","templated":true}]}}