{"id":5621,"date":"2021-03-10T14:59:18","date_gmt":"2021-03-10T11:59:18","guid":{"rendered":"https:\/\/www.greenpeace.org\/romania\/?p=5621"},"modified":"2026-04-02T13:01:13","modified_gmt":"2026-04-02T10:01:13","slug":"directorul-c-e-o-vorbeste-pentru-prima-data-despre-eliminarea-carbunelui-din-mixul-energetic-cand-vom-avea-o-reactie-si-din-partea-ministrului-energiei","status":"publish","type":"post","link":"https:\/\/www.greenpeace.org\/romania\/articol\/5621\/directorul-c-e-o-vorbeste-pentru-prima-data-despre-eliminarea-carbunelui-din-mixul-energetic-cand-vom-avea-o-reactie-si-din-partea-ministrului-energiei\/","title":{"rendered":"Directorul C.E.O. vorbe\u0219te pentru prima dat\u0103 despre eliminarea c\u0103rbunelui din mixul energetic. C\u00e2nd vom avea o reac\u021bie \u0219i din partea Ministrului Energiei?"},"content":{"rendered":"\n<p>Daniel Burlan, directorul general al Complexului Energetic Oltenia,\u00a0 <a rel=\"noreferrer noopener\" href=\"https:\/\/www.facebook.com\/greenpeace.ro\/videos\/456600198983305\" target=\"_blank\">a declarat \u00eentr-o conferin\u021b\u0103 Energynomics<\/a> c\u0103 Rom\u00e2nia are nevoie de un plan de decarbonare, de phase out al c\u0103rbunelui la nivel na\u021bional. Mai spune c\u0103 este nevoie, a\u0219a cum s-a \u00eent\u00e2mplat \u0219i \u00een alte \u021b\u0103ri europene,\u00a0de constituirea unei comisii mixte care s\u0103 traseze acest plan de \u00eenchidere a capacit\u0103\u021bilor de energie produs\u0103 din c\u0103rbune, pe care \u00eel vede ulterior adoptat prin lege.<\/p>\n\n<p><\/p>\n\n<div class=\"wp-block-image  caption-style-medium caption-alignment-center\"><figure class=\"aligncenter size-large is-resized\"><img loading=\"lazy\" decoding=\"async\" src=\"https:\/\/www.greenpeace.org\/static\/planet4-romania-stateless\/2021\/03\/77e588ad-burlan-site-1024x573.jpg\" alt=\"\" class=\"wp-image-5623\" width=\"791\" height=\"443\" srcset=\"https:\/\/www.greenpeace.org\/static\/planet4-romania-stateless\/2021\/03\/77e588ad-burlan-site-1024x573.jpg 1024w, https:\/\/www.greenpeace.org\/static\/planet4-romania-stateless\/2021\/03\/77e588ad-burlan-site-300x168.jpg 300w, https:\/\/www.greenpeace.org\/static\/planet4-romania-stateless\/2021\/03\/77e588ad-burlan-site-768x430.jpg 768w, https:\/\/www.greenpeace.org\/static\/planet4-romania-stateless\/2021\/03\/77e588ad-burlan-site-510x285.jpg 510w, https:\/\/www.greenpeace.org\/static\/planet4-romania-stateless\/2021\/03\/77e588ad-burlan-site.jpg 1122w\" sizes=\"auto, (max-width: 791px) 100vw, 791px\" \/><\/figure><\/div>\n\n<p>Aproape toate statele membre ale Uniunii Europene au anun\u021bat un plan de renun\u021bare la c\u0103rbune, iar cele care nu au f\u0103cut-o deja, au comisii constituite care lucreaz\u0103 la un calendar \u0219i la o strategie pentru eliminarea c\u0103rbunelui din mixul energetic, \u00eenlocuirea acestuia cu noi capacit\u0103\u021bi de energie regenerabil\u0103, \u0219i la alte m\u0103suri care s\u0103 sus\u021bin\u0103 sistemul energetic. Planul de decarbonare, dincolo de \u00eenchiderea capacit\u0103\u021bilor pe c\u0103rbune, trebuie s\u0103 ia \u00een calcul \u0219i impactul economic \u0219i social. Factorii de decizie sunt obliga\u021bi s\u0103 includ\u0103 \u0219i o puternic\u0103 component\u0103 de protec\u021bie social\u0103 &#8211;&nbsp; s\u0103 g\u0103seasc\u0103 alternative viabile care s\u0103 asigure locuri de munc\u0103 decente pentru oamenii care lucreaz\u0103 \u00een industria mineritului. <em>\u00cen lipsa unui astfel de plan exist\u0103 riscul ca aceste zone s\u0103 treac\u0103 printr-un amplu proces de de\u0219ertificare social\u0103.<\/em><\/p>\n\n<p>\u00cen Rom\u00e2nia, \u00een&nbsp; Gorj, un num\u0103r de 36.000 de oameni, aproximativ 40% din totalul angaja\u021bilor din jude\u021b, depind de modul \u00een care func\u021bioneaz\u0103 Complexul Energetic Oltenia. Compania se afl\u0103 \u00eentr-o situa\u021bie extrem de <a href=\"https:\/\/www.greenpeace.org\/romania\/articol\/5577\/ajutorul-de-stat-pentru-ceo-sub-semnul-intrebarii-e-guvernul-romaniei-pregatit-pentru-consecinte\/\">delicat\u0103<\/a> din punct de vedere financiar, situa\u021bie care \u00een mod evident pune sub semnul \u00eentreb\u0103rii viitorul jude\u021bului Gorj.<\/p>\n\n<p>Ministerul Energiei, pentru a evita un colaps economic \u0219i social \u00een jude\u021bul Gorj, este obligat s\u0103 accelereze procesul tranzi\u021biei energetice, s\u0103 \u00ee\u0219i alinieze obiectivele cu politicile climatice europene, s\u0103 fac\u0103 schimb\u0103ri consistente la Strategia Energetic\u0103 Na\u021bional\u0103 \u0219i la Planul Na\u021bional privind Energia \u0219i Schimb\u0103rile Climatice, \u0219i nu \u00een ultimul r\u00e2nd s\u0103 \u00eenfiin\u021beze c\u00e2t mai urgent acea comisie care s\u0103 planifice eliminarea treptat\u0103 a c\u0103rbunelui \u00een baza unei strategii bine definite. <a href=\"https:\/\/www.enpg.ro\/study-accelerated-lignite-exit-in-bulgaria-romania-and-greece-eng-ro\/\">Studiile<\/a> arat\u0103 c\u0103 o accelerare a procesului de renun\u021bare la c\u0103rbune va avea un impact economic gestionabil. Altfel spus, cu c\u00e2t mai rapid\u0103 retragerea, cu at\u00e2t mai mici vor fi costurile tranzi\u021biei. <strong>Scenariul pentru renun\u021barea la c\u0103rbune \u00een 2025 devine din ce \u00een ce mai plauzibil.<\/strong><\/p>\n\n<p>Complexul Energetic Oltenia nu poate pune \u00een func\u021biune capacit\u0103\u021bi de produc\u021bie pe gaze (\u00eencep\u00e2nd cu 2025) \u0219i energie fotovoltaic\u0103 \u00een paralel cu func\u021bionarea \u00een continuare a unit\u0103\u021bilor pe baz\u0103 de lignit, \u00eentruc\u00e2t acest scenariu este interpretat ca fiind \u201esubven\u021bie intern\u0103\u201d, practic profiturile ob\u021binute ar prelungi func\u021bionarea unit\u0103\u021bilor poluante \u0219i dup\u0103 2030, fapt ce contravine \u00een mod direct obiectivelor Directivei EU ETS.<\/p>\n\n<p class=\"has-text-color has-grey-900-color\">Ministerul Energiei, principalul ac\u021bionar al CEO \u0219i responsabil cu politica energetic\u0103 a Rom\u00e2niei, are de f\u0103cut urm\u0103toarele lucruri pentru a fi \u00een linie cu obiectivele climatice europene:<\/p>\n\n<ol class=\"wp-block-list\"><li>s\u0103 opreasc\u0103 sus\u021binerea nesustenabil\u0103 a produc\u021biei de energie pe c\u0103rbune &#8211; prea poluant\u0103 \u0219i prea scump\u0103 &#8211; \u0219i s\u0103 comunice o dat\u0103 clar\u0103 \u0219i un plan realist pentru eliminarea c\u0103rbunelui din mixul energetic na\u021bional \u0219i \u00eenlocuirea acestuia cu noi capacit\u0103\u021bi de energie regenerabil\u0103; primul pas e \u00eenfiin\u021barea de urgen\u021b\u0103 a Comisiei pentru renun\u021barea la c\u0103rbune, comisie care s\u0103 aib\u0103 o componen\u021b\u0103 mixt\u0103 \u0219i care s\u0103 g\u0103seasc\u0103 solu\u021bii \u0219i pentru impactul social \u0219i economic din zon\u0103.<\/li><li>s\u0103 coreleze aceste eforturi cu programul de sprijin financiar anun\u021bat de Comisia European\u0103, Fondul pentru o Tranzi\u021bie Just\u0103, program dedicat pentru zonele miniere care vor trece printr-un amplu program de decarbonare. Acesta urm\u0103re\u0219te men\u021binerea produc\u021biei economice \u0219i cre\u0219terea nivelului de ocupare a for\u021bei de munc\u0103 afectate de renun\u021barea la c\u0103rbune. 2,2 miliarde de euro vor fi aloca\u021bi pentru Rom\u00e2nia.&nbsp;<\/li><li>s\u0103 modifice planul de restructurare \u0219i decarbonare al Complexului Energetic Oltenia, astfel \u00eenc\u00e2t s\u0103 fie \u00een linie cu principiile de acordare a fondurilor europene, s\u0103 urm\u0103reasc\u0103 \u0219i s\u0103 acceseze oportunit\u0103\u021bile de finan\u021bare existente pentru investi\u021bii \u00een dezvoltarea de tehnologii \u0219i infrastructuri pentru o energie curat\u0103.<\/li><\/ol>\n\n<p>S\u0103 spunem lucrurilor pe nume: Ministerul Energiei a r\u0103mas izolat \u00eentr-o pozi\u021bie pro-c\u0103rbune, care este \u00een dezavantajul dezvolt\u0103rii jude\u021bului Gorj \u0219i a Rom\u00e2niei. V\u00e2ntul schimb\u0103rii bate din toate direc\u021biile: de la nivel european, de la cel local, din partea ong-urilor care militeaz\u0103 pentru stoparea polu\u0103rii \u0219i o tranzi\u021bie just\u0103, ba surprinz\u0103tor, iat\u0103 c\u0103 semnale vin \u0219i din partea CEO, singurul produc\u0103tor important pe c\u0103rbune din Rom\u00e2nia.&nbsp;<\/p>\n\n<p class=\"has-text-align-center\">\u00cenc\u0103 nu e prea t\u00e2rziu ca ministrul Virgil Popescu s\u0103 fac\u0103 primii pa\u0219i. Dar e al doisprezecelea ceas.<\/p>\n","protected":false},"excerpt":{"rendered":"<p>Daniel Burlan, directorul general al CEO,\u00a0a declarat \u00een premier\u0103 c\u0103 Rom\u00e2nia are nevoie de un plan de decarbonare la nivel na\u021bional.<\/p>\n","protected":false},"author":34,"featured_media":5624,"comment_status":"open","ping_status":"closed","sticky":false,"template":"","format":"standard","meta":{"ep_exclude_from_search":false,"p4_og_title":"","p4_og_description":"","p4_og_image":"","p4_og_image_id":"","p4_seo_canonical_url":"","p4_campaign_name":"not set","p4_local_project":"not set","p4_basket_name":"not set","p4_department":"","footnotes":""},"categories":[2,31],"tags":[18,131],"p4-page-type":[],"class_list":["post-5621","post","type-post","status-publish","format-standard","has-post-thumbnail","hentry","category-clima-si-energie","category-greenpeace","tag-carbune","tag-combustibili-fosili"],"_links":{"self":[{"href":"https:\/\/www.greenpeace.org\/romania\/wp-json\/wp\/v2\/posts\/5621","targetHints":{"allow":["GET"]}}],"collection":[{"href":"https:\/\/www.greenpeace.org\/romania\/wp-json\/wp\/v2\/posts"}],"about":[{"href":"https:\/\/www.greenpeace.org\/romania\/wp-json\/wp\/v2\/types\/post"}],"author":[{"embeddable":true,"href":"https:\/\/www.greenpeace.org\/romania\/wp-json\/wp\/v2\/users\/34"}],"replies":[{"embeddable":true,"href":"https:\/\/www.greenpeace.org\/romania\/wp-json\/wp\/v2\/comments?post=5621"}],"version-history":[{"count":4,"href":"https:\/\/www.greenpeace.org\/romania\/wp-json\/wp\/v2\/posts\/5621\/revisions"}],"predecessor-version":[{"id":12528,"href":"https:\/\/www.greenpeace.org\/romania\/wp-json\/wp\/v2\/posts\/5621\/revisions\/12528"}],"wp:featuredmedia":[{"embeddable":true,"href":"https:\/\/www.greenpeace.org\/romania\/wp-json\/wp\/v2\/media\/5624"}],"wp:attachment":[{"href":"https:\/\/www.greenpeace.org\/romania\/wp-json\/wp\/v2\/media?parent=5621"}],"wp:term":[{"taxonomy":"category","embeddable":true,"href":"https:\/\/www.greenpeace.org\/romania\/wp-json\/wp\/v2\/categories?post=5621"},{"taxonomy":"post_tag","embeddable":true,"href":"https:\/\/www.greenpeace.org\/romania\/wp-json\/wp\/v2\/tags?post=5621"},{"taxonomy":"p4-page-type","embeddable":true,"href":"https:\/\/www.greenpeace.org\/romania\/wp-json\/wp\/v2\/p4-page-type?post=5621"}],"curies":[{"name":"wp","href":"https:\/\/api.w.org\/{rel}","templated":true}]}}